{"id":97855623,"global_id":"fundacion-biodiversidad.es\/en\/?id=97855623","global_id_lineage":["fundacion-biodiversidad.es\/en\/?id=97855623"],"author":"11","status":"publish","date":"2025-01-20 13:30:35","date_utc":"2025-01-20 12:30:35","modified":"2025-01-20 13:30:35","modified_utc":"2025-01-20 12:30:35","url":"https:\/\/fundacion-biodiversidad.es\/en\/event\/information-day-on-the-new-erdf-calls\/","rest_url":"https:\/\/fundacion-biodiversidad.es\/en\/wp-json\/tribe\/events\/v1\/events\/97855623","title":"Information day on the new ERDF calls","description":"<p>Holding an online information day to publicise the new calls for aid co-financed by the European Regional Development Fund (ERDF):<\/p>\n<ul>\n<li><a href=\"https:\/\/fundacion-biodiversidad.es\/convocatorias_feder\/convocatoria-de-ayudas-feder-para-el-impulso-de-la-renaturalizacion-de-ciudades\/\">Call for the promotion of the renaturalization of cities.<\/a><\/li>\n<li><a href=\"https:\/\/fundacion-biodiversidad.es\/convocatorias_feder\/convocatoria-de-ayudas-feder-para-el-impulso-de-la-investigacion-en-infraestructura-verde\/\">Call for the promotion of research in green infrastructure.<\/a><\/li>\n<\/ul>\n<p>Participants include the Deputy Director of Biodiversity and Climate Change of the Biodiversity Foundation, Ignacio Torres; the coordinator of the Communication Area, Sergio Fern\u00e1ndez; the coordinator of the Cities Area, Victoria P\u00e9rez; and the coordinator of the Research and Climate Change Area, Cristina Gonz\u00e1lez-Onand\u00eda.<\/p>\n<p>&nbsp;<\/p>\n<p>&nbsp;<\/p>","excerpt":"","slug":"information-day-on-the-new-erdf-calls","image":false,"all_day":false,"start_date":"2025-01-20 11:00:00","start_date_details":{"year":"2025","month":"01","day":"20","hour":"11","minutes":"00","seconds":"00"},"end_date":"2025-01-20 12:30:00","end_date_details":{"year":"2025","month":"01","day":"20","hour":"12","minutes":"30","seconds":"00"},"utc_start_date":"2025-01-20 10:00:00","utc_start_date_details":{"year":"2025","month":"01","day":"20","hour":"10","minutes":"00","seconds":"00"},"utc_end_date":"2025-01-20 11:30:00","utc_end_date_details":{"year":"2025","month":"01","day":"20","hour":"11","minutes":"30","seconds":"00"},"timezone":"Europe\/Madrid","timezone_abbr":"CET","cost":"","cost_details":{"currency_symbol":"","currency_code":"","currency_position":"","values":[]},"website":"https:\/\/fundacion-biodiversidad.es\/en\/event\/information-day-on-the-new-erdf-calls\/","show_map":true,"show_map_link":true,"hide_from_listings":false,"sticky":false,"featured":false,"categories":[{"name":"Eventos propios","slug":"eventos-propios","term_group":0,"term_taxonomy_id":674,"taxonomy":"tribe_events_cat","description":"","parent":0,"count":108,"filter":"raw","term_order":"0","id":674,"urls":{"self":"https:\/\/fundacion-biodiversidad.es\/en\/wp-json\/tribe\/events\/v1\/categories\/674","collection":"https:\/\/fundacion-biodiversidad.es\/en\/wp-json\/tribe\/events\/v1\/categories"}}],"tags":[],"venue":[],"organizer":[],"custom_fields":[],"json_ld":{"@context":"http:\/\/schema.org","@type":"Event","name":"Information day on the new ERDF calls","description":"&lt;p&gt;Holding an online information day to publicise the new calls for aid co-financed by the European Regional Development Fund (ERDF): Call for the promotion of [&hellip;]&lt;\/p&gt;\\n","url":"https:\/\/fundacion-biodiversidad.es\/en\/event\/information-day-on-the-new-erdf-calls\/","eventAttendanceMode":"https:\/\/schema.org\/OfflineEventAttendanceMode","eventStatus":"https:\/\/schema.org\/EventScheduled","startDate":"2025-01-20T11:00:00+01:00","endDate":"2025-01-20T12:30:00+01:00","performer":"Organization"},"is_virtual":false,"virtual_url":null,"virtual_video_source":""}