{"id":49813,"date":"2023-11-30T08:30:39","date_gmt":"2023-11-30T07:30:39","guid":{"rendered":"https:\/\/fundacion-biodiversidad.es\/actualidad_home\/cop28-kicks-off-in-dubai-a-key-summit-that-will-set-the-course-for-climate-action-over-the-next-decade\/"},"modified":"2023-11-30T08:35:21","modified_gmt":"2023-11-30T07:35:21","slug":"cop28-kicks-off-in-dubai-a-key-summit-that-will-set-the-course-for-climate-action-over-the-next-decade","status":"publish","type":"actualidad_home","link":"https:\/\/fundacion-biodiversidad.es\/en\/actualidad_home\/cop28-kicks-off-in-dubai-a-key-summit-that-will-set-the-course-for-climate-action-over-the-next-decade\/","title":{"rendered":"COP28 kicks off in Dubai, a key summit that will set the course for climate action over the next decade"},"content":{"rendered":"<p>The twenty-eighth Conference of the Parties to the United Nations Framework Convention on Climate Change (COP28) has begun in Dubai. From today until December 11, heads of state, ministries and negotiators, along with climate activists, mayors, civil society representatives and executive management, will gather here for the <strong>most important annual meeting on climate action<\/strong>.<\/p>\n<p>The so-called <strong>Climate Summit<\/strong> will build on the outcomes of COP27 with the aim of taking action on key issues to address the climate emergency.<\/p>\n<p>According to the <a href=\"https:\/\/www.un.org\/es\/climatechange\/cop28\">United<\/a> Nations, climate action cannot wait. During COP28, progress since the signing of the Paris Agreement in 2015 will be taken stock of and the effective reduction of global greenhouse gas emissions will be addressed. Strengthening resilience and adaptation to the consequences of the effects of climate change, as well as the fulfillment of climate action financing commitments in developing countries, will be other challenges to be addressed.<\/p>\n<p>The Government of Spain, as was the case in the last edition in Sharm El Sheik (Egypt), has a pavilion in the blue zone of the Climate Summit where it will be held.<strong>  about 50 events<\/strong>  The COP will be attended by the different entities, companies and administrations present at the COP, this year with a markedly international character.<\/p>\n<p>Thus, the Spanish Pavilion is conceived as a meeting place for entities to present their agreements and objectives in terms of climate ambition. This year, as a novelty, 100% of the events can be followed in streaming through the social media channels of the Ministry for Ecological Transition and the Demographic Challenge (MITECO) and the Biodiversity Foundation. All the information to follow them online and the <strong>complete program<\/strong> is available <a href=\"https:\/\/cop28.spainpavilion.es\/\">at this link<\/a>.<\/p>\n<p>In the Spanish Pavilion, the director of the Biodiversity Foundation of the Ministry for Ecological Transition and the Demographic Challenge, Elena Pita, will participate in <strong>three events<\/strong> focused on topics such as climate justice, bioeconomy and agriculture.<\/p>\n<p>Specifically, on Friday, December 8 from 15:00 to 16:00 (local time) participate in the event &#8220;Strengthening partnerships for feminist action for climate justice&#8221;, a space to share advances in <strong>feminist climate justice<\/strong> and lay the groundwork for future collaborations.<\/p>\n<p>The following day, December 9, from 13:30 to 14:30, the event &#8220;Bioeconomy: can inclusion, innovation, and sustainability align?&#8221; will take place, with the aim of understanding the different approaches that each country has on the <strong>bioeconomy<\/strong> and trying to align climate objectives.<\/p>\n<p>On December 10, the last day of activity in the Spanish Pavilion at COP28, between 08:30 and 09:30 hours, Fundaci\u00f3n Biodiversidad will participate in the side event &#8220;Challenges in the implementation of regenerative agriculture practices&#8221;, which will provide an overview of the challenges faced by the expansion of regenerative agriculture.  <strong>regenerative agriculture<\/strong>, as well as possible solutions.<\/p>\n","protected":false},"author":11,"featured_media":49807,"template":"","meta":{"_acf_changed":false},"palabras_clave":[],"class_list":["post-49813","actualidad_home","type-actualidad_home","status-publish","has-post-thumbnail","hentry"],"acf":[],"yoast_head":"<!-- This site is optimized with the Yoast SEO plugin v26.9 - https:\/\/yoast.com\/product\/yoast-seo-wordpress\/ -->\n<title>COP28 kicks off in Dubai, a key summit that will set the course for climate action over the next decade - Fundaci\u00f3n Biodiversidad<\/title>\n<meta name=\"robots\" content=\"index, follow, max-snippet:-1, max-image-preview:large, max-video-preview:-1\" \/>\n<link rel=\"canonical\" href=\"https:\/\/fundacion-biodiversidad.es\/en\/actualidad_home\/cop28-kicks-off-in-dubai-a-key-summit-that-will-set-the-course-for-climate-action-over-the-next-decade\/\" \/>\n<meta property=\"og:locale\" content=\"en_US\" \/>\n<meta property=\"og:type\" content=\"article\" \/>\n<meta property=\"og:title\" content=\"COP28 kicks off in Dubai, a key summit that will set the course for climate action over the next decade - Fundaci\u00f3n Biodiversidad\" \/>\n<meta property=\"og:description\" content=\"The twenty-eighth Conference of the Parties to the United Nations Framework Convention on Climate Change (COP28) has begun in Dubai. From today until December 11, [&hellip;]\" \/>\n<meta property=\"og:url\" content=\"https:\/\/fundacion-biodiversidad.es\/en\/actualidad_home\/cop28-kicks-off-in-dubai-a-key-summit-that-will-set-the-course-for-climate-action-over-the-next-decade\/\" \/>\n<meta property=\"og:site_name\" content=\"Fundaci\u00f3n Biodiversidad\" \/>\n<meta property=\"article:modified_time\" content=\"2023-11-30T07:35:21+00:00\" \/>\n<meta property=\"og:image\" content=\"https:\/\/fundacion-biodiversidad.es\/wp-content\/uploads\/2023\/01\/2487661294_35330241_720x405.png\" \/>\n\t<meta property=\"og:image:width\" content=\"720\" \/>\n\t<meta property=\"og:image:height\" content=\"405\" \/>\n\t<meta property=\"og:image:type\" content=\"image\/png\" \/>\n<meta name=\"twitter:card\" content=\"summary_large_image\" \/>\n<meta name=\"twitter:label1\" content=\"Est. reading time\" \/>\n\t<meta name=\"twitter:data1\" content=\"2 minutes\" \/>\n<script type=\"application\/ld+json\" class=\"yoast-schema-graph\">{\"@context\":\"https:\/\/schema.org\",\"@graph\":[{\"@type\":\"WebPage\",\"@id\":\"https:\/\/fundacion-biodiversidad.es\/en\/actualidad_home\/cop28-kicks-off-in-dubai-a-key-summit-that-will-set-the-course-for-climate-action-over-the-next-decade\/\",\"url\":\"https:\/\/fundacion-biodiversidad.es\/en\/actualidad_home\/cop28-kicks-off-in-dubai-a-key-summit-that-will-set-the-course-for-climate-action-over-the-next-decade\/\",\"name\":\"COP28 kicks off in Dubai, a key summit that will set the course for climate action over the next decade - Fundaci\u00f3n Biodiversidad\",\"isPartOf\":{\"@id\":\"https:\/\/fundacion-biodiversidad.es\/en\/#website\"},\"primaryImageOfPage\":{\"@id\":\"https:\/\/fundacion-biodiversidad.es\/en\/actualidad_home\/cop28-kicks-off-in-dubai-a-key-summit-that-will-set-the-course-for-climate-action-over-the-next-decade\/#primaryimage\"},\"image\":{\"@id\":\"https:\/\/fundacion-biodiversidad.es\/en\/actualidad_home\/cop28-kicks-off-in-dubai-a-key-summit-that-will-set-the-course-for-climate-action-over-the-next-decade\/#primaryimage\"},\"thumbnailUrl\":\"https:\/\/fundacion-biodiversidad.es\/wp-content\/uploads\/2023\/11\/Pabellon-de-Espana-en-la-COP28-de-Dubai.jpg\",\"datePublished\":\"2023-11-30T07:30:39+00:00\",\"dateModified\":\"2023-11-30T07:35:21+00:00\",\"breadcrumb\":{\"@id\":\"https:\/\/fundacion-biodiversidad.es\/en\/actualidad_home\/cop28-kicks-off-in-dubai-a-key-summit-that-will-set-the-course-for-climate-action-over-the-next-decade\/#breadcrumb\"},\"inLanguage\":\"en-US\",\"potentialAction\":[{\"@type\":\"ReadAction\",\"target\":[\"https:\/\/fundacion-biodiversidad.es\/en\/actualidad_home\/cop28-kicks-off-in-dubai-a-key-summit-that-will-set-the-course-for-climate-action-over-the-next-decade\/\"]}]},{\"@type\":\"ImageObject\",\"inLanguage\":\"en-US\",\"@id\":\"https:\/\/fundacion-biodiversidad.es\/en\/actualidad_home\/cop28-kicks-off-in-dubai-a-key-summit-that-will-set-the-course-for-climate-action-over-the-next-decade\/#primaryimage\",\"url\":\"https:\/\/fundacion-biodiversidad.es\/wp-content\/uploads\/2023\/11\/Pabellon-de-Espana-en-la-COP28-de-Dubai.jpg\",\"contentUrl\":\"https:\/\/fundacion-biodiversidad.es\/wp-content\/uploads\/2023\/11\/Pabellon-de-Espana-en-la-COP28-de-Dubai.jpg\",\"width\":1200,\"height\":628},{\"@type\":\"BreadcrumbList\",\"@id\":\"https:\/\/fundacion-biodiversidad.es\/en\/actualidad_home\/cop28-kicks-off-in-dubai-a-key-summit-that-will-set-the-course-for-climate-action-over-the-next-decade\/#breadcrumb\",\"itemListElement\":[{\"@type\":\"ListItem\",\"position\":1,\"name\":\"Portada\",\"item\":\"https:\/\/fundacion-biodiversidad.es\/en\/inicio\/\"},{\"@type\":\"ListItem\",\"position\":2,\"name\":\"Noticias de actualidad\",\"item\":\"https:\/\/fundacion-biodiversidad.es\/en\/actualidad_home\/\"},{\"@type\":\"ListItem\",\"position\":3,\"name\":\"COP28 kicks off in Dubai, a key summit that will set the course for climate action over the next decade\"}]},{\"@type\":\"WebSite\",\"@id\":\"https:\/\/fundacion-biodiversidad.es\/en\/#website\",\"url\":\"https:\/\/fundacion-biodiversidad.es\/en\/\",\"name\":\"Fundaci\u00f3n Biodiversidad\",\"description\":\"Fundaci\u00f3n p\u00fablica adscrita al Ministerio para la Transici\u00f3n Ecol\u00f3gica\",\"potentialAction\":[{\"@type\":\"SearchAction\",\"target\":{\"@type\":\"EntryPoint\",\"urlTemplate\":\"https:\/\/fundacion-biodiversidad.es\/en\/?s={search_term_string}\"},\"query-input\":{\"@type\":\"PropertyValueSpecification\",\"valueRequired\":true,\"valueName\":\"search_term_string\"}}],\"inLanguage\":\"en-US\"}]}<\/script>\n<!-- \/ Yoast SEO plugin. -->","yoast_head_json":{"title":"COP28 kicks off in Dubai, a key summit that will set the course for climate action over the next decade - Fundaci\u00f3n Biodiversidad","robots":{"index":"index","follow":"follow","max-snippet":"max-snippet:-1","max-image-preview":"max-image-preview:large","max-video-preview":"max-video-preview:-1"},"canonical":"https:\/\/fundacion-biodiversidad.es\/en\/actualidad_home\/cop28-kicks-off-in-dubai-a-key-summit-that-will-set-the-course-for-climate-action-over-the-next-decade\/","og_locale":"en_US","og_type":"article","og_title":"COP28 kicks off in Dubai, a key summit that will set the course for climate action over the next decade - Fundaci\u00f3n Biodiversidad","og_description":"The twenty-eighth Conference of the Parties to the United Nations Framework Convention on Climate Change (COP28) has begun in Dubai. From today until December 11, [&hellip;]","og_url":"https:\/\/fundacion-biodiversidad.es\/en\/actualidad_home\/cop28-kicks-off-in-dubai-a-key-summit-that-will-set-the-course-for-climate-action-over-the-next-decade\/","og_site_name":"Fundaci\u00f3n Biodiversidad","article_modified_time":"2023-11-30T07:35:21+00:00","og_image":[{"width":720,"height":405,"url":"https:\/\/fundacion-biodiversidad.es\/wp-content\/uploads\/2023\/01\/2487661294_35330241_720x405.png","type":"image\/png"}],"twitter_card":"summary_large_image","twitter_misc":{"Est. reading time":"2 minutes"},"schema":{"@context":"https:\/\/schema.org","@graph":[{"@type":"WebPage","@id":"https:\/\/fundacion-biodiversidad.es\/en\/actualidad_home\/cop28-kicks-off-in-dubai-a-key-summit-that-will-set-the-course-for-climate-action-over-the-next-decade\/","url":"https:\/\/fundacion-biodiversidad.es\/en\/actualidad_home\/cop28-kicks-off-in-dubai-a-key-summit-that-will-set-the-course-for-climate-action-over-the-next-decade\/","name":"COP28 kicks off in Dubai, a key summit that will set the course for climate action over the next decade - Fundaci\u00f3n Biodiversidad","isPartOf":{"@id":"https:\/\/fundacion-biodiversidad.es\/en\/#website"},"primaryImageOfPage":{"@id":"https:\/\/fundacion-biodiversidad.es\/en\/actualidad_home\/cop28-kicks-off-in-dubai-a-key-summit-that-will-set-the-course-for-climate-action-over-the-next-decade\/#primaryimage"},"image":{"@id":"https:\/\/fundacion-biodiversidad.es\/en\/actualidad_home\/cop28-kicks-off-in-dubai-a-key-summit-that-will-set-the-course-for-climate-action-over-the-next-decade\/#primaryimage"},"thumbnailUrl":"https:\/\/fundacion-biodiversidad.es\/wp-content\/uploads\/2023\/11\/Pabellon-de-Espana-en-la-COP28-de-Dubai.jpg","datePublished":"2023-11-30T07:30:39+00:00","dateModified":"2023-11-30T07:35:21+00:00","breadcrumb":{"@id":"https:\/\/fundacion-biodiversidad.es\/en\/actualidad_home\/cop28-kicks-off-in-dubai-a-key-summit-that-will-set-the-course-for-climate-action-over-the-next-decade\/#breadcrumb"},"inLanguage":"en-US","potentialAction":[{"@type":"ReadAction","target":["https:\/\/fundacion-biodiversidad.es\/en\/actualidad_home\/cop28-kicks-off-in-dubai-a-key-summit-that-will-set-the-course-for-climate-action-over-the-next-decade\/"]}]},{"@type":"ImageObject","inLanguage":"en-US","@id":"https:\/\/fundacion-biodiversidad.es\/en\/actualidad_home\/cop28-kicks-off-in-dubai-a-key-summit-that-will-set-the-course-for-climate-action-over-the-next-decade\/#primaryimage","url":"https:\/\/fundacion-biodiversidad.es\/wp-content\/uploads\/2023\/11\/Pabellon-de-Espana-en-la-COP28-de-Dubai.jpg","contentUrl":"https:\/\/fundacion-biodiversidad.es\/wp-content\/uploads\/2023\/11\/Pabellon-de-Espana-en-la-COP28-de-Dubai.jpg","width":1200,"height":628},{"@type":"BreadcrumbList","@id":"https:\/\/fundacion-biodiversidad.es\/en\/actualidad_home\/cop28-kicks-off-in-dubai-a-key-summit-that-will-set-the-course-for-climate-action-over-the-next-decade\/#breadcrumb","itemListElement":[{"@type":"ListItem","position":1,"name":"Portada","item":"https:\/\/fundacion-biodiversidad.es\/en\/inicio\/"},{"@type":"ListItem","position":2,"name":"Noticias de actualidad","item":"https:\/\/fundacion-biodiversidad.es\/en\/actualidad_home\/"},{"@type":"ListItem","position":3,"name":"COP28 kicks off in Dubai, a key summit that will set the course for climate action over the next decade"}]},{"@type":"WebSite","@id":"https:\/\/fundacion-biodiversidad.es\/en\/#website","url":"https:\/\/fundacion-biodiversidad.es\/en\/","name":"Fundaci\u00f3n Biodiversidad","description":"Fundaci\u00f3n p\u00fablica adscrita al Ministerio para la Transici\u00f3n Ecol\u00f3gica","potentialAction":[{"@type":"SearchAction","target":{"@type":"EntryPoint","urlTemplate":"https:\/\/fundacion-biodiversidad.es\/en\/?s={search_term_string}"},"query-input":{"@type":"PropertyValueSpecification","valueRequired":true,"valueName":"search_term_string"}}],"inLanguage":"en-US"}]}},"_links":{"self":[{"href":"https:\/\/fundacion-biodiversidad.es\/en\/wp-json\/wp\/v2\/actualidad_home\/49813","targetHints":{"allow":["GET"]}}],"collection":[{"href":"https:\/\/fundacion-biodiversidad.es\/en\/wp-json\/wp\/v2\/actualidad_home"}],"about":[{"href":"https:\/\/fundacion-biodiversidad.es\/en\/wp-json\/wp\/v2\/types\/actualidad_home"}],"author":[{"embeddable":true,"href":"https:\/\/fundacion-biodiversidad.es\/en\/wp-json\/wp\/v2\/users\/11"}],"wp:featuredmedia":[{"embeddable":true,"href":"https:\/\/fundacion-biodiversidad.es\/en\/wp-json\/wp\/v2\/media\/49807"}],"wp:attachment":[{"href":"https:\/\/fundacion-biodiversidad.es\/en\/wp-json\/wp\/v2\/media?parent=49813"}],"wp:term":[{"taxonomy":"palabras_clave","embeddable":true,"href":"https:\/\/fundacion-biodiversidad.es\/en\/wp-json\/wp\/v2\/palabras_clave?post=49813"}],"curies":[{"name":"wp","href":"https:\/\/api.w.org\/{rel}","templated":true}]}}