{"id":97852752,"date":"2024-04-24T12:04:25","date_gmt":"2024-04-24T10:04:25","guid":{"rendered":"https:\/\/fundacion-biodiversidad.es\/actualidad_home\/the-pleamar-program-traveling-exhibition-arrives-at-the-university-of-cadiz\/"},"modified":"2024-04-24T12:04:25","modified_gmt":"2024-04-24T10:04:25","slug":"the-pleamar-program-traveling-exhibition-arrives-at-the-university-of-cadiz","status":"publish","type":"actualidad_home","link":"https:\/\/fundacion-biodiversidad.es\/en\/actualidad_home\/the-pleamar-program-traveling-exhibition-arrives-at-the-university-of-cadiz\/","title":{"rendered":"The Pleamar Program traveling exhibition arrives at the University of Cadiz"},"content":{"rendered":"<p>The Biodiversity Foundation of the Ministry for Ecological Transition and the Demographic Challenge has inaugurated in C\u00e1diz the  <strong>Pleamar Program exhibition<\/strong>Seven years of projects to promote the sustainability of fisheries and aquaculture&#8221;, which can be visited at the Andalusian Center for Advanced Marine Studies (CASEM) of the University of Cadiz until May 2.<\/p>\n<p>After passing through Burela and Vigo, this is the third stop of this itinerant photographic tour, which includes the  <strong>main results and progress achieved in the preservation and improvement of marine biodiversity<\/strong>  and the promotion of sustainability in fisheries and aquaculture during the 2014-2020 period of the Pleamar Program. The exhibition has 14 information panels and twenty photographs that highlight the fundamental role of the fishing and aquaculture sector in the blue economy of our country. In this first stage of the program, and thanks to five calls for proposals, 135 projects have been developed by 70 entities.<\/p>\n<p><strong>Training, key to the ecological transition<\/strong><\/p>\n<p>The exhibition was inaugurated in the framework of a meeting with representatives of public and private entities interested in learning about the new call for subsidies of the Empleaverde+ Program. This new call, focused on initiatives that promote training to boost the ecological transition and co-financed by the European Social Fund Plus (ESF+), has a budget of up to 30 million euros and the deadline for submitting applications will be open until June 2.<\/p>\n","protected":false},"author":11,"featured_media":97852570,"template":"","meta":{"_acf_changed":false},"palabras_clave":[],"class_list":["post-97852752","actualidad_home","type-actualidad_home","status-publish","has-post-thumbnail","hentry"],"acf":[],"yoast_head":"<!-- This site is optimized with the Yoast SEO plugin v26.9 - https:\/\/yoast.com\/product\/yoast-seo-wordpress\/ -->\n<title>The Pleamar Program traveling exhibition arrives at the University of Cadiz - Fundaci\u00f3n Biodiversidad<\/title>\n<meta name=\"robots\" content=\"index, follow, max-snippet:-1, max-image-preview:large, max-video-preview:-1\" \/>\n<link rel=\"canonical\" href=\"https:\/\/fundacion-biodiversidad.es\/en\/actualidad_home\/the-pleamar-program-traveling-exhibition-arrives-at-the-university-of-cadiz\/\" \/>\n<meta property=\"og:locale\" content=\"en_US\" \/>\n<meta property=\"og:type\" content=\"article\" \/>\n<meta property=\"og:title\" content=\"The Pleamar Program traveling exhibition arrives at the University of Cadiz - Fundaci\u00f3n Biodiversidad\" \/>\n<meta property=\"og:description\" content=\"The Biodiversity Foundation of the Ministry for Ecological Transition and the Demographic Challenge has inaugurated in C\u00e1diz the Pleamar Program exhibitionSeven years of projects to [&hellip;]\" \/>\n<meta property=\"og:url\" content=\"https:\/\/fundacion-biodiversidad.es\/en\/actualidad_home\/the-pleamar-program-traveling-exhibition-arrives-at-the-university-of-cadiz\/\" \/>\n<meta property=\"og:site_name\" content=\"Fundaci\u00f3n Biodiversidad\" \/>\n<meta property=\"og:image\" content=\"https:\/\/fundacion-biodiversidad.es\/wp-content\/uploads\/2024\/04\/Image-5-e1713953012736-1024x536.jpeg\" \/>\n<meta name=\"twitter:card\" content=\"summary_large_image\" \/>\n<meta name=\"twitter:label1\" content=\"Est. reading time\" \/>\n\t<meta name=\"twitter:data1\" content=\"1 minute\" \/>\n<script type=\"application\/ld+json\" class=\"yoast-schema-graph\">{\"@context\":\"https:\/\/schema.org\",\"@graph\":[{\"@type\":\"WebPage\",\"@id\":\"https:\/\/fundacion-biodiversidad.es\/en\/actualidad_home\/the-pleamar-program-traveling-exhibition-arrives-at-the-university-of-cadiz\/\",\"url\":\"https:\/\/fundacion-biodiversidad.es\/en\/actualidad_home\/the-pleamar-program-traveling-exhibition-arrives-at-the-university-of-cadiz\/\",\"name\":\"The Pleamar Program traveling exhibition arrives at the University of Cadiz - Fundaci\u00f3n Biodiversidad\",\"isPartOf\":{\"@id\":\"https:\/\/fundacion-biodiversidad.es\/en\/#website\"},\"primaryImageOfPage\":{\"@id\":\"https:\/\/fundacion-biodiversidad.es\/en\/actualidad_home\/the-pleamar-program-traveling-exhibition-arrives-at-the-university-of-cadiz\/#primaryimage\"},\"image\":{\"@id\":\"https:\/\/fundacion-biodiversidad.es\/en\/actualidad_home\/the-pleamar-program-traveling-exhibition-arrives-at-the-university-of-cadiz\/#primaryimage\"},\"thumbnailUrl\":\"https:\/\/fundacion-biodiversidad.es\/wp-content\/uploads\/2024\/04\/Image-5-e1713953012736.jpeg\",\"datePublished\":\"2024-04-24T10:04:25+00:00\",\"breadcrumb\":{\"@id\":\"https:\/\/fundacion-biodiversidad.es\/en\/actualidad_home\/the-pleamar-program-traveling-exhibition-arrives-at-the-university-of-cadiz\/#breadcrumb\"},\"inLanguage\":\"en-US\",\"potentialAction\":[{\"@type\":\"ReadAction\",\"target\":[\"https:\/\/fundacion-biodiversidad.es\/en\/actualidad_home\/the-pleamar-program-traveling-exhibition-arrives-at-the-university-of-cadiz\/\"]}]},{\"@type\":\"ImageObject\",\"inLanguage\":\"en-US\",\"@id\":\"https:\/\/fundacion-biodiversidad.es\/en\/actualidad_home\/the-pleamar-program-traveling-exhibition-arrives-at-the-university-of-cadiz\/#primaryimage\",\"url\":\"https:\/\/fundacion-biodiversidad.es\/wp-content\/uploads\/2024\/04\/Image-5-e1713953012736.jpeg\",\"contentUrl\":\"https:\/\/fundacion-biodiversidad.es\/wp-content\/uploads\/2024\/04\/Image-5-e1713953012736.jpeg\",\"width\":3264,\"height\":2448},{\"@type\":\"BreadcrumbList\",\"@id\":\"https:\/\/fundacion-biodiversidad.es\/en\/actualidad_home\/the-pleamar-program-traveling-exhibition-arrives-at-the-university-of-cadiz\/#breadcrumb\",\"itemListElement\":[{\"@type\":\"ListItem\",\"position\":1,\"name\":\"Portada\",\"item\":\"https:\/\/fundacion-biodiversidad.es\/en\/inicio\/\"},{\"@type\":\"ListItem\",\"position\":2,\"name\":\"Noticias de actualidad\",\"item\":\"https:\/\/fundacion-biodiversidad.es\/en\/actualidad_home\/\"},{\"@type\":\"ListItem\",\"position\":3,\"name\":\"The Pleamar Program traveling exhibition arrives at the University of Cadiz\"}]},{\"@type\":\"WebSite\",\"@id\":\"https:\/\/fundacion-biodiversidad.es\/en\/#website\",\"url\":\"https:\/\/fundacion-biodiversidad.es\/en\/\",\"name\":\"Fundaci\u00f3n Biodiversidad\",\"description\":\"Fundaci\u00f3n p\u00fablica adscrita al Ministerio para la Transici\u00f3n Ecol\u00f3gica\",\"potentialAction\":[{\"@type\":\"SearchAction\",\"target\":{\"@type\":\"EntryPoint\",\"urlTemplate\":\"https:\/\/fundacion-biodiversidad.es\/en\/?s={search_term_string}\"},\"query-input\":{\"@type\":\"PropertyValueSpecification\",\"valueRequired\":true,\"valueName\":\"search_term_string\"}}],\"inLanguage\":\"en-US\"}]}<\/script>\n<!-- \/ Yoast SEO plugin. -->","yoast_head_json":{"title":"The Pleamar Program traveling exhibition arrives at the University of Cadiz - Fundaci\u00f3n Biodiversidad","robots":{"index":"index","follow":"follow","max-snippet":"max-snippet:-1","max-image-preview":"max-image-preview:large","max-video-preview":"max-video-preview:-1"},"canonical":"https:\/\/fundacion-biodiversidad.es\/en\/actualidad_home\/the-pleamar-program-traveling-exhibition-arrives-at-the-university-of-cadiz\/","og_locale":"en_US","og_type":"article","og_title":"The Pleamar Program traveling exhibition arrives at the University of Cadiz - Fundaci\u00f3n Biodiversidad","og_description":"The Biodiversity Foundation of the Ministry for Ecological Transition and the Demographic Challenge has inaugurated in C\u00e1diz the Pleamar Program exhibitionSeven years of projects to [&hellip;]","og_url":"https:\/\/fundacion-biodiversidad.es\/en\/actualidad_home\/the-pleamar-program-traveling-exhibition-arrives-at-the-university-of-cadiz\/","og_site_name":"Fundaci\u00f3n Biodiversidad","og_image":[{"url":"https:\/\/fundacion-biodiversidad.es\/wp-content\/uploads\/2024\/04\/Image-5-e1713953012736-1024x536.jpeg","type":"","width":"","height":""}],"twitter_card":"summary_large_image","twitter_misc":{"Est. reading time":"1 minute"},"schema":{"@context":"https:\/\/schema.org","@graph":[{"@type":"WebPage","@id":"https:\/\/fundacion-biodiversidad.es\/en\/actualidad_home\/the-pleamar-program-traveling-exhibition-arrives-at-the-university-of-cadiz\/","url":"https:\/\/fundacion-biodiversidad.es\/en\/actualidad_home\/the-pleamar-program-traveling-exhibition-arrives-at-the-university-of-cadiz\/","name":"The Pleamar Program traveling exhibition arrives at the University of Cadiz - Fundaci\u00f3n Biodiversidad","isPartOf":{"@id":"https:\/\/fundacion-biodiversidad.es\/en\/#website"},"primaryImageOfPage":{"@id":"https:\/\/fundacion-biodiversidad.es\/en\/actualidad_home\/the-pleamar-program-traveling-exhibition-arrives-at-the-university-of-cadiz\/#primaryimage"},"image":{"@id":"https:\/\/fundacion-biodiversidad.es\/en\/actualidad_home\/the-pleamar-program-traveling-exhibition-arrives-at-the-university-of-cadiz\/#primaryimage"},"thumbnailUrl":"https:\/\/fundacion-biodiversidad.es\/wp-content\/uploads\/2024\/04\/Image-5-e1713953012736.jpeg","datePublished":"2024-04-24T10:04:25+00:00","breadcrumb":{"@id":"https:\/\/fundacion-biodiversidad.es\/en\/actualidad_home\/the-pleamar-program-traveling-exhibition-arrives-at-the-university-of-cadiz\/#breadcrumb"},"inLanguage":"en-US","potentialAction":[{"@type":"ReadAction","target":["https:\/\/fundacion-biodiversidad.es\/en\/actualidad_home\/the-pleamar-program-traveling-exhibition-arrives-at-the-university-of-cadiz\/"]}]},{"@type":"ImageObject","inLanguage":"en-US","@id":"https:\/\/fundacion-biodiversidad.es\/en\/actualidad_home\/the-pleamar-program-traveling-exhibition-arrives-at-the-university-of-cadiz\/#primaryimage","url":"https:\/\/fundacion-biodiversidad.es\/wp-content\/uploads\/2024\/04\/Image-5-e1713953012736.jpeg","contentUrl":"https:\/\/fundacion-biodiversidad.es\/wp-content\/uploads\/2024\/04\/Image-5-e1713953012736.jpeg","width":3264,"height":2448},{"@type":"BreadcrumbList","@id":"https:\/\/fundacion-biodiversidad.es\/en\/actualidad_home\/the-pleamar-program-traveling-exhibition-arrives-at-the-university-of-cadiz\/#breadcrumb","itemListElement":[{"@type":"ListItem","position":1,"name":"Portada","item":"https:\/\/fundacion-biodiversidad.es\/en\/inicio\/"},{"@type":"ListItem","position":2,"name":"Noticias de actualidad","item":"https:\/\/fundacion-biodiversidad.es\/en\/actualidad_home\/"},{"@type":"ListItem","position":3,"name":"The Pleamar Program traveling exhibition arrives at the University of Cadiz"}]},{"@type":"WebSite","@id":"https:\/\/fundacion-biodiversidad.es\/en\/#website","url":"https:\/\/fundacion-biodiversidad.es\/en\/","name":"Fundaci\u00f3n Biodiversidad","description":"Fundaci\u00f3n p\u00fablica adscrita al Ministerio para la Transici\u00f3n Ecol\u00f3gica","potentialAction":[{"@type":"SearchAction","target":{"@type":"EntryPoint","urlTemplate":"https:\/\/fundacion-biodiversidad.es\/en\/?s={search_term_string}"},"query-input":{"@type":"PropertyValueSpecification","valueRequired":true,"valueName":"search_term_string"}}],"inLanguage":"en-US"}]}},"_links":{"self":[{"href":"https:\/\/fundacion-biodiversidad.es\/en\/wp-json\/wp\/v2\/actualidad_home\/97852752","targetHints":{"allow":["GET"]}}],"collection":[{"href":"https:\/\/fundacion-biodiversidad.es\/en\/wp-json\/wp\/v2\/actualidad_home"}],"about":[{"href":"https:\/\/fundacion-biodiversidad.es\/en\/wp-json\/wp\/v2\/types\/actualidad_home"}],"author":[{"embeddable":true,"href":"https:\/\/fundacion-biodiversidad.es\/en\/wp-json\/wp\/v2\/users\/11"}],"wp:featuredmedia":[{"embeddable":true,"href":"https:\/\/fundacion-biodiversidad.es\/en\/wp-json\/wp\/v2\/media\/97852570"}],"wp:attachment":[{"href":"https:\/\/fundacion-biodiversidad.es\/en\/wp-json\/wp\/v2\/media?parent=97852752"}],"wp:term":[{"taxonomy":"palabras_clave","embeddable":true,"href":"https:\/\/fundacion-biodiversidad.es\/en\/wp-json\/wp\/v2\/palabras_clave?post=97852752"}],"curies":[{"name":"wp","href":"https:\/\/api.w.org\/{rel}","templated":true}]}}