{"id":97852762,"date":"2024-05-11T09:00:50","date_gmt":"2024-05-11T07:00:50","guid":{"rendered":"https:\/\/fundacion-biodiversidad.es\/actualidad_home\/reversing-insect-decline-key-to-migratory-bird-conservation\/"},"modified":"2024-05-11T09:00:50","modified_gmt":"2024-05-11T07:00:50","slug":"reversing-insect-decline-key-to-migratory-bird-conservation","status":"publish","type":"actualidad_home","link":"https:\/\/fundacion-biodiversidad.es\/en\/actualidad_home\/reversing-insect-decline-key-to-migratory-bird-conservation\/","title":{"rendered":"Reversing insect decline key to migratory bird conservation"},"content":{"rendered":"<p>May 11 is World Migratory Bird Day <a href=\"https:\/\/www.worldmigratorybirdday.org\/\"><br \/>\n  <strong>World Migratory Bird Day<\/strong><br \/>\n<\/a>Since its proclamation by the UN in 2006, it has been celebrated on the second Saturday of May and also on the second Saturday of October. In this way, reference is made to the different migratory cycles of birds with the change of seasons. This date, which is the result of the union of two international treaties, the<strong>  Convention on the Conservation of Migratory Species of Wild Animals<\/strong>  (<a href=\"https:\/\/www.cms.int\/es\/legalinstrument\/cms\"><strong>CMS<\/strong><\/a>) and the  <strong>African-Eurasian Migratory Waterbird Agreement<\/strong>  (<a href=\"https:\/\/www.unep-aewa.org\/\"><strong>AEWA<\/strong><\/a>), aims to raise awareness about migratory birds and the need for cooperation on a global scale to conserve these species and their habitats.<\/p>\n<p>This year, under the slogan &#8220;<a href=\"https:\/\/www.worldmigratorybirdday.org\/news\/2024\/press-release-world-migratory-bird-day-2024-highlights-importance-insects\"><br \/>\n  <strong>Protect insects, protect birds<\/strong><br \/>\n<\/a>&#8220;, reflects on the importance of insect populations for migratory birds and their worrying decline.<\/p>\n<p>Insects are an <strong>essential source of energy for many migratory bird species<\/strong> during breeding seasons, for feeding their young and also during their long journeys. So much so that their presence and abundance greatly affect the timing, duration and overall success of bird migrations.<\/p>\n<p>Since they are present in almost all ecosystems of the world, throughout their migratory journeys, birds feed on insects in wetlands, forests, fields and other habitats where they stop. The timing of bird migration often coincides with peak insect abundance at stopover sites, <strong>providing<\/strong> them <strong>with food to replenish energy<\/strong> before continuing their journey.<\/p>\n<p>Despite their importance, <strong>insect populations are declining<\/strong> in recent years, which also threatens the survival and well-being of the species that depend on them. The transformation of natural areas, intensive agriculture, urban development or pesticides and herbicides are some of the causes behind the decline of insects.<\/p>\n<p>Shortages of energy- and protein-rich insects disrupt the <strong>ecosystem functions that birds perform<\/strong>, such as pollination and pest control. Overpopulation of certain insects, without birds as natural predators, can cause damage to plant and crop health.<\/p>\n<p>In our country, the swift, the swallow and the common house martin are the insectivorous birds with the greatest presence in cities. But between 1998 and 2019, the decline of around 30% has been certified in the case of the three species, caused, among other causes, by the use of pesticides, which are killing their food source, according to information from <a href=\"https:\/\/www.ecologistasenaccion.org\/34366\/presentan-la-campana-las-tres-mosquiteras\/\">Ecologists in Action<\/a>.<\/p>\n<p>The  <strong>Biodiversity Foundation<\/strong>  of the Ministry for Ecological Transition and the Demographic Challenge has contributed, since its inception, to the  <strong>protection<\/strong>  and to the  <strong>improvement of the state of conservation<\/strong>  of avifauna in general and migratory birds in particular, supporting projects that, directly or indirectly, are in line with this purpose.<\/p>\n<p>Thus, we have promoted initiatives for the development of conservation actions for endangered species, such as the bittern <em>(Botaurus stellaris<\/em>) or the brown teal<em>(Marmaronetta angustirrostris<\/em>), for which we also promote different actions with the aim of reversing their situation through the <a href=\"https:\/\/www.cerceta-pardilla.es\/\">LIFE Cerceta Pardilla (Brown Teal<\/a>). It has also contributed to the conservation and restoration of <strong>key natural habitats for migratory birds<\/strong> and other wildlife species, and has boosted the generation of <strong>scientific knowledge<\/strong> on terrestrial, marine and coastal biodiversity. In addition, actions to improve the management of Special Protection Areas for Birds (SPAs) have been promoted and the sustainable management of livestock, agriculture, fishing, hunting and forestry uses in Natura 2000 Network areas has been encouraged and promoted.<\/p>\n<p>Within the framework of the Recovery, Transformation and Resilience Plan (PRTR), financed by the European Union &#8211; NextGenerationEU, several projects are being supported to <strong>improve the situation in areas where migratory birds regularly pass through or are present<\/strong>.<\/p>\n","protected":false},"author":11,"featured_media":97852761,"template":"","meta":{"_acf_changed":false},"palabras_clave":[],"class_list":["post-97852762","actualidad_home","type-actualidad_home","status-publish","has-post-thumbnail","hentry"],"acf":[],"yoast_head":"<!-- This site is optimized with the Yoast SEO plugin v26.9 - https:\/\/yoast.com\/product\/yoast-seo-wordpress\/ -->\n<title>Reversing insect decline key to migratory bird conservation - Fundaci\u00f3n Biodiversidad<\/title>\n<meta name=\"robots\" content=\"index, follow, max-snippet:-1, max-image-preview:large, max-video-preview:-1\" \/>\n<link rel=\"canonical\" href=\"https:\/\/fundacion-biodiversidad.es\/en\/actualidad_home\/reversing-insect-decline-key-to-migratory-bird-conservation\/\" \/>\n<meta property=\"og:locale\" content=\"en_US\" \/>\n<meta property=\"og:type\" content=\"article\" \/>\n<meta property=\"og:title\" content=\"Reversing insect decline key to migratory bird conservation - Fundaci\u00f3n Biodiversidad\" \/>\n<meta property=\"og:description\" content=\"May 11 is World Migratory Bird Day World Migratory Bird Day Since its proclamation by the UN in 2006, it has been celebrated on the [&hellip;]\" \/>\n<meta property=\"og:url\" content=\"https:\/\/fundacion-biodiversidad.es\/en\/actualidad_home\/reversing-insect-decline-key-to-migratory-bird-conservation\/\" \/>\n<meta property=\"og:site_name\" content=\"Fundaci\u00f3n Biodiversidad\" \/>\n<meta property=\"og:image\" content=\"https:\/\/fundacion-biodiversidad.es\/wp-content\/uploads\/2024\/05\/Abejaruco-con-abeja-en-el-pico-scaled-e1715341389569-1024x536.jpeg\" \/>\n<meta name=\"twitter:card\" content=\"summary_large_image\" \/>\n<meta name=\"twitter:label1\" content=\"Est. reading time\" \/>\n\t<meta name=\"twitter:data1\" content=\"3 minutes\" \/>\n<script type=\"application\/ld+json\" class=\"yoast-schema-graph\">{\"@context\":\"https:\/\/schema.org\",\"@graph\":[{\"@type\":\"WebPage\",\"@id\":\"https:\/\/fundacion-biodiversidad.es\/en\/actualidad_home\/reversing-insect-decline-key-to-migratory-bird-conservation\/\",\"url\":\"https:\/\/fundacion-biodiversidad.es\/en\/actualidad_home\/reversing-insect-decline-key-to-migratory-bird-conservation\/\",\"name\":\"Reversing insect decline key to migratory bird conservation - Fundaci\u00f3n Biodiversidad\",\"isPartOf\":{\"@id\":\"https:\/\/fundacion-biodiversidad.es\/en\/#website\"},\"primaryImageOfPage\":{\"@id\":\"https:\/\/fundacion-biodiversidad.es\/en\/actualidad_home\/reversing-insect-decline-key-to-migratory-bird-conservation\/#primaryimage\"},\"image\":{\"@id\":\"https:\/\/fundacion-biodiversidad.es\/en\/actualidad_home\/reversing-insect-decline-key-to-migratory-bird-conservation\/#primaryimage\"},\"thumbnailUrl\":\"https:\/\/fundacion-biodiversidad.es\/wp-content\/uploads\/2024\/05\/Abejaruco-con-abeja-en-el-pico-scaled-e1715341389569.jpeg\",\"datePublished\":\"2024-05-11T07:00:50+00:00\",\"breadcrumb\":{\"@id\":\"https:\/\/fundacion-biodiversidad.es\/en\/actualidad_home\/reversing-insect-decline-key-to-migratory-bird-conservation\/#breadcrumb\"},\"inLanguage\":\"en-US\",\"potentialAction\":[{\"@type\":\"ReadAction\",\"target\":[\"https:\/\/fundacion-biodiversidad.es\/en\/actualidad_home\/reversing-insect-decline-key-to-migratory-bird-conservation\/\"]}]},{\"@type\":\"ImageObject\",\"inLanguage\":\"en-US\",\"@id\":\"https:\/\/fundacion-biodiversidad.es\/en\/actualidad_home\/reversing-insect-decline-key-to-migratory-bird-conservation\/#primaryimage\",\"url\":\"https:\/\/fundacion-biodiversidad.es\/wp-content\/uploads\/2024\/05\/Abejaruco-con-abeja-en-el-pico-scaled-e1715341389569.jpeg\",\"contentUrl\":\"https:\/\/fundacion-biodiversidad.es\/wp-content\/uploads\/2024\/05\/Abejaruco-con-abeja-en-el-pico-scaled-e1715341389569.jpeg\",\"width\":4096,\"height\":2730},{\"@type\":\"BreadcrumbList\",\"@id\":\"https:\/\/fundacion-biodiversidad.es\/en\/actualidad_home\/reversing-insect-decline-key-to-migratory-bird-conservation\/#breadcrumb\",\"itemListElement\":[{\"@type\":\"ListItem\",\"position\":1,\"name\":\"Portada\",\"item\":\"https:\/\/fundacion-biodiversidad.es\/en\/inicio\/\"},{\"@type\":\"ListItem\",\"position\":2,\"name\":\"Noticias de actualidad\",\"item\":\"https:\/\/fundacion-biodiversidad.es\/en\/actualidad_home\/\"},{\"@type\":\"ListItem\",\"position\":3,\"name\":\"Reversing insect decline key to migratory bird conservation\"}]},{\"@type\":\"WebSite\",\"@id\":\"https:\/\/fundacion-biodiversidad.es\/en\/#website\",\"url\":\"https:\/\/fundacion-biodiversidad.es\/en\/\",\"name\":\"Fundaci\u00f3n Biodiversidad\",\"description\":\"Fundaci\u00f3n p\u00fablica adscrita al Ministerio para la Transici\u00f3n Ecol\u00f3gica\",\"potentialAction\":[{\"@type\":\"SearchAction\",\"target\":{\"@type\":\"EntryPoint\",\"urlTemplate\":\"https:\/\/fundacion-biodiversidad.es\/en\/?s={search_term_string}\"},\"query-input\":{\"@type\":\"PropertyValueSpecification\",\"valueRequired\":true,\"valueName\":\"search_term_string\"}}],\"inLanguage\":\"en-US\"}]}<\/script>\n<!-- \/ Yoast SEO plugin. -->","yoast_head_json":{"title":"Reversing insect decline key to migratory bird conservation - Fundaci\u00f3n Biodiversidad","robots":{"index":"index","follow":"follow","max-snippet":"max-snippet:-1","max-image-preview":"max-image-preview:large","max-video-preview":"max-video-preview:-1"},"canonical":"https:\/\/fundacion-biodiversidad.es\/en\/actualidad_home\/reversing-insect-decline-key-to-migratory-bird-conservation\/","og_locale":"en_US","og_type":"article","og_title":"Reversing insect decline key to migratory bird conservation - Fundaci\u00f3n Biodiversidad","og_description":"May 11 is World Migratory Bird Day World Migratory Bird Day Since its proclamation by the UN in 2006, it has been celebrated on the [&hellip;]","og_url":"https:\/\/fundacion-biodiversidad.es\/en\/actualidad_home\/reversing-insect-decline-key-to-migratory-bird-conservation\/","og_site_name":"Fundaci\u00f3n Biodiversidad","og_image":[{"url":"https:\/\/fundacion-biodiversidad.es\/wp-content\/uploads\/2024\/05\/Abejaruco-con-abeja-en-el-pico-scaled-e1715341389569-1024x536.jpeg","type":"","width":"","height":""}],"twitter_card":"summary_large_image","twitter_misc":{"Est. reading time":"3 minutes"},"schema":{"@context":"https:\/\/schema.org","@graph":[{"@type":"WebPage","@id":"https:\/\/fundacion-biodiversidad.es\/en\/actualidad_home\/reversing-insect-decline-key-to-migratory-bird-conservation\/","url":"https:\/\/fundacion-biodiversidad.es\/en\/actualidad_home\/reversing-insect-decline-key-to-migratory-bird-conservation\/","name":"Reversing insect decline key to migratory bird conservation - Fundaci\u00f3n Biodiversidad","isPartOf":{"@id":"https:\/\/fundacion-biodiversidad.es\/en\/#website"},"primaryImageOfPage":{"@id":"https:\/\/fundacion-biodiversidad.es\/en\/actualidad_home\/reversing-insect-decline-key-to-migratory-bird-conservation\/#primaryimage"},"image":{"@id":"https:\/\/fundacion-biodiversidad.es\/en\/actualidad_home\/reversing-insect-decline-key-to-migratory-bird-conservation\/#primaryimage"},"thumbnailUrl":"https:\/\/fundacion-biodiversidad.es\/wp-content\/uploads\/2024\/05\/Abejaruco-con-abeja-en-el-pico-scaled-e1715341389569.jpeg","datePublished":"2024-05-11T07:00:50+00:00","breadcrumb":{"@id":"https:\/\/fundacion-biodiversidad.es\/en\/actualidad_home\/reversing-insect-decline-key-to-migratory-bird-conservation\/#breadcrumb"},"inLanguage":"en-US","potentialAction":[{"@type":"ReadAction","target":["https:\/\/fundacion-biodiversidad.es\/en\/actualidad_home\/reversing-insect-decline-key-to-migratory-bird-conservation\/"]}]},{"@type":"ImageObject","inLanguage":"en-US","@id":"https:\/\/fundacion-biodiversidad.es\/en\/actualidad_home\/reversing-insect-decline-key-to-migratory-bird-conservation\/#primaryimage","url":"https:\/\/fundacion-biodiversidad.es\/wp-content\/uploads\/2024\/05\/Abejaruco-con-abeja-en-el-pico-scaled-e1715341389569.jpeg","contentUrl":"https:\/\/fundacion-biodiversidad.es\/wp-content\/uploads\/2024\/05\/Abejaruco-con-abeja-en-el-pico-scaled-e1715341389569.jpeg","width":4096,"height":2730},{"@type":"BreadcrumbList","@id":"https:\/\/fundacion-biodiversidad.es\/en\/actualidad_home\/reversing-insect-decline-key-to-migratory-bird-conservation\/#breadcrumb","itemListElement":[{"@type":"ListItem","position":1,"name":"Portada","item":"https:\/\/fundacion-biodiversidad.es\/en\/inicio\/"},{"@type":"ListItem","position":2,"name":"Noticias de actualidad","item":"https:\/\/fundacion-biodiversidad.es\/en\/actualidad_home\/"},{"@type":"ListItem","position":3,"name":"Reversing insect decline key to migratory bird conservation"}]},{"@type":"WebSite","@id":"https:\/\/fundacion-biodiversidad.es\/en\/#website","url":"https:\/\/fundacion-biodiversidad.es\/en\/","name":"Fundaci\u00f3n Biodiversidad","description":"Fundaci\u00f3n p\u00fablica adscrita al Ministerio para la Transici\u00f3n Ecol\u00f3gica","potentialAction":[{"@type":"SearchAction","target":{"@type":"EntryPoint","urlTemplate":"https:\/\/fundacion-biodiversidad.es\/en\/?s={search_term_string}"},"query-input":{"@type":"PropertyValueSpecification","valueRequired":true,"valueName":"search_term_string"}}],"inLanguage":"en-US"}]}},"_links":{"self":[{"href":"https:\/\/fundacion-biodiversidad.es\/en\/wp-json\/wp\/v2\/actualidad_home\/97852762","targetHints":{"allow":["GET"]}}],"collection":[{"href":"https:\/\/fundacion-biodiversidad.es\/en\/wp-json\/wp\/v2\/actualidad_home"}],"about":[{"href":"https:\/\/fundacion-biodiversidad.es\/en\/wp-json\/wp\/v2\/types\/actualidad_home"}],"author":[{"embeddable":true,"href":"https:\/\/fundacion-biodiversidad.es\/en\/wp-json\/wp\/v2\/users\/11"}],"wp:featuredmedia":[{"embeddable":true,"href":"https:\/\/fundacion-biodiversidad.es\/en\/wp-json\/wp\/v2\/media\/97852761"}],"wp:attachment":[{"href":"https:\/\/fundacion-biodiversidad.es\/en\/wp-json\/wp\/v2\/media?parent=97852762"}],"wp:term":[{"taxonomy":"palabras_clave","embeddable":true,"href":"https:\/\/fundacion-biodiversidad.es\/en\/wp-json\/wp\/v2\/palabras_clave?post=97852762"}],"curies":[{"name":"wp","href":"https:\/\/api.w.org\/{rel}","templated":true}]}}