{"id":97853436,"date":"2024-06-08T08:00:22","date_gmt":"2024-06-08T06:00:22","guid":{"rendered":"https:\/\/fundacion-biodiversidad.es\/actualidad_home\/deepening-our-relationship-with-the-ocean-which-is-essential-to-ensure-its-protection-and-our-survival\/"},"modified":"2024-06-08T08:00:22","modified_gmt":"2024-06-08T06:00:22","slug":"deepening-our-relationship-with-the-ocean-which-is-essential-to-ensure-its-protection-and-our-survival","status":"publish","type":"actualidad_home","link":"https:\/\/fundacion-biodiversidad.es\/en\/actualidad_home\/deepening-our-relationship-with-the-ocean-which-is-essential-to-ensure-its-protection-and-our-survival\/","title":{"rendered":"Deepening our relationship with the ocean, which is essential to ensure its protection and our survival."},"content":{"rendered":"<p>On June 8 we celebrate <a href=\"https:\/\/unworldoceansday.org\/\"><br \/>\n  <strong>World Oceans Day<\/strong><br \/>\n<\/a>This date was proclaimed in 2008 by the United Nations to raise awareness of the importance of the ocean for our planet and the well-being of people, and to promote its conservation. In 2024, under the theme &#8220;<strong>Awakening New Depths<\/strong>,&#8221; emphasis is placed on the urgency of changing society&#8217;s relationship with the ocean and deepening our forms of collaboration and engagement in its protection.<\/p>\n<p><strong>The ocean is the heart of the planet, covering more than 70% of its surface<\/strong>. It is our source of life and sustenance for all organisms on Earth. According to the UN, the ocean <strong>produces at least 50% of the<\/strong> planet&#8217; <strong>s oxygen<\/strong> and absorbs about <strong>30% of the carbon dioxide<\/strong> produced by humans, thus helping to mitigate the effects of climate change. It is also home to most of the world&#8217;s biodiversity and provides protein for more than 1 billion people worldwide. The <strong>ocean is<\/strong> also <strong>key to the global economy<\/strong>, with an estimated <strong>40 million people working<\/strong> in ocean-related industries by 2030.<\/p>\n<p>However, despite all the services it provides, <strong>the ocean is threatened<\/strong> by causes such as climate change, pollution and overexploitation of resources.  <a href=\"https:\/\/www.un.org\/es\/observances\/oceans-day\">The UN points out<\/a>  that currently the  <strong>90% of the large marine species<\/strong>  fish stocks are depleted and that  <strong>50 % of the coral reefs have been destroyed<\/strong>and stresses the need to establish a balance so as not to extract more resources from the ocean than it can replenish. In this sense, this year&#8217;s World Day is framed within the framework of the  <a href=\"https:\/\/www.oceandecade.org\/es\/\">UN Decade of Ocean Science<\/a>  (2021-2027) which provides a priority international framework to address the degradation of marine ecosystems and promote actions to sustainably manage, protect and restore marine and coastal environments.<\/p>\n<p><strong><u>BOOSTING OCEAN PROTECTION<\/u><\/strong><\/p>\n<p>In this context, the Biodiversity Foundation of the Ministry for Ecological Transition and the Demographic Challenge (MITECO) promotes the conservation, protection and restoration of the ocean and marine ecosystems through various projects and programs.<\/p>\n<p>The exploration of the seabed and its associated species communities has been the objective of several oceanographic campaigns developed within the framework of marine projects coordinated by the Fundaci\u00f3n Biodiversidad. On the one hand, thanks to the scientific knowledge generated in <a href=\"https:\/\/www.indemares.es\/\">LIFE+INDEMARES<\/a>, developed between 2009 and 2014, 10 marine areas were declared <a href=\"https:\/\/www.mapa.gob.es\/es\/prensa\/historico\/la-uni%C3%B3n-europea-aprueba-la-protecci%C3%B3n-de-9-espacios-marinos-espa%C3%B1oles-como-lugares-de-importancia-comunitaria-(lic)-de-la-red-natura-2000\/tcm:30-216997\">Sites of Community Importance<\/a> (SCI) and 39 as Special Protection Areas for Birds (SPA).<\/p>\n<p>Within the framework of LIFE INTEMARES, which is still in force, a  <a href=\"https:\/\/intemares.es\/wp-content\/uploads\/2022\/06\/propuesta_adecuacion_rn2000.pdf\">adequacy analysis of the Natura 2000 Network<\/a>on which the  <a href=\"https:\/\/intemares.es\/2024\/02\/28\/aumenta-hasta-el-21-la-superficie-marina-protegida-con-7-nuevos-espacios\/\">declaration of 7 new sites as SCIs and SPAs<\/a>  by the Ministry for Ecological Transition and the Demographic Challenge, which has led to an increase in the protected marine area from 12% to the current 21%, on the international path to reach 30% of the protected marine area by 2030. In addition, this project has continued to expand marine scientific knowledge with the study of seven new marine areas through 25 oceanographic campaigns.<\/p>\n<p>On the other hand, the  <a href=\"https:\/\/www.life-ecorest.es\/\">LIFE ECOREST<\/a>in which Fundaci\u00f3n Biodiversidad participates as a partner, is making progress in the  <strong>knowledge of species such as gorgonians, corals, and sponges<\/strong>  with the objective of restoring nearly 30,000 hectares of deep-sea habitats in Catalonia with the participation of the fishing sector.<\/p>\n<p>During the project&#8217;s oceanographic campaigns, 451 organisms have been released in four closed areas at a depth of between 90 and 140 meters. At present, fishermen participating in the project have begun the process of returning organisms to the sea which, after being rescued from fishing nets, have been recovered in aquariums installed in fishermen&#8217;s associations in Girona and Vilanova i la Geltr\u00fa (Barcelona).<\/p>\n<p>For its part, through the  <a href=\"https:\/\/www.programapleamar.es\/\">Pleamar Program<\/a>co-financed by the European Maritime and Fisheries Fund (EMFF) for the period 2014-2020 and by the European Maritime Fund for Fisheries and Aquaculture (EMFF) for the period 2021-2027, the Biodiversity Foundation is working to support the fishing sector in its commitment to the  <strong>sustainability of fishing and aquaculture activities<\/strong>The company&#8217;s activities include: improving the management of the Natura 2000 Network, reducing marine pollution and promoting environmental awareness.<\/p>\n<p>During the 2014-2020 programming period, <strong>135 projects from 70 entities <\/strong> have been <strong>supported <\/strong>.  24 million euros to strengthen the fishing and aquaculture sector in its commitment to sustainability through collaboration with environmental and scientific organizations and R&amp;D&amp;I, and to promote involvement in the protection and conservation of the marine environment in which they operate.<\/p>\n<p>For the 2021-2027 programming period, <strong>two new calls for proposals<\/strong> will be published with a <strong>budget of 29 million euros<\/strong>, to which the FEMPA will contribute 17.7 million euros. The first of these, published at the end of 2023 with \u20ac14.55 million, reinforces the generation of knowledge, support for governance, reduction of the impact of fishing and environmental improvement of aquaculture. During the month of July, the resolution is expected to be published and the projects will begin. Another call for proposals under the Pleamar Program is scheduled to be launched in 2025, which will also be endowed with 14.5 million euros.<\/p>\n<p>Finally, within the framework of the Recovery, Transformation and Resilience Plan (PRTR), the following actions are being carried out  <strong>15 projects aimed at  <\/strong><a href=\"https:\/\/fundacion-biodiversidad.es\/convocatorias_del_pr\/convocatoria-de-subvenciones-para-el-refuerzo-de-redes-de-varamientos-y-rescate-de-especies\/\"><strong>reinforcing stranding and marine species rescue networks<\/strong><\/a><strong>.<\/strong>  These initiatives seek to improve the care of stranded marine animals, promote their recovery and increase scientific knowledge about the populations of these species. They operate in several regions of Spain, such as Catalonia, the Canary Islands and the Balearic Islands, and focus on the conservation of turtles, cetaceans and other marine mammals.<\/p>\n<p>Likewise, in order to guarantee the conservation of the different species of cetaceans and turtles that inhabit the Mediterranean Sea, the  <a href=\"https:\/\/fundacion-biodiversidad.es\/proyecto_prtr\/censos-aereos-y-acusticos-de-cetaceos-y-tortugas-en-el-sector-norte-del-corredor-de-migracion-de-cetaceos-del-mediterraneo-cetamed-norte\/\">research project CETAMED NORTE<\/a>  conducts aerial and maritime sampling campaigns of cetaceans, turtles, floating debris and other species in the northern part of the Mediterranean Cetacean Migration Corridor to increase knowledge of the populations that inhabit or migrate through this area.<\/p>\n<p>In short, these lines of work highlight how the <strong>joint effort<\/strong> of all social actors, the scientific community, administrations and civil society, is key to <strong>contributing to improving the health of the ocean<\/strong>, guaranteeing its well-being and that of present and future generations.<\/p>\n","protected":false},"author":11,"featured_media":97853101,"template":"","meta":{"_acf_changed":false},"palabras_clave":[],"class_list":["post-97853436","actualidad_home","type-actualidad_home","status-publish","has-post-thumbnail","hentry"],"acf":[],"yoast_head":"<!-- This site is optimized with the Yoast SEO plugin v26.9 - https:\/\/yoast.com\/product\/yoast-seo-wordpress\/ -->\n<title>Deepening our relationship with the ocean, which is essential to ensure its protection and our survival. - Fundaci\u00f3n Biodiversidad<\/title>\n<meta name=\"robots\" content=\"index, follow, max-snippet:-1, max-image-preview:large, max-video-preview:-1\" \/>\n<link rel=\"canonical\" href=\"https:\/\/fundacion-biodiversidad.es\/en\/actualidad_home\/deepening-our-relationship-with-the-ocean-which-is-essential-to-ensure-its-protection-and-our-survival\/\" \/>\n<meta property=\"og:locale\" content=\"en_US\" \/>\n<meta property=\"og:type\" content=\"article\" \/>\n<meta property=\"og:title\" content=\"Deepening our relationship with the ocean, which is essential to ensure its protection and our survival. - Fundaci\u00f3n Biodiversidad\" \/>\n<meta property=\"og:description\" content=\"On June 8 we celebrate World Oceans Day This date was proclaimed in 2008 by the United Nations to raise awareness of the importance of [&hellip;]\" \/>\n<meta property=\"og:url\" content=\"https:\/\/fundacion-biodiversidad.es\/en\/actualidad_home\/deepening-our-relationship-with-the-ocean-which-is-essential-to-ensure-its-protection-and-our-survival\/\" \/>\n<meta property=\"og:site_name\" content=\"Fundaci\u00f3n Biodiversidad\" \/>\n<meta property=\"og:image\" content=\"https:\/\/fundacion-biodiversidad.es\/wp-content\/uploads\/2024\/06\/AdobeStock_649463071-scaled-e1717599932406-1024x536.jpeg\" \/>\n<meta name=\"twitter:card\" content=\"summary_large_image\" \/>\n<meta name=\"twitter:label1\" content=\"Est. reading time\" \/>\n\t<meta name=\"twitter:data1\" content=\"5 minutes\" \/>\n<script type=\"application\/ld+json\" class=\"yoast-schema-graph\">{\"@context\":\"https:\/\/schema.org\",\"@graph\":[{\"@type\":\"WebPage\",\"@id\":\"https:\/\/fundacion-biodiversidad.es\/en\/actualidad_home\/deepening-our-relationship-with-the-ocean-which-is-essential-to-ensure-its-protection-and-our-survival\/\",\"url\":\"https:\/\/fundacion-biodiversidad.es\/en\/actualidad_home\/deepening-our-relationship-with-the-ocean-which-is-essential-to-ensure-its-protection-and-our-survival\/\",\"name\":\"Deepening our relationship with the ocean, which is essential to ensure its protection and our survival. - Fundaci\u00f3n Biodiversidad\",\"isPartOf\":{\"@id\":\"https:\/\/fundacion-biodiversidad.es\/en\/#website\"},\"primaryImageOfPage\":{\"@id\":\"https:\/\/fundacion-biodiversidad.es\/en\/actualidad_home\/deepening-our-relationship-with-the-ocean-which-is-essential-to-ensure-its-protection-and-our-survival\/#primaryimage\"},\"image\":{\"@id\":\"https:\/\/fundacion-biodiversidad.es\/en\/actualidad_home\/deepening-our-relationship-with-the-ocean-which-is-essential-to-ensure-its-protection-and-our-survival\/#primaryimage\"},\"thumbnailUrl\":\"https:\/\/fundacion-biodiversidad.es\/wp-content\/uploads\/2024\/06\/AdobeStock_649463071-scaled-e1717599932406.jpeg\",\"datePublished\":\"2024-06-08T06:00:22+00:00\",\"breadcrumb\":{\"@id\":\"https:\/\/fundacion-biodiversidad.es\/en\/actualidad_home\/deepening-our-relationship-with-the-ocean-which-is-essential-to-ensure-its-protection-and-our-survival\/#breadcrumb\"},\"inLanguage\":\"en-US\",\"potentialAction\":[{\"@type\":\"ReadAction\",\"target\":[\"https:\/\/fundacion-biodiversidad.es\/en\/actualidad_home\/deepening-our-relationship-with-the-ocean-which-is-essential-to-ensure-its-protection-and-our-survival\/\"]}]},{\"@type\":\"ImageObject\",\"inLanguage\":\"en-US\",\"@id\":\"https:\/\/fundacion-biodiversidad.es\/en\/actualidad_home\/deepening-our-relationship-with-the-ocean-which-is-essential-to-ensure-its-protection-and-our-survival\/#primaryimage\",\"url\":\"https:\/\/fundacion-biodiversidad.es\/wp-content\/uploads\/2024\/06\/AdobeStock_649463071-scaled-e1717599932406.jpeg\",\"contentUrl\":\"https:\/\/fundacion-biodiversidad.es\/wp-content\/uploads\/2024\/06\/AdobeStock_649463071-scaled-e1717599932406.jpeg\",\"width\":4096,\"height\":2732,\"caption\":\"Freediver Swimming in Deep Sea With Sunrays. Young Man DIver Eploring Sea Life.\"},{\"@type\":\"BreadcrumbList\",\"@id\":\"https:\/\/fundacion-biodiversidad.es\/en\/actualidad_home\/deepening-our-relationship-with-the-ocean-which-is-essential-to-ensure-its-protection-and-our-survival\/#breadcrumb\",\"itemListElement\":[{\"@type\":\"ListItem\",\"position\":1,\"name\":\"Portada\",\"item\":\"https:\/\/fundacion-biodiversidad.es\/en\/inicio\/\"},{\"@type\":\"ListItem\",\"position\":2,\"name\":\"Noticias de actualidad\",\"item\":\"https:\/\/fundacion-biodiversidad.es\/en\/actualidad_home\/\"},{\"@type\":\"ListItem\",\"position\":3,\"name\":\"Deepening our relationship with the ocean, which is essential to ensure its protection and our survival.\"}]},{\"@type\":\"WebSite\",\"@id\":\"https:\/\/fundacion-biodiversidad.es\/en\/#website\",\"url\":\"https:\/\/fundacion-biodiversidad.es\/en\/\",\"name\":\"Fundaci\u00f3n Biodiversidad\",\"description\":\"Fundaci\u00f3n p\u00fablica adscrita al Ministerio para la Transici\u00f3n Ecol\u00f3gica\",\"potentialAction\":[{\"@type\":\"SearchAction\",\"target\":{\"@type\":\"EntryPoint\",\"urlTemplate\":\"https:\/\/fundacion-biodiversidad.es\/en\/?s={search_term_string}\"},\"query-input\":{\"@type\":\"PropertyValueSpecification\",\"valueRequired\":true,\"valueName\":\"search_term_string\"}}],\"inLanguage\":\"en-US\"}]}<\/script>\n<!-- \/ Yoast SEO plugin. -->","yoast_head_json":{"title":"Deepening our relationship with the ocean, which is essential to ensure its protection and our survival. - Fundaci\u00f3n Biodiversidad","robots":{"index":"index","follow":"follow","max-snippet":"max-snippet:-1","max-image-preview":"max-image-preview:large","max-video-preview":"max-video-preview:-1"},"canonical":"https:\/\/fundacion-biodiversidad.es\/en\/actualidad_home\/deepening-our-relationship-with-the-ocean-which-is-essential-to-ensure-its-protection-and-our-survival\/","og_locale":"en_US","og_type":"article","og_title":"Deepening our relationship with the ocean, which is essential to ensure its protection and our survival. - Fundaci\u00f3n Biodiversidad","og_description":"On June 8 we celebrate World Oceans Day This date was proclaimed in 2008 by the United Nations to raise awareness of the importance of [&hellip;]","og_url":"https:\/\/fundacion-biodiversidad.es\/en\/actualidad_home\/deepening-our-relationship-with-the-ocean-which-is-essential-to-ensure-its-protection-and-our-survival\/","og_site_name":"Fundaci\u00f3n Biodiversidad","og_image":[{"url":"https:\/\/fundacion-biodiversidad.es\/wp-content\/uploads\/2024\/06\/AdobeStock_649463071-scaled-e1717599932406-1024x536.jpeg","type":"","width":"","height":""}],"twitter_card":"summary_large_image","twitter_misc":{"Est. reading time":"5 minutes"},"schema":{"@context":"https:\/\/schema.org","@graph":[{"@type":"WebPage","@id":"https:\/\/fundacion-biodiversidad.es\/en\/actualidad_home\/deepening-our-relationship-with-the-ocean-which-is-essential-to-ensure-its-protection-and-our-survival\/","url":"https:\/\/fundacion-biodiversidad.es\/en\/actualidad_home\/deepening-our-relationship-with-the-ocean-which-is-essential-to-ensure-its-protection-and-our-survival\/","name":"Deepening our relationship with the ocean, which is essential to ensure its protection and our survival. - Fundaci\u00f3n Biodiversidad","isPartOf":{"@id":"https:\/\/fundacion-biodiversidad.es\/en\/#website"},"primaryImageOfPage":{"@id":"https:\/\/fundacion-biodiversidad.es\/en\/actualidad_home\/deepening-our-relationship-with-the-ocean-which-is-essential-to-ensure-its-protection-and-our-survival\/#primaryimage"},"image":{"@id":"https:\/\/fundacion-biodiversidad.es\/en\/actualidad_home\/deepening-our-relationship-with-the-ocean-which-is-essential-to-ensure-its-protection-and-our-survival\/#primaryimage"},"thumbnailUrl":"https:\/\/fundacion-biodiversidad.es\/wp-content\/uploads\/2024\/06\/AdobeStock_649463071-scaled-e1717599932406.jpeg","datePublished":"2024-06-08T06:00:22+00:00","breadcrumb":{"@id":"https:\/\/fundacion-biodiversidad.es\/en\/actualidad_home\/deepening-our-relationship-with-the-ocean-which-is-essential-to-ensure-its-protection-and-our-survival\/#breadcrumb"},"inLanguage":"en-US","potentialAction":[{"@type":"ReadAction","target":["https:\/\/fundacion-biodiversidad.es\/en\/actualidad_home\/deepening-our-relationship-with-the-ocean-which-is-essential-to-ensure-its-protection-and-our-survival\/"]}]},{"@type":"ImageObject","inLanguage":"en-US","@id":"https:\/\/fundacion-biodiversidad.es\/en\/actualidad_home\/deepening-our-relationship-with-the-ocean-which-is-essential-to-ensure-its-protection-and-our-survival\/#primaryimage","url":"https:\/\/fundacion-biodiversidad.es\/wp-content\/uploads\/2024\/06\/AdobeStock_649463071-scaled-e1717599932406.jpeg","contentUrl":"https:\/\/fundacion-biodiversidad.es\/wp-content\/uploads\/2024\/06\/AdobeStock_649463071-scaled-e1717599932406.jpeg","width":4096,"height":2732,"caption":"Freediver Swimming in Deep Sea With Sunrays. Young Man DIver Eploring Sea Life."},{"@type":"BreadcrumbList","@id":"https:\/\/fundacion-biodiversidad.es\/en\/actualidad_home\/deepening-our-relationship-with-the-ocean-which-is-essential-to-ensure-its-protection-and-our-survival\/#breadcrumb","itemListElement":[{"@type":"ListItem","position":1,"name":"Portada","item":"https:\/\/fundacion-biodiversidad.es\/en\/inicio\/"},{"@type":"ListItem","position":2,"name":"Noticias de actualidad","item":"https:\/\/fundacion-biodiversidad.es\/en\/actualidad_home\/"},{"@type":"ListItem","position":3,"name":"Deepening our relationship with the ocean, which is essential to ensure its protection and our survival."}]},{"@type":"WebSite","@id":"https:\/\/fundacion-biodiversidad.es\/en\/#website","url":"https:\/\/fundacion-biodiversidad.es\/en\/","name":"Fundaci\u00f3n Biodiversidad","description":"Fundaci\u00f3n p\u00fablica adscrita al Ministerio para la Transici\u00f3n Ecol\u00f3gica","potentialAction":[{"@type":"SearchAction","target":{"@type":"EntryPoint","urlTemplate":"https:\/\/fundacion-biodiversidad.es\/en\/?s={search_term_string}"},"query-input":{"@type":"PropertyValueSpecification","valueRequired":true,"valueName":"search_term_string"}}],"inLanguage":"en-US"}]}},"_links":{"self":[{"href":"https:\/\/fundacion-biodiversidad.es\/en\/wp-json\/wp\/v2\/actualidad_home\/97853436","targetHints":{"allow":["GET"]}}],"collection":[{"href":"https:\/\/fundacion-biodiversidad.es\/en\/wp-json\/wp\/v2\/actualidad_home"}],"about":[{"href":"https:\/\/fundacion-biodiversidad.es\/en\/wp-json\/wp\/v2\/types\/actualidad_home"}],"author":[{"embeddable":true,"href":"https:\/\/fundacion-biodiversidad.es\/en\/wp-json\/wp\/v2\/users\/11"}],"wp:featuredmedia":[{"embeddable":true,"href":"https:\/\/fundacion-biodiversidad.es\/en\/wp-json\/wp\/v2\/media\/97853101"}],"wp:attachment":[{"href":"https:\/\/fundacion-biodiversidad.es\/en\/wp-json\/wp\/v2\/media?parent=97853436"}],"wp:term":[{"taxonomy":"palabras_clave","embeddable":true,"href":"https:\/\/fundacion-biodiversidad.es\/en\/wp-json\/wp\/v2\/palabras_clave?post=97853436"}],"curies":[{"name":"wp","href":"https:\/\/api.w.org\/{rel}","templated":true}]}}