{"id":97853441,"date":"2024-06-05T08:00:13","date_gmt":"2024-06-05T06:00:13","guid":{"rendered":"https:\/\/fundacion-biodiversidad.es\/actualidad_home\/world-environment-day-restoring-ecosystems-for-people-nature-and-climate\/"},"modified":"2024-06-05T08:00:13","modified_gmt":"2024-06-05T06:00:13","slug":"world-environment-day-restoring-ecosystems-for-people-nature-and-climate","status":"publish","type":"actualidad_home","link":"https:\/\/fundacion-biodiversidad.es\/en\/actualidad_home\/world-environment-day-restoring-ecosystems-for-people-nature-and-climate\/","title":{"rendered":"World Environment Day: restoring ecosystems for people, nature and climate"},"content":{"rendered":"<p>Every June 5, since 1973, we have been celebrating the  <a href=\"https:\/\/www.worldenvironmentday.global\/es\"><strong>World Environment Day<\/strong><\/a>The United Nations Environment Programme (UNEP) has proclaimed the United Nations Day for the Environment (<a href=\"https:\/\/www.unep.org\/es\">UNEP<\/a>) with the aim of promoting environmental awareness, stimulating action in favor of the environment and, in short, highlighting the importance of environmental protection.<\/p>\n<p>This year, under the slogan <strong>&#8220;Our lands. Our future. We are the #GenerationRestoration&#8221; <\/strong>aims to highlight the importance of restoring land, stopping desertification and strengthening resilience to drought, in favor of people, nature and the climate.<\/p>\n<p>Ecosystems around the world are in danger, warns the UN. From forests and drylands to farmland and lakes, the natural spaces on which people&#8217;s survival depends, providing us with oxygen, food and water, are reaching a point of no return.<\/p>\n<p><a href=\"https:\/\/www.un.org\/es\/climatechange\/science\/climate-issues\/land\">Land<\/a> &#8220;plays a fundamental role in the climate system&#8221; as it acts as a <strong>carbon sink<\/strong>, since its surfaces, such as forests, regulate the planet&#8217;s temperature and help store carbon. In the last decade alone, terrestrial ecosystems absorbed around 30% of emissions from human activities.<\/p>\n<p>However, land is under increasing pressure from deforestation, urbanization, industrial development and unsustainable agricultural practices, which diminish its ability to produce food, maintain freshwater and forest resources, and regulate climate and air quality.<\/p>\n<p>According to the United Nations Convention to Combat Desertification, <strong>up to 40% of the planet&#8217;s land areas are currently degraded<\/strong>, which directly affects half of the world&#8217;s population. In addition, the intensity and frequency of drought periods have increased by 29% since 2000 and, if urgent action is not taken, droughts could affect more than three-quarters of the world&#8217;s population by 2050.<\/p>\n<p>Climate change, in turn, aggravates the degeneration of the earth through drought, desertification and other extreme weather events that increase as the planet warms. The UN estimates that, at the current rate, by the year 2050, <strong>an <\/strong> area as large as the size of South America will have deteriorated by 2050. <a href=\"https:\/\/www.unccd.int\/news-stories\/press-releases\/chronic-land-degradation-un-offers-stark-warnings-and-practical\"><br \/>\n  <strong>area as large as the size of South America would have deteriorated by 2050.<\/strong><br \/>\n<\/a>.<\/p>\n<p>Soil restoration is therefore key to ensuring that ecosystems continue to provide us with the benefits they offer. This is a key pillar of the <strong>United Nations Decade of Ecosystem Restoration (2021-2030),<\/strong> which is a call for the protection and revitalization of ecosystems worldwide, fundamental to achieving the Sustainable Development Goals.<\/p>\n","protected":false},"author":11,"featured_media":0,"template":"","meta":{"_acf_changed":false},"palabras_clave":[],"class_list":["post-97853441","actualidad_home","type-actualidad_home","status-publish","hentry"],"acf":[],"yoast_head":"<!-- This site is optimized with the Yoast SEO plugin v26.9 - https:\/\/yoast.com\/product\/yoast-seo-wordpress\/ -->\n<title>World Environment Day: restoring ecosystems for people, nature and climate - Fundaci\u00f3n Biodiversidad<\/title>\n<meta name=\"robots\" content=\"index, follow, max-snippet:-1, max-image-preview:large, max-video-preview:-1\" \/>\n<link rel=\"canonical\" href=\"https:\/\/fundacion-biodiversidad.es\/en\/actualidad_home\/world-environment-day-restoring-ecosystems-for-people-nature-and-climate\/\" \/>\n<meta property=\"og:locale\" content=\"en_US\" \/>\n<meta property=\"og:type\" content=\"article\" \/>\n<meta property=\"og:title\" content=\"World Environment Day: restoring ecosystems for people, nature and climate - Fundaci\u00f3n Biodiversidad\" \/>\n<meta property=\"og:description\" content=\"Every June 5, since 1973, we have been celebrating the World Environment DayThe United Nations Environment Programme (UNEP) has proclaimed the United Nations Day for [&hellip;]\" \/>\n<meta property=\"og:url\" content=\"https:\/\/fundacion-biodiversidad.es\/en\/actualidad_home\/world-environment-day-restoring-ecosystems-for-people-nature-and-climate\/\" \/>\n<meta property=\"og:site_name\" content=\"Fundaci\u00f3n Biodiversidad\" \/>\n<meta property=\"og:image\" content=\"https:\/\/fundacion-biodiversidad.es\/wp-content\/uploads\/2024\/06\/DM-Medio-Ambiente_restauracion-e1717419886240-1024x536.jpeg\" \/>\n<meta name=\"twitter:card\" content=\"summary_large_image\" \/>\n<meta name=\"twitter:label1\" content=\"Est. reading time\" \/>\n\t<meta name=\"twitter:data1\" content=\"2 minutes\" \/>\n<script type=\"application\/ld+json\" class=\"yoast-schema-graph\">{\"@context\":\"https:\/\/schema.org\",\"@graph\":[{\"@type\":\"WebPage\",\"@id\":\"https:\/\/fundacion-biodiversidad.es\/en\/actualidad_home\/world-environment-day-restoring-ecosystems-for-people-nature-and-climate\/\",\"url\":\"https:\/\/fundacion-biodiversidad.es\/en\/actualidad_home\/world-environment-day-restoring-ecosystems-for-people-nature-and-climate\/\",\"name\":\"World Environment Day: restoring ecosystems for people, nature and climate - Fundaci\u00f3n Biodiversidad\",\"isPartOf\":{\"@id\":\"https:\/\/fundacion-biodiversidad.es\/en\/#website\"},\"datePublished\":\"2024-06-05T06:00:13+00:00\",\"breadcrumb\":{\"@id\":\"https:\/\/fundacion-biodiversidad.es\/en\/actualidad_home\/world-environment-day-restoring-ecosystems-for-people-nature-and-climate\/#breadcrumb\"},\"inLanguage\":\"en-US\",\"potentialAction\":[{\"@type\":\"ReadAction\",\"target\":[\"https:\/\/fundacion-biodiversidad.es\/en\/actualidad_home\/world-environment-day-restoring-ecosystems-for-people-nature-and-climate\/\"]}]},{\"@type\":\"BreadcrumbList\",\"@id\":\"https:\/\/fundacion-biodiversidad.es\/en\/actualidad_home\/world-environment-day-restoring-ecosystems-for-people-nature-and-climate\/#breadcrumb\",\"itemListElement\":[{\"@type\":\"ListItem\",\"position\":1,\"name\":\"Portada\",\"item\":\"https:\/\/fundacion-biodiversidad.es\/en\/inicio\/\"},{\"@type\":\"ListItem\",\"position\":2,\"name\":\"Noticias de actualidad\",\"item\":\"https:\/\/fundacion-biodiversidad.es\/en\/actualidad_home\/\"},{\"@type\":\"ListItem\",\"position\":3,\"name\":\"World Environment Day: restoring ecosystems for people, nature and climate\"}]},{\"@type\":\"WebSite\",\"@id\":\"https:\/\/fundacion-biodiversidad.es\/en\/#website\",\"url\":\"https:\/\/fundacion-biodiversidad.es\/en\/\",\"name\":\"Fundaci\u00f3n Biodiversidad\",\"description\":\"Fundaci\u00f3n p\u00fablica adscrita al Ministerio para la Transici\u00f3n Ecol\u00f3gica\",\"potentialAction\":[{\"@type\":\"SearchAction\",\"target\":{\"@type\":\"EntryPoint\",\"urlTemplate\":\"https:\/\/fundacion-biodiversidad.es\/en\/?s={search_term_string}\"},\"query-input\":{\"@type\":\"PropertyValueSpecification\",\"valueRequired\":true,\"valueName\":\"search_term_string\"}}],\"inLanguage\":\"en-US\"}]}<\/script>\n<!-- \/ Yoast SEO plugin. -->","yoast_head_json":{"title":"World Environment Day: restoring ecosystems for people, nature and climate - Fundaci\u00f3n Biodiversidad","robots":{"index":"index","follow":"follow","max-snippet":"max-snippet:-1","max-image-preview":"max-image-preview:large","max-video-preview":"max-video-preview:-1"},"canonical":"https:\/\/fundacion-biodiversidad.es\/en\/actualidad_home\/world-environment-day-restoring-ecosystems-for-people-nature-and-climate\/","og_locale":"en_US","og_type":"article","og_title":"World Environment Day: restoring ecosystems for people, nature and climate - Fundaci\u00f3n Biodiversidad","og_description":"Every June 5, since 1973, we have been celebrating the World Environment DayThe United Nations Environment Programme (UNEP) has proclaimed the United Nations Day for [&hellip;]","og_url":"https:\/\/fundacion-biodiversidad.es\/en\/actualidad_home\/world-environment-day-restoring-ecosystems-for-people-nature-and-climate\/","og_site_name":"Fundaci\u00f3n Biodiversidad","og_image":[{"url":"https:\/\/fundacion-biodiversidad.es\/wp-content\/uploads\/2024\/06\/DM-Medio-Ambiente_restauracion-e1717419886240-1024x536.jpeg","type":"","width":"","height":""}],"twitter_card":"summary_large_image","twitter_misc":{"Est. reading time":"2 minutes"},"schema":{"@context":"https:\/\/schema.org","@graph":[{"@type":"WebPage","@id":"https:\/\/fundacion-biodiversidad.es\/en\/actualidad_home\/world-environment-day-restoring-ecosystems-for-people-nature-and-climate\/","url":"https:\/\/fundacion-biodiversidad.es\/en\/actualidad_home\/world-environment-day-restoring-ecosystems-for-people-nature-and-climate\/","name":"World Environment Day: restoring ecosystems for people, nature and climate - Fundaci\u00f3n Biodiversidad","isPartOf":{"@id":"https:\/\/fundacion-biodiversidad.es\/en\/#website"},"datePublished":"2024-06-05T06:00:13+00:00","breadcrumb":{"@id":"https:\/\/fundacion-biodiversidad.es\/en\/actualidad_home\/world-environment-day-restoring-ecosystems-for-people-nature-and-climate\/#breadcrumb"},"inLanguage":"en-US","potentialAction":[{"@type":"ReadAction","target":["https:\/\/fundacion-biodiversidad.es\/en\/actualidad_home\/world-environment-day-restoring-ecosystems-for-people-nature-and-climate\/"]}]},{"@type":"BreadcrumbList","@id":"https:\/\/fundacion-biodiversidad.es\/en\/actualidad_home\/world-environment-day-restoring-ecosystems-for-people-nature-and-climate\/#breadcrumb","itemListElement":[{"@type":"ListItem","position":1,"name":"Portada","item":"https:\/\/fundacion-biodiversidad.es\/en\/inicio\/"},{"@type":"ListItem","position":2,"name":"Noticias de actualidad","item":"https:\/\/fundacion-biodiversidad.es\/en\/actualidad_home\/"},{"@type":"ListItem","position":3,"name":"World Environment Day: restoring ecosystems for people, nature and climate"}]},{"@type":"WebSite","@id":"https:\/\/fundacion-biodiversidad.es\/en\/#website","url":"https:\/\/fundacion-biodiversidad.es\/en\/","name":"Fundaci\u00f3n Biodiversidad","description":"Fundaci\u00f3n p\u00fablica adscrita al Ministerio para la Transici\u00f3n Ecol\u00f3gica","potentialAction":[{"@type":"SearchAction","target":{"@type":"EntryPoint","urlTemplate":"https:\/\/fundacion-biodiversidad.es\/en\/?s={search_term_string}"},"query-input":{"@type":"PropertyValueSpecification","valueRequired":true,"valueName":"search_term_string"}}],"inLanguage":"en-US"}]}},"_links":{"self":[{"href":"https:\/\/fundacion-biodiversidad.es\/en\/wp-json\/wp\/v2\/actualidad_home\/97853441","targetHints":{"allow":["GET"]}}],"collection":[{"href":"https:\/\/fundacion-biodiversidad.es\/en\/wp-json\/wp\/v2\/actualidad_home"}],"about":[{"href":"https:\/\/fundacion-biodiversidad.es\/en\/wp-json\/wp\/v2\/types\/actualidad_home"}],"author":[{"embeddable":true,"href":"https:\/\/fundacion-biodiversidad.es\/en\/wp-json\/wp\/v2\/users\/11"}],"wp:attachment":[{"href":"https:\/\/fundacion-biodiversidad.es\/en\/wp-json\/wp\/v2\/media?parent=97853441"}],"wp:term":[{"taxonomy":"palabras_clave","embeddable":true,"href":"https:\/\/fundacion-biodiversidad.es\/en\/wp-json\/wp\/v2\/palabras_clave?post=97853441"}],"curies":[{"name":"wp","href":"https:\/\/api.w.org\/{rel}","templated":true}]}}