{"id":97854021,"date":"2024-05-22T08:00:01","date_gmt":"2024-05-22T06:00:01","guid":{"rendered":"https:\/\/fundacion-biodiversidad.es\/actualidad_home\/biodiversity-day-protecting-and-restoring-biodiversity-to-ensure-our-well-being\/"},"modified":"2024-05-22T08:00:01","modified_gmt":"2024-05-22T06:00:01","slug":"biodiversity-day-protecting-and-restoring-biodiversity-to-ensure-our-well-being","status":"publish","type":"actualidad_home","link":"https:\/\/fundacion-biodiversidad.es\/en\/actualidad_home\/biodiversity-day-protecting-and-restoring-biodiversity-to-ensure-our-well-being\/","title":{"rendered":"Biodiversity Day: protecting and restoring biodiversity to ensure our well-being"},"content":{"rendered":"<p>May 22 is <a href=\"https:\/\/www.un.org\/es\/observances\/biological-diversity-day\">International Biodiversity Day<\/a>, a date adopted by the United Nations General Assembly to commemorate the entry into force of the <a href=\"http:\/\/www.cbd.int\/doc\/legal\/cbd-es.pdf\">Convention on Biological Diversity<\/a> <a href=\"http:\/\/www.cbd.int\/doc\/legal\/cbd-es.pdf\">(CBD)<\/a> in 1992. This event seeks to raise awareness of <strong>the importance of biodiversity, promote its protection<\/strong> and raise awareness of the threats it faces.<\/p>\n<p>This year, <strong>under the slogan &#8220;Be part of the plan<\/strong>&#8220;, the aim is to encourage governments, local communities, non-governmental organizations, legislators, businesses and citizens to actively collaborate in the implementation of the <a href=\"https:\/\/www.miteco.gob.es\/es\/biodiversidad\/temas\/conservacion-de-la-biodiversidad\/conservacion-de-la-biodiversidad-en-el-mundo\/cb_mundo_kumming_montreal.html\">Kumming-Montreal Global Framework<\/a>, also known as the <strong>Biodiversity Plan<\/strong>, by sharing their contributions and committing to the cause.<\/p>\n<p>The Global Biodiversity Framework, adopted in December 2022<strong>,<\/strong> sets out concrete targets and actions to <strong>halt and reverse the loss of nature by 2050<\/strong>. The document includes among its objectives the protection of 30% of the planet, the restoration of 30% of degraded ecosystems by 2030, halving food waste and investing at least $200 billion annually in strategies that benefit biodiversity.<\/p>\n<p>Along these lines, the United Nations declared a year earlier the  <a href=\"http:\/\/www.decadeonrestoration.org\/\">Decade for Ecosystem Restoration (2021-2030)<\/a>a coordinated response at the global level to develop policies aimed at the implementation of  <strong>Nature-based solutions<\/strong>  as a key instrument in the face of biodiversity loss that make an essential contribution to the health of the planet and the survival of the human species.<\/p>\n<p>Today, according to data from the Global Assessment <a href=\"https:\/\/www.ipbes.net\/sites\/default\/files\/2020-02\/ipbes_global_assessment_report_summary_for_policymakers_es.pdf\">Report<\/a> on Biodiversity and Ecosystem Services (IPBES), <strong>nature has <\/strong>been significantly <strong>altered <\/strong>by multiple <strong>human-induced factors<\/strong>. Most ecosystem and biodiversity indicators show rapid deterioration.<\/p>\n<p>The results of the report reveal that 75% of the land surface has been significantly altered, while 66% of the ocean surface is increasingly experiencing cumulative effects and more than 85% of the wetland area has been lost. It also concludes that about <strong>1 million species of animals and plants are currently in danger of extinction<\/strong>, more than ever before in human history.<\/p>\n<p>In addition to anthropogenic activity, other <strong>threats<\/strong> <strong>to biodiversity loss<\/strong> include changes in land and ocean use, overexploitation of natural resources, environmental pollution, the presence of invasive alien species, and the effects of climate change.<\/p>\n<p>Since its inception, the  <strong>mission and activity of the Fundaci\u00f3n Biodiversidad<\/strong>  is aligned with the protection and restoration of biodiversity, as well as with highlighting its importance, raising awareness of the benefits it brings us and the responsibility we have for its preservation, which is essential for the health and survival of the human species.<\/p>\n","protected":false},"author":11,"featured_media":0,"template":"","meta":{"_acf_changed":false},"palabras_clave":[],"class_list":["post-97854021","actualidad_home","type-actualidad_home","status-publish","hentry"],"acf":[],"yoast_head":"<!-- This site is optimized with the Yoast SEO plugin v26.9 - https:\/\/yoast.com\/product\/yoast-seo-wordpress\/ -->\n<title>Biodiversity Day: protecting and restoring biodiversity to ensure our well-being - Fundaci\u00f3n Biodiversidad<\/title>\n<meta name=\"robots\" content=\"index, follow, max-snippet:-1, max-image-preview:large, max-video-preview:-1\" \/>\n<link rel=\"canonical\" href=\"https:\/\/fundacion-biodiversidad.es\/en\/actualidad_home\/biodiversity-day-protecting-and-restoring-biodiversity-to-ensure-our-well-being\/\" \/>\n<meta property=\"og:locale\" content=\"en_US\" \/>\n<meta property=\"og:type\" content=\"article\" \/>\n<meta property=\"og:title\" content=\"Biodiversity Day: protecting and restoring biodiversity to ensure our well-being - Fundaci\u00f3n Biodiversidad\" \/>\n<meta property=\"og:description\" content=\"May 22 is International Biodiversity Day, a date adopted by the United Nations General Assembly to commemorate the entry into force of the Convention on [&hellip;]\" \/>\n<meta property=\"og:url\" content=\"https:\/\/fundacion-biodiversidad.es\/en\/actualidad_home\/biodiversity-day-protecting-and-restoring-biodiversity-to-ensure-our-well-being\/\" \/>\n<meta property=\"og:site_name\" content=\"Fundaci\u00f3n Biodiversidad\" \/>\n<meta property=\"og:image\" content=\"https:\/\/fundacion-biodiversidad.es\/wp-content\/uploads\/2024\/05\/DM-Diversidad-biologica-scaled-e1716289184437-1024x536.jpeg\" \/>\n<meta name=\"twitter:card\" content=\"summary_large_image\" \/>\n<meta name=\"twitter:label1\" content=\"Est. reading time\" \/>\n\t<meta name=\"twitter:data1\" content=\"2 minutes\" \/>\n<script type=\"application\/ld+json\" class=\"yoast-schema-graph\">{\"@context\":\"https:\/\/schema.org\",\"@graph\":[{\"@type\":\"WebPage\",\"@id\":\"https:\/\/fundacion-biodiversidad.es\/en\/actualidad_home\/biodiversity-day-protecting-and-restoring-biodiversity-to-ensure-our-well-being\/\",\"url\":\"https:\/\/fundacion-biodiversidad.es\/en\/actualidad_home\/biodiversity-day-protecting-and-restoring-biodiversity-to-ensure-our-well-being\/\",\"name\":\"Biodiversity Day: protecting and restoring biodiversity to ensure our well-being - Fundaci\u00f3n Biodiversidad\",\"isPartOf\":{\"@id\":\"https:\/\/fundacion-biodiversidad.es\/en\/#website\"},\"datePublished\":\"2024-05-22T06:00:01+00:00\",\"breadcrumb\":{\"@id\":\"https:\/\/fundacion-biodiversidad.es\/en\/actualidad_home\/biodiversity-day-protecting-and-restoring-biodiversity-to-ensure-our-well-being\/#breadcrumb\"},\"inLanguage\":\"en-US\",\"potentialAction\":[{\"@type\":\"ReadAction\",\"target\":[\"https:\/\/fundacion-biodiversidad.es\/en\/actualidad_home\/biodiversity-day-protecting-and-restoring-biodiversity-to-ensure-our-well-being\/\"]}]},{\"@type\":\"BreadcrumbList\",\"@id\":\"https:\/\/fundacion-biodiversidad.es\/en\/actualidad_home\/biodiversity-day-protecting-and-restoring-biodiversity-to-ensure-our-well-being\/#breadcrumb\",\"itemListElement\":[{\"@type\":\"ListItem\",\"position\":1,\"name\":\"Portada\",\"item\":\"https:\/\/fundacion-biodiversidad.es\/en\/inicio\/\"},{\"@type\":\"ListItem\",\"position\":2,\"name\":\"Noticias de actualidad\",\"item\":\"https:\/\/fundacion-biodiversidad.es\/en\/actualidad_home\/\"},{\"@type\":\"ListItem\",\"position\":3,\"name\":\"Biodiversity Day: protecting and restoring biodiversity to ensure our well-being\"}]},{\"@type\":\"WebSite\",\"@id\":\"https:\/\/fundacion-biodiversidad.es\/en\/#website\",\"url\":\"https:\/\/fundacion-biodiversidad.es\/en\/\",\"name\":\"Fundaci\u00f3n Biodiversidad\",\"description\":\"Fundaci\u00f3n p\u00fablica adscrita al Ministerio para la Transici\u00f3n Ecol\u00f3gica\",\"potentialAction\":[{\"@type\":\"SearchAction\",\"target\":{\"@type\":\"EntryPoint\",\"urlTemplate\":\"https:\/\/fundacion-biodiversidad.es\/en\/?s={search_term_string}\"},\"query-input\":{\"@type\":\"PropertyValueSpecification\",\"valueRequired\":true,\"valueName\":\"search_term_string\"}}],\"inLanguage\":\"en-US\"}]}<\/script>\n<!-- \/ Yoast SEO plugin. -->","yoast_head_json":{"title":"Biodiversity Day: protecting and restoring biodiversity to ensure our well-being - Fundaci\u00f3n Biodiversidad","robots":{"index":"index","follow":"follow","max-snippet":"max-snippet:-1","max-image-preview":"max-image-preview:large","max-video-preview":"max-video-preview:-1"},"canonical":"https:\/\/fundacion-biodiversidad.es\/en\/actualidad_home\/biodiversity-day-protecting-and-restoring-biodiversity-to-ensure-our-well-being\/","og_locale":"en_US","og_type":"article","og_title":"Biodiversity Day: protecting and restoring biodiversity to ensure our well-being - Fundaci\u00f3n Biodiversidad","og_description":"May 22 is International Biodiversity Day, a date adopted by the United Nations General Assembly to commemorate the entry into force of the Convention on [&hellip;]","og_url":"https:\/\/fundacion-biodiversidad.es\/en\/actualidad_home\/biodiversity-day-protecting-and-restoring-biodiversity-to-ensure-our-well-being\/","og_site_name":"Fundaci\u00f3n Biodiversidad","og_image":[{"url":"https:\/\/fundacion-biodiversidad.es\/wp-content\/uploads\/2024\/05\/DM-Diversidad-biologica-scaled-e1716289184437-1024x536.jpeg","type":"","width":"","height":""}],"twitter_card":"summary_large_image","twitter_misc":{"Est. reading time":"2 minutes"},"schema":{"@context":"https:\/\/schema.org","@graph":[{"@type":"WebPage","@id":"https:\/\/fundacion-biodiversidad.es\/en\/actualidad_home\/biodiversity-day-protecting-and-restoring-biodiversity-to-ensure-our-well-being\/","url":"https:\/\/fundacion-biodiversidad.es\/en\/actualidad_home\/biodiversity-day-protecting-and-restoring-biodiversity-to-ensure-our-well-being\/","name":"Biodiversity Day: protecting and restoring biodiversity to ensure our well-being - Fundaci\u00f3n Biodiversidad","isPartOf":{"@id":"https:\/\/fundacion-biodiversidad.es\/en\/#website"},"datePublished":"2024-05-22T06:00:01+00:00","breadcrumb":{"@id":"https:\/\/fundacion-biodiversidad.es\/en\/actualidad_home\/biodiversity-day-protecting-and-restoring-biodiversity-to-ensure-our-well-being\/#breadcrumb"},"inLanguage":"en-US","potentialAction":[{"@type":"ReadAction","target":["https:\/\/fundacion-biodiversidad.es\/en\/actualidad_home\/biodiversity-day-protecting-and-restoring-biodiversity-to-ensure-our-well-being\/"]}]},{"@type":"BreadcrumbList","@id":"https:\/\/fundacion-biodiversidad.es\/en\/actualidad_home\/biodiversity-day-protecting-and-restoring-biodiversity-to-ensure-our-well-being\/#breadcrumb","itemListElement":[{"@type":"ListItem","position":1,"name":"Portada","item":"https:\/\/fundacion-biodiversidad.es\/en\/inicio\/"},{"@type":"ListItem","position":2,"name":"Noticias de actualidad","item":"https:\/\/fundacion-biodiversidad.es\/en\/actualidad_home\/"},{"@type":"ListItem","position":3,"name":"Biodiversity Day: protecting and restoring biodiversity to ensure our well-being"}]},{"@type":"WebSite","@id":"https:\/\/fundacion-biodiversidad.es\/en\/#website","url":"https:\/\/fundacion-biodiversidad.es\/en\/","name":"Fundaci\u00f3n Biodiversidad","description":"Fundaci\u00f3n p\u00fablica adscrita al Ministerio para la Transici\u00f3n Ecol\u00f3gica","potentialAction":[{"@type":"SearchAction","target":{"@type":"EntryPoint","urlTemplate":"https:\/\/fundacion-biodiversidad.es\/en\/?s={search_term_string}"},"query-input":{"@type":"PropertyValueSpecification","valueRequired":true,"valueName":"search_term_string"}}],"inLanguage":"en-US"}]}},"_links":{"self":[{"href":"https:\/\/fundacion-biodiversidad.es\/en\/wp-json\/wp\/v2\/actualidad_home\/97854021","targetHints":{"allow":["GET"]}}],"collection":[{"href":"https:\/\/fundacion-biodiversidad.es\/en\/wp-json\/wp\/v2\/actualidad_home"}],"about":[{"href":"https:\/\/fundacion-biodiversidad.es\/en\/wp-json\/wp\/v2\/types\/actualidad_home"}],"author":[{"embeddable":true,"href":"https:\/\/fundacion-biodiversidad.es\/en\/wp-json\/wp\/v2\/users\/11"}],"wp:attachment":[{"href":"https:\/\/fundacion-biodiversidad.es\/en\/wp-json\/wp\/v2\/media?parent=97854021"}],"wp:term":[{"taxonomy":"palabras_clave","embeddable":true,"href":"https:\/\/fundacion-biodiversidad.es\/en\/wp-json\/wp\/v2\/palabras_clave?post=97854021"}],"curies":[{"name":"wp","href":"https:\/\/api.w.org\/{rel}","templated":true}]}}