{"id":97854030,"date":"2024-05-31T12:43:25","date_gmt":"2024-05-31T10:43:25","guid":{"rendered":"https:\/\/fundacion-biodiversidad.es\/actualidad_home\/we-present-the-itinerancy-of-the-pleamar-program-exhibition-along-the-coast-of-granada\/"},"modified":"2024-05-31T12:43:25","modified_gmt":"2024-05-31T10:43:25","slug":"we-present-the-itinerancy-of-the-pleamar-program-exhibition-along-the-coast-of-granada","status":"publish","type":"actualidad_home","link":"https:\/\/fundacion-biodiversidad.es\/en\/actualidad_home\/we-present-the-itinerancy-of-the-pleamar-program-exhibition-along-the-coast-of-granada\/","title":{"rendered":"We present the itinerancy of the Pleamar Program exhibition along the coast of Granada."},"content":{"rendered":"<p>The Biodiversity Foundation of the Ministry for Ecological Transition and the Demographic Challenge has presented today in the Port of Motril (Granada) the itinerant exhibition of the Pleamar Program &#8220;Seven years of projects to promote the sustainability of fisheries and aquaculture&#8221;, which during the months of June and July can be visited in different parts of the coast of Granada.<\/p>\n<p><strong>From tomorrow until June 16, the informative and photographic exhibition can be visited at the Guardia Civil barracks in Castell de Ferro. The second stop will be at the Plaza Marruecos in Almu\u00f1\u00e9car, where it will be on display from June 17 to 30. Finally, it will travel to the Real Club N\u00e1utico del Puerto de Motril, where it will remain from July 2 to 14.<\/strong><\/p>\n<p>This exhibition, whose itinerancy is co-financed by the European Maritime Fisheries and Aquaculture Fund (EMFF), is composed of four information panels and about twenty images summarizing the main results of the projects co-financed by the European Maritime and Fisheries Fund during the 2014-2020 period.<\/p>\n<p>The exhibition, which has already visited Burela (Lugo), Vigo (Pontevedra), Puerto Real (C\u00e1diz) and Ceuta, seeks to bring the public closer to the importance of the fishing and aquaculture sectors in the conservation of marine ecosystems and as key drivers of the blue economy.<\/p>\n<p><strong>Organizations interested in hosting it can apply via e-mail:<\/strong> <a href=\"mailto:pleamar@fundacion-biodiversidad.es\" target=\"_blank\" rel=\"noopener\">pleamar@fundacion-biodiversidad.es.<\/a><\/p>\n","protected":false},"author":11,"featured_media":0,"template":"","meta":{"_acf_changed":false},"palabras_clave":[],"class_list":["post-97854030","actualidad_home","type-actualidad_home","status-publish","hentry"],"acf":[],"yoast_head":"<!-- This site is optimized with the Yoast SEO plugin v26.9 - https:\/\/yoast.com\/product\/yoast-seo-wordpress\/ -->\n<title>We present the itinerancy of the Pleamar Program exhibition along the coast of Granada. - Fundaci\u00f3n Biodiversidad<\/title>\n<meta name=\"robots\" content=\"index, follow, max-snippet:-1, max-image-preview:large, max-video-preview:-1\" \/>\n<link rel=\"canonical\" href=\"https:\/\/fundacion-biodiversidad.es\/en\/actualidad_home\/we-present-the-itinerancy-of-the-pleamar-program-exhibition-along-the-coast-of-granada\/\" \/>\n<meta property=\"og:locale\" content=\"en_US\" \/>\n<meta property=\"og:type\" content=\"article\" \/>\n<meta property=\"og:title\" content=\"We present the itinerancy of the Pleamar Program exhibition along the coast of Granada. - Fundaci\u00f3n Biodiversidad\" \/>\n<meta property=\"og:description\" content=\"The Biodiversity Foundation of the Ministry for Ecological Transition and the Demographic Challenge has presented today in the Port of Motril (Granada) the itinerant exhibition [&hellip;]\" \/>\n<meta property=\"og:url\" content=\"https:\/\/fundacion-biodiversidad.es\/en\/actualidad_home\/we-present-the-itinerancy-of-the-pleamar-program-exhibition-along-the-coast-of-granada\/\" \/>\n<meta property=\"og:site_name\" content=\"Fundaci\u00f3n Biodiversidad\" \/>\n<meta property=\"og:image\" content=\"https:\/\/fundacion-biodiversidad.es\/wp-content\/uploads\/2024\/05\/pleamar_motril-1024x768.jpeg\" \/>\n<meta name=\"twitter:card\" content=\"summary_large_image\" \/>\n<meta name=\"twitter:label1\" content=\"Est. reading time\" \/>\n\t<meta name=\"twitter:data1\" content=\"1 minute\" \/>\n<script type=\"application\/ld+json\" class=\"yoast-schema-graph\">{\"@context\":\"https:\/\/schema.org\",\"@graph\":[{\"@type\":\"WebPage\",\"@id\":\"https:\/\/fundacion-biodiversidad.es\/en\/actualidad_home\/we-present-the-itinerancy-of-the-pleamar-program-exhibition-along-the-coast-of-granada\/\",\"url\":\"https:\/\/fundacion-biodiversidad.es\/en\/actualidad_home\/we-present-the-itinerancy-of-the-pleamar-program-exhibition-along-the-coast-of-granada\/\",\"name\":\"We present the itinerancy of the Pleamar Program exhibition along the coast of Granada. - Fundaci\u00f3n Biodiversidad\",\"isPartOf\":{\"@id\":\"https:\/\/fundacion-biodiversidad.es\/en\/#website\"},\"datePublished\":\"2024-05-31T10:43:25+00:00\",\"breadcrumb\":{\"@id\":\"https:\/\/fundacion-biodiversidad.es\/en\/actualidad_home\/we-present-the-itinerancy-of-the-pleamar-program-exhibition-along-the-coast-of-granada\/#breadcrumb\"},\"inLanguage\":\"en-US\",\"potentialAction\":[{\"@type\":\"ReadAction\",\"target\":[\"https:\/\/fundacion-biodiversidad.es\/en\/actualidad_home\/we-present-the-itinerancy-of-the-pleamar-program-exhibition-along-the-coast-of-granada\/\"]}]},{\"@type\":\"BreadcrumbList\",\"@id\":\"https:\/\/fundacion-biodiversidad.es\/en\/actualidad_home\/we-present-the-itinerancy-of-the-pleamar-program-exhibition-along-the-coast-of-granada\/#breadcrumb\",\"itemListElement\":[{\"@type\":\"ListItem\",\"position\":1,\"name\":\"Portada\",\"item\":\"https:\/\/fundacion-biodiversidad.es\/en\/inicio\/\"},{\"@type\":\"ListItem\",\"position\":2,\"name\":\"Noticias de actualidad\",\"item\":\"https:\/\/fundacion-biodiversidad.es\/en\/actualidad_home\/\"},{\"@type\":\"ListItem\",\"position\":3,\"name\":\"We present the itinerancy of the Pleamar Program exhibition along the coast of Granada.\"}]},{\"@type\":\"WebSite\",\"@id\":\"https:\/\/fundacion-biodiversidad.es\/en\/#website\",\"url\":\"https:\/\/fundacion-biodiversidad.es\/en\/\",\"name\":\"Fundaci\u00f3n Biodiversidad\",\"description\":\"Fundaci\u00f3n p\u00fablica adscrita al Ministerio para la Transici\u00f3n Ecol\u00f3gica\",\"potentialAction\":[{\"@type\":\"SearchAction\",\"target\":{\"@type\":\"EntryPoint\",\"urlTemplate\":\"https:\/\/fundacion-biodiversidad.es\/en\/?s={search_term_string}\"},\"query-input\":{\"@type\":\"PropertyValueSpecification\",\"valueRequired\":true,\"valueName\":\"search_term_string\"}}],\"inLanguage\":\"en-US\"}]}<\/script>\n<!-- \/ Yoast SEO plugin. -->","yoast_head_json":{"title":"We present the itinerancy of the Pleamar Program exhibition along the coast of Granada. - Fundaci\u00f3n Biodiversidad","robots":{"index":"index","follow":"follow","max-snippet":"max-snippet:-1","max-image-preview":"max-image-preview:large","max-video-preview":"max-video-preview:-1"},"canonical":"https:\/\/fundacion-biodiversidad.es\/en\/actualidad_home\/we-present-the-itinerancy-of-the-pleamar-program-exhibition-along-the-coast-of-granada\/","og_locale":"en_US","og_type":"article","og_title":"We present the itinerancy of the Pleamar Program exhibition along the coast of Granada. - Fundaci\u00f3n Biodiversidad","og_description":"The Biodiversity Foundation of the Ministry for Ecological Transition and the Demographic Challenge has presented today in the Port of Motril (Granada) the itinerant exhibition [&hellip;]","og_url":"https:\/\/fundacion-biodiversidad.es\/en\/actualidad_home\/we-present-the-itinerancy-of-the-pleamar-program-exhibition-along-the-coast-of-granada\/","og_site_name":"Fundaci\u00f3n Biodiversidad","og_image":[{"url":"https:\/\/fundacion-biodiversidad.es\/wp-content\/uploads\/2024\/05\/pleamar_motril-1024x768.jpeg","type":"","width":"","height":""}],"twitter_card":"summary_large_image","twitter_misc":{"Est. reading time":"1 minute"},"schema":{"@context":"https:\/\/schema.org","@graph":[{"@type":"WebPage","@id":"https:\/\/fundacion-biodiversidad.es\/en\/actualidad_home\/we-present-the-itinerancy-of-the-pleamar-program-exhibition-along-the-coast-of-granada\/","url":"https:\/\/fundacion-biodiversidad.es\/en\/actualidad_home\/we-present-the-itinerancy-of-the-pleamar-program-exhibition-along-the-coast-of-granada\/","name":"We present the itinerancy of the Pleamar Program exhibition along the coast of Granada. - Fundaci\u00f3n Biodiversidad","isPartOf":{"@id":"https:\/\/fundacion-biodiversidad.es\/en\/#website"},"datePublished":"2024-05-31T10:43:25+00:00","breadcrumb":{"@id":"https:\/\/fundacion-biodiversidad.es\/en\/actualidad_home\/we-present-the-itinerancy-of-the-pleamar-program-exhibition-along-the-coast-of-granada\/#breadcrumb"},"inLanguage":"en-US","potentialAction":[{"@type":"ReadAction","target":["https:\/\/fundacion-biodiversidad.es\/en\/actualidad_home\/we-present-the-itinerancy-of-the-pleamar-program-exhibition-along-the-coast-of-granada\/"]}]},{"@type":"BreadcrumbList","@id":"https:\/\/fundacion-biodiversidad.es\/en\/actualidad_home\/we-present-the-itinerancy-of-the-pleamar-program-exhibition-along-the-coast-of-granada\/#breadcrumb","itemListElement":[{"@type":"ListItem","position":1,"name":"Portada","item":"https:\/\/fundacion-biodiversidad.es\/en\/inicio\/"},{"@type":"ListItem","position":2,"name":"Noticias de actualidad","item":"https:\/\/fundacion-biodiversidad.es\/en\/actualidad_home\/"},{"@type":"ListItem","position":3,"name":"We present the itinerancy of the Pleamar Program exhibition along the coast of Granada."}]},{"@type":"WebSite","@id":"https:\/\/fundacion-biodiversidad.es\/en\/#website","url":"https:\/\/fundacion-biodiversidad.es\/en\/","name":"Fundaci\u00f3n Biodiversidad","description":"Fundaci\u00f3n p\u00fablica adscrita al Ministerio para la Transici\u00f3n Ecol\u00f3gica","potentialAction":[{"@type":"SearchAction","target":{"@type":"EntryPoint","urlTemplate":"https:\/\/fundacion-biodiversidad.es\/en\/?s={search_term_string}"},"query-input":{"@type":"PropertyValueSpecification","valueRequired":true,"valueName":"search_term_string"}}],"inLanguage":"en-US"}]}},"_links":{"self":[{"href":"https:\/\/fundacion-biodiversidad.es\/en\/wp-json\/wp\/v2\/actualidad_home\/97854030","targetHints":{"allow":["GET"]}}],"collection":[{"href":"https:\/\/fundacion-biodiversidad.es\/en\/wp-json\/wp\/v2\/actualidad_home"}],"about":[{"href":"https:\/\/fundacion-biodiversidad.es\/en\/wp-json\/wp\/v2\/types\/actualidad_home"}],"author":[{"embeddable":true,"href":"https:\/\/fundacion-biodiversidad.es\/en\/wp-json\/wp\/v2\/users\/11"}],"wp:attachment":[{"href":"https:\/\/fundacion-biodiversidad.es\/en\/wp-json\/wp\/v2\/media?parent=97854030"}],"wp:term":[{"taxonomy":"palabras_clave","embeddable":true,"href":"https:\/\/fundacion-biodiversidad.es\/en\/wp-json\/wp\/v2\/palabras_clave?post=97854030"}],"curies":[{"name":"wp","href":"https:\/\/api.w.org\/{rel}","templated":true}]}}