{"id":97854054,"date":"2024-05-16T15:49:08","date_gmt":"2024-05-16T13:49:08","guid":{"rendered":"https:\/\/fundacion-biodiversidad.es\/actualidad_home\/625-brown-teals-released-this-spring-in-19-wetlands-critical-for-their-survival\/"},"modified":"2024-05-16T15:49:08","modified_gmt":"2024-05-16T13:49:08","slug":"625-brown-teals-released-this-spring-in-19-wetlands-critical-for-their-survival","status":"publish","type":"actualidad_home","link":"https:\/\/fundacion-biodiversidad.es\/en\/actualidad_home\/625-brown-teals-released-this-spring-in-19-wetlands-critical-for-their-survival\/","title":{"rendered":"625 brown teals released this spring in 19 wetlands critical for their survival"},"content":{"rendered":"<p>The project <a href=\"https:\/\/www.cerceta-pardilla.es\/\"><br \/>\n  <strong>LIFE Cerceta Pardilla<\/strong><br \/>\n<\/a>coordinated by the Fundaci\u00f3n Biodiversidad of the Ministry for Ecological Transition and the Demographic Challenge, has reinforced this spring the population of this critically endangered species with <strong>625 specimens from captive breeding<\/strong>.<\/p>\n<p>The individuals come mainly from two of the <strong>leading captive breeding centers<\/strong> in Spain, and to a lesser extent from the Santa Faz Fauna Recovery Center in Alicante. Specifically, 239 specimens come from the Granja de El Saler and 22 from the CRF de Santa Faz, both belonging to the Generalitat Valenciana, and 364 were born in the Reserva Natural Concertada Ca\u00f1ada de los P\u00e1jaros, located in Seville (Andalusia).<\/p>\n<p>The releases have been carried out in <strong>wetlands of the LIFE Cerceta Pardilla implementation area<\/strong>, as well as in wetlands of Madrid, Castilla-La Mancha and Catalonia, in collaboration with other administrations.<\/p>\n<p><strong>Specimens from the Granja de El Saler and from Santa Faz<\/strong>.  have been released in the Natural Park of L&#8217;Albufera (Valencia), the Natural Park of El Hondo (Alicante), the Municipal Natural Site of Clot de Galvany (Alicante), the Red Natura 2000 areas Marjal dels Moros (Valencia) and Marjal d&#8217;Almenara (Castell\u00f3n), the Southeast Regional Park (Madrid), the Laguna de las Moreras and Saladares del Guadalent\u00edn (Murcia), the Laguna de Alc\u00e1zar de San Juan (Ciudad Real), the Laguna de P\u00e9trola (Albacete) and in the municipality of Vila-seca (Tarragona).<\/p>\n<p>For their part, the  <strong>individuals bred in captivity in the Ca\u00f1ada de los P\u00e1jaros Concerted Nature Reserve.<\/strong>  have been released in the Do\u00f1ana National Park (Seville), the Laguna de Fuente de Piedra Nature Reserve (M\u00e1laga), the Pantano de los Palacios Wetland (Seville), the Punta Entinas Sabinar Nature Reserve (Almer\u00eda), the Desembocadura de Guadalhorce Nature Reserve (M\u00e1laga), and the Ca\u00f1ada de los P\u00e1jaros itself.<\/p>\n<p><span style=\"text-decoration: underline\"><strong>New data on teal breeding from releases<\/strong><\/span><\/p>\n<p>On May 8, the first teal brood of the year was confirmed in a stream in the Paraje Natural Desembocadura del Guadalhorce (M\u00e1laga). The female, which is banded, is a specimen born in the Jerez Zoo and released in the Guadalhorce in November 2022.<\/p>\n<p>This observation, together with other observations last year of brown teals with chicks (also banded) in the Laguna de Fuente de Piedra, in the Guadalhorce River and in the Lagunas de Bonanza, confirm the success of the release of captive-bred specimens, in this case from the Jerez Zoo and the Ca\u00f1ada de los P\u00e1jaros Concerted Nature Reserve.<\/p>\n<p>Together with the releases carried out <strong>since the beginning of the project in 2021<\/strong>, the number of <strong>teals released <\/strong>from captive breeding has reached <strong>2,980 <\/strong>, far exceeding the originally planned target of 1,000 specimens. Along these lines, and also within the framework of the project, a series of  <strong>tools to improve captive breeding and release management<\/strong>  of specimens, which include a  <a href=\"https:\/\/www.cerceta-pardilla.es\/wp-content\/uploads\/2023\/05\/Programa-Conservacion-Ex-situ_FB_21dic21.pdf\">ex situ conservation protocol for the species<\/a>The report also contains other documents that provide information on the release of specimens born in captivity, the operation of breeding centers, the removal of clutches in the wild, and recommendations for the genetic and demographic management of the species.<\/p>\n<p>These ex situ conservation actions for the species, included in the National Strategy, complement the habitat improvement and threat reduction tasks that are being carried out in parallel within the framework of the project.<\/p>\n<p><span style=\"text-decoration: underline\"><strong>The LIFE Cerceta Pardilla project<\/strong><\/span><\/p>\n<p>The LIFE Cerceta Pardilla project aims to <strong>improve the conservation status of 3,000 hectares of wetlands<\/strong> to reverse the risk of extinction of Europe&#8217;s most endangered duck, which is in a critical situation in Spain.<\/p>\n<p>The <strong>Ministry of Ecological Transition and the Demographic Challenge<\/strong> are partners in the project.The Andalusian Regional Government, through the Segura Hydrographic Confederation and Tragsatec; the Regional Government of Andalusia, through the Department of Sustainability, Environment and Blue Economy and the Environment and Water Agency; the Generalitat Valenciana; the Government of the Region of Murcia, as well as the organizations SEO\/BirdLife and ANSE. With the contribution of the LIFE Program of the European Union and the Directorate General for Water.<\/p>\n<p>&nbsp;<\/p>\n<p>Photograph by Jos\u00e9 Miguel Ram\u00edrez.<\/p>\n","protected":false},"author":11,"featured_media":0,"template":"","meta":{"_acf_changed":false},"palabras_clave":[],"class_list":["post-97854054","actualidad_home","type-actualidad_home","status-publish","hentry"],"acf":[],"yoast_head":"<!-- This site is optimized with the Yoast SEO plugin v26.9 - https:\/\/yoast.com\/product\/yoast-seo-wordpress\/ -->\n<title>625 brown teals released this spring in 19 wetlands critical for their survival - Fundaci\u00f3n Biodiversidad<\/title>\n<meta name=\"robots\" content=\"index, follow, max-snippet:-1, max-image-preview:large, max-video-preview:-1\" \/>\n<link rel=\"canonical\" href=\"https:\/\/fundacion-biodiversidad.es\/en\/actualidad_home\/625-brown-teals-released-this-spring-in-19-wetlands-critical-for-their-survival\/\" \/>\n<meta property=\"og:locale\" content=\"en_US\" \/>\n<meta property=\"og:type\" content=\"article\" \/>\n<meta property=\"og:title\" content=\"625 brown teals released this spring in 19 wetlands critical for their survival - Fundaci\u00f3n Biodiversidad\" \/>\n<meta property=\"og:description\" content=\"The project LIFE Cerceta Pardilla coordinated by the Fundaci\u00f3n Biodiversidad of the Ministry for Ecological Transition and the Demographic Challenge, has reinforced this spring the [&hellip;]\" \/>\n<meta property=\"og:url\" content=\"https:\/\/fundacion-biodiversidad.es\/en\/actualidad_home\/625-brown-teals-released-this-spring-in-19-wetlands-critical-for-their-survival\/\" \/>\n<meta property=\"og:site_name\" content=\"Fundaci\u00f3n Biodiversidad\" \/>\n<meta property=\"og:image\" content=\"https:\/\/fundacion-biodiversidad.es\/wp-content\/uploads\/2023\/01\/2487661294_35330241_720x405.png\" \/>\n\t<meta property=\"og:image:width\" content=\"720\" \/>\n\t<meta property=\"og:image:height\" content=\"405\" \/>\n\t<meta property=\"og:image:type\" content=\"image\/png\" \/>\n<meta name=\"twitter:card\" content=\"summary_large_image\" \/>\n<meta name=\"twitter:label1\" content=\"Est. reading time\" \/>\n\t<meta name=\"twitter:data1\" content=\"3 minutes\" \/>\n<script type=\"application\/ld+json\" class=\"yoast-schema-graph\">{\"@context\":\"https:\/\/schema.org\",\"@graph\":[{\"@type\":\"WebPage\",\"@id\":\"https:\/\/fundacion-biodiversidad.es\/en\/actualidad_home\/625-brown-teals-released-this-spring-in-19-wetlands-critical-for-their-survival\/\",\"url\":\"https:\/\/fundacion-biodiversidad.es\/en\/actualidad_home\/625-brown-teals-released-this-spring-in-19-wetlands-critical-for-their-survival\/\",\"name\":\"625 brown teals released this spring in 19 wetlands critical for their survival - Fundaci\u00f3n Biodiversidad\",\"isPartOf\":{\"@id\":\"https:\/\/fundacion-biodiversidad.es\/en\/#website\"},\"datePublished\":\"2024-05-16T13:49:08+00:00\",\"breadcrumb\":{\"@id\":\"https:\/\/fundacion-biodiversidad.es\/en\/actualidad_home\/625-brown-teals-released-this-spring-in-19-wetlands-critical-for-their-survival\/#breadcrumb\"},\"inLanguage\":\"en-US\",\"potentialAction\":[{\"@type\":\"ReadAction\",\"target\":[\"https:\/\/fundacion-biodiversidad.es\/en\/actualidad_home\/625-brown-teals-released-this-spring-in-19-wetlands-critical-for-their-survival\/\"]}]},{\"@type\":\"BreadcrumbList\",\"@id\":\"https:\/\/fundacion-biodiversidad.es\/en\/actualidad_home\/625-brown-teals-released-this-spring-in-19-wetlands-critical-for-their-survival\/#breadcrumb\",\"itemListElement\":[{\"@type\":\"ListItem\",\"position\":1,\"name\":\"Portada\",\"item\":\"https:\/\/fundacion-biodiversidad.es\/en\/inicio\/\"},{\"@type\":\"ListItem\",\"position\":2,\"name\":\"Noticias de actualidad\",\"item\":\"https:\/\/fundacion-biodiversidad.es\/en\/actualidad_home\/\"},{\"@type\":\"ListItem\",\"position\":3,\"name\":\"625 brown teals released this spring in 19 wetlands critical for their survival\"}]},{\"@type\":\"WebSite\",\"@id\":\"https:\/\/fundacion-biodiversidad.es\/en\/#website\",\"url\":\"https:\/\/fundacion-biodiversidad.es\/en\/\",\"name\":\"Fundaci\u00f3n Biodiversidad\",\"description\":\"Fundaci\u00f3n p\u00fablica adscrita al Ministerio para la Transici\u00f3n Ecol\u00f3gica\",\"potentialAction\":[{\"@type\":\"SearchAction\",\"target\":{\"@type\":\"EntryPoint\",\"urlTemplate\":\"https:\/\/fundacion-biodiversidad.es\/en\/?s={search_term_string}\"},\"query-input\":{\"@type\":\"PropertyValueSpecification\",\"valueRequired\":true,\"valueName\":\"search_term_string\"}}],\"inLanguage\":\"en-US\"}]}<\/script>\n<!-- \/ Yoast SEO plugin. -->","yoast_head_json":{"title":"625 brown teals released this spring in 19 wetlands critical for their survival - Fundaci\u00f3n Biodiversidad","robots":{"index":"index","follow":"follow","max-snippet":"max-snippet:-1","max-image-preview":"max-image-preview:large","max-video-preview":"max-video-preview:-1"},"canonical":"https:\/\/fundacion-biodiversidad.es\/en\/actualidad_home\/625-brown-teals-released-this-spring-in-19-wetlands-critical-for-their-survival\/","og_locale":"en_US","og_type":"article","og_title":"625 brown teals released this spring in 19 wetlands critical for their survival - Fundaci\u00f3n Biodiversidad","og_description":"The project LIFE Cerceta Pardilla coordinated by the Fundaci\u00f3n Biodiversidad of the Ministry for Ecological Transition and the Demographic Challenge, has reinforced this spring the [&hellip;]","og_url":"https:\/\/fundacion-biodiversidad.es\/en\/actualidad_home\/625-brown-teals-released-this-spring-in-19-wetlands-critical-for-their-survival\/","og_site_name":"Fundaci\u00f3n Biodiversidad","og_image":[{"width":720,"height":405,"url":"https:\/\/fundacion-biodiversidad.es\/wp-content\/uploads\/2023\/01\/2487661294_35330241_720x405.png","type":"image\/png"}],"twitter_card":"summary_large_image","twitter_misc":{"Est. reading time":"3 minutes"},"schema":{"@context":"https:\/\/schema.org","@graph":[{"@type":"WebPage","@id":"https:\/\/fundacion-biodiversidad.es\/en\/actualidad_home\/625-brown-teals-released-this-spring-in-19-wetlands-critical-for-their-survival\/","url":"https:\/\/fundacion-biodiversidad.es\/en\/actualidad_home\/625-brown-teals-released-this-spring-in-19-wetlands-critical-for-their-survival\/","name":"625 brown teals released this spring in 19 wetlands critical for their survival - Fundaci\u00f3n Biodiversidad","isPartOf":{"@id":"https:\/\/fundacion-biodiversidad.es\/en\/#website"},"datePublished":"2024-05-16T13:49:08+00:00","breadcrumb":{"@id":"https:\/\/fundacion-biodiversidad.es\/en\/actualidad_home\/625-brown-teals-released-this-spring-in-19-wetlands-critical-for-their-survival\/#breadcrumb"},"inLanguage":"en-US","potentialAction":[{"@type":"ReadAction","target":["https:\/\/fundacion-biodiversidad.es\/en\/actualidad_home\/625-brown-teals-released-this-spring-in-19-wetlands-critical-for-their-survival\/"]}]},{"@type":"BreadcrumbList","@id":"https:\/\/fundacion-biodiversidad.es\/en\/actualidad_home\/625-brown-teals-released-this-spring-in-19-wetlands-critical-for-their-survival\/#breadcrumb","itemListElement":[{"@type":"ListItem","position":1,"name":"Portada","item":"https:\/\/fundacion-biodiversidad.es\/en\/inicio\/"},{"@type":"ListItem","position":2,"name":"Noticias de actualidad","item":"https:\/\/fundacion-biodiversidad.es\/en\/actualidad_home\/"},{"@type":"ListItem","position":3,"name":"625 brown teals released this spring in 19 wetlands critical for their survival"}]},{"@type":"WebSite","@id":"https:\/\/fundacion-biodiversidad.es\/en\/#website","url":"https:\/\/fundacion-biodiversidad.es\/en\/","name":"Fundaci\u00f3n Biodiversidad","description":"Fundaci\u00f3n p\u00fablica adscrita al Ministerio para la Transici\u00f3n Ecol\u00f3gica","potentialAction":[{"@type":"SearchAction","target":{"@type":"EntryPoint","urlTemplate":"https:\/\/fundacion-biodiversidad.es\/en\/?s={search_term_string}"},"query-input":{"@type":"PropertyValueSpecification","valueRequired":true,"valueName":"search_term_string"}}],"inLanguage":"en-US"}]}},"_links":{"self":[{"href":"https:\/\/fundacion-biodiversidad.es\/en\/wp-json\/wp\/v2\/actualidad_home\/97854054","targetHints":{"allow":["GET"]}}],"collection":[{"href":"https:\/\/fundacion-biodiversidad.es\/en\/wp-json\/wp\/v2\/actualidad_home"}],"about":[{"href":"https:\/\/fundacion-biodiversidad.es\/en\/wp-json\/wp\/v2\/types\/actualidad_home"}],"author":[{"embeddable":true,"href":"https:\/\/fundacion-biodiversidad.es\/en\/wp-json\/wp\/v2\/users\/11"}],"wp:attachment":[{"href":"https:\/\/fundacion-biodiversidad.es\/en\/wp-json\/wp\/v2\/media?parent=97854054"}],"wp:term":[{"taxonomy":"palabras_clave","embeddable":true,"href":"https:\/\/fundacion-biodiversidad.es\/en\/wp-json\/wp\/v2\/palabras_clave?post=97854054"}],"curies":[{"name":"wp","href":"https:\/\/api.w.org\/{rel}","templated":true}]}}