{"id":97854201,"date":"2024-09-26T08:30:19","date_gmt":"2024-09-26T06:30:19","guid":{"rendered":"https:\/\/fundacion-biodiversidad.es\/actualidad_home\/world-maritime-day-safety-and-respect-for-the-ocean-to-boost-the-blue-economy\/"},"modified":"2024-09-26T08:30:19","modified_gmt":"2024-09-26T06:30:19","slug":"world-maritime-day-safety-and-respect-for-the-ocean-to-boost-the-blue-economy","status":"publish","type":"actualidad_home","link":"https:\/\/fundacion-biodiversidad.es\/en\/actualidad_home\/world-maritime-day-safety-and-respect-for-the-ocean-to-boost-the-blue-economy\/","title":{"rendered":"World Maritime Day: safety and respect for the ocean to boost the blue economy"},"content":{"rendered":"<p>On the fourth Thursday of September each year, World <strong>Maritime Day<\/strong> is celebrated, promoted by the <a href=\"https:\/\/www.imo.org\/en\">International Maritime Organization (IMO).<\/a><br \/>\nThis event highlights the<strong> sustainable use of the resources provided by the ocean<\/strong> and the need to establish standards for safety in international shipping, while paying tribute to seafarers.<br \/>\nThis year, under the slogan <strong>&#8220;Sailing in the future: safety first&#8221;,<\/strong> marks the 50th anniversary of the adoption of the 1974 International Convention for the Safety of Life at Sea (SOLAS).<br \/>\nAccording to the <a href=\"https:\/\/www.un.org\/es\/observances\/maritime-day\">United Nations<\/a>, this slogan allows us to focus on the regulatory implications in terms of safety arising from issues such as the adaptation of new technologies or the introduction of alternative fuels, including measures to reduce greenhouse gas emissions from ships.<br \/>\nThis year, the Council of the International Maritime Organization has chosen Spain as the venue for <a href=\"https:\/\/www.imo.org\/es\/About\/Events\/Paginas\/World-Maritime-theme-2024.aspx#:~:text=Evento%20paralelo%20del%20D%C3%ADa%20mar%C3%ADtimo%20mundial%20se%20celebrar%C3%A1%20en%20Espa%C3%B1a,22%20de%20octubre%20de%202024.\">the celebration of this world day event<\/a>.<br \/>\nIt will take place from 20 to 22 October and will consist of a series of high-level panel discussions featuring international speakers who will offer their views on various relevant topics. <strong><u>The maritime sector<\/u><\/strong> Today, the shipping sector accounts for <strong>80% of the volume of world trade<\/strong> and contributes to the transport of millions of people around the world.      It is therefore also one of the major drivers of the <strong>tourism sector<\/strong>, as almost one third of all tourism activity in Europe takes place in coastal regions. Likewise, maritime transport is one of the fundamental pillars of the <strong>blue economy<\/strong>, a sector that encompasses all activities related to the sea and that has the ocean as the main engine of growth and innovation to achieve <strong>sustainable economic development<\/strong>. The blue economy generates <strong>a wealth of 2.5 trillion dollars per year in the world<\/strong>, which, in terms of Gross Domestic Product (GDP), would be equivalent to the seventh largest economy on the planet.<br \/>\nActivities such as sustainable fishing or aquaculture employ more than 350 million people globally and, in Europe alone, generate some <strong>4.5 million jobs<\/strong>.  Spain provides an ideal scenario for the development of the blue economy with almost 8,000 square kilometers of coastline. <strong>It accounts for 5% of employment<\/strong> in our country and is capable of generating 945,000 jobs. In addition, its weight is 3% of gross value added (GVA), specifically 32,700 million euros per year. This makes it the <strong>leader in this economic sector in Europe<\/strong>, ahead of other neighboring countries such as France (1.4% of employment and 1% of GVA), Italy (2.3% and 1.5%, respectively) and the United Kingdom (3.2% and 1%). However, considering that more than 3,000 million people around the world depend on <strong>marine and coastal biodiversity<\/strong> for their own livelihoods, the profitability of these activities makes it necessary to highlight the need for a <strong>healthy <\/strong>ocean to guarantee its future.<\/p>\n","protected":false},"author":11,"featured_media":97854089,"template":"","meta":{"_acf_changed":false},"palabras_clave":[],"class_list":["post-97854201","actualidad_home","type-actualidad_home","status-publish","has-post-thumbnail","hentry"],"acf":[],"yoast_head":"<!-- This site is optimized with the Yoast SEO plugin v26.9 - https:\/\/yoast.com\/product\/yoast-seo-wordpress\/ -->\n<title>World Maritime Day: safety and respect for the ocean to boost the blue economy - Fundaci\u00f3n Biodiversidad<\/title>\n<meta name=\"robots\" content=\"index, follow, max-snippet:-1, max-image-preview:large, max-video-preview:-1\" \/>\n<link rel=\"canonical\" href=\"https:\/\/fundacion-biodiversidad.es\/en\/actualidad_home\/world-maritime-day-safety-and-respect-for-the-ocean-to-boost-the-blue-economy\/\" \/>\n<meta property=\"og:locale\" content=\"en_US\" \/>\n<meta property=\"og:type\" content=\"article\" \/>\n<meta property=\"og:title\" content=\"World Maritime Day: safety and respect for the ocean to boost the blue economy - Fundaci\u00f3n Biodiversidad\" \/>\n<meta property=\"og:description\" content=\"On the fourth Thursday of September each year, World Maritime Day is celebrated, promoted by the International Maritime Organization (IMO). This event highlights the sustainable [&hellip;]\" \/>\n<meta property=\"og:url\" content=\"https:\/\/fundacion-biodiversidad.es\/en\/actualidad_home\/world-maritime-day-safety-and-respect-for-the-ocean-to-boost-the-blue-economy\/\" \/>\n<meta property=\"og:site_name\" content=\"Fundaci\u00f3n Biodiversidad\" \/>\n<meta property=\"og:image\" content=\"https:\/\/fundacion-biodiversidad.es\/wp-content\/uploads\/2024\/09\/AdobeStock_758043365-scaled-e1726219996771-1024x536.jpeg\" \/>\n<meta name=\"twitter:card\" content=\"summary_large_image\" \/>\n<meta name=\"twitter:label1\" content=\"Est. reading time\" \/>\n\t<meta name=\"twitter:data1\" content=\"2 minutes\" \/>\n<script type=\"application\/ld+json\" class=\"yoast-schema-graph\">{\"@context\":\"https:\/\/schema.org\",\"@graph\":[{\"@type\":\"WebPage\",\"@id\":\"https:\/\/fundacion-biodiversidad.es\/en\/actualidad_home\/world-maritime-day-safety-and-respect-for-the-ocean-to-boost-the-blue-economy\/\",\"url\":\"https:\/\/fundacion-biodiversidad.es\/en\/actualidad_home\/world-maritime-day-safety-and-respect-for-the-ocean-to-boost-the-blue-economy\/\",\"name\":\"World Maritime Day: safety and respect for the ocean to boost the blue economy - Fundaci\u00f3n Biodiversidad\",\"isPartOf\":{\"@id\":\"https:\/\/fundacion-biodiversidad.es\/en\/#website\"},\"primaryImageOfPage\":{\"@id\":\"https:\/\/fundacion-biodiversidad.es\/en\/actualidad_home\/world-maritime-day-safety-and-respect-for-the-ocean-to-boost-the-blue-economy\/#primaryimage\"},\"image\":{\"@id\":\"https:\/\/fundacion-biodiversidad.es\/en\/actualidad_home\/world-maritime-day-safety-and-respect-for-the-ocean-to-boost-the-blue-economy\/#primaryimage\"},\"thumbnailUrl\":\"https:\/\/fundacion-biodiversidad.es\/wp-content\/uploads\/2024\/09\/AdobeStock_758043365-scaled-e1726219996771.jpeg\",\"datePublished\":\"2024-09-26T06:30:19+00:00\",\"breadcrumb\":{\"@id\":\"https:\/\/fundacion-biodiversidad.es\/en\/actualidad_home\/world-maritime-day-safety-and-respect-for-the-ocean-to-boost-the-blue-economy\/#breadcrumb\"},\"inLanguage\":\"en-US\",\"potentialAction\":[{\"@type\":\"ReadAction\",\"target\":[\"https:\/\/fundacion-biodiversidad.es\/en\/actualidad_home\/world-maritime-day-safety-and-respect-for-the-ocean-to-boost-the-blue-economy\/\"]}]},{\"@type\":\"ImageObject\",\"inLanguage\":\"en-US\",\"@id\":\"https:\/\/fundacion-biodiversidad.es\/en\/actualidad_home\/world-maritime-day-safety-and-respect-for-the-ocean-to-boost-the-blue-economy\/#primaryimage\",\"url\":\"https:\/\/fundacion-biodiversidad.es\/wp-content\/uploads\/2024\/09\/AdobeStock_758043365-scaled-e1726219996771.jpeg\",\"contentUrl\":\"https:\/\/fundacion-biodiversidad.es\/wp-content\/uploads\/2024\/09\/AdobeStock_758043365-scaled-e1726219996771.jpeg\",\"width\":4096,\"height\":2730,\"caption\":\"Blue Mediterranean sea in sunny morning.\"},{\"@type\":\"BreadcrumbList\",\"@id\":\"https:\/\/fundacion-biodiversidad.es\/en\/actualidad_home\/world-maritime-day-safety-and-respect-for-the-ocean-to-boost-the-blue-economy\/#breadcrumb\",\"itemListElement\":[{\"@type\":\"ListItem\",\"position\":1,\"name\":\"Portada\",\"item\":\"https:\/\/fundacion-biodiversidad.es\/en\/inicio\/\"},{\"@type\":\"ListItem\",\"position\":2,\"name\":\"Noticias de actualidad\",\"item\":\"https:\/\/fundacion-biodiversidad.es\/en\/actualidad_home\/\"},{\"@type\":\"ListItem\",\"position\":3,\"name\":\"World Maritime Day: safety and respect for the ocean to boost the blue economy\"}]},{\"@type\":\"WebSite\",\"@id\":\"https:\/\/fundacion-biodiversidad.es\/en\/#website\",\"url\":\"https:\/\/fundacion-biodiversidad.es\/en\/\",\"name\":\"Fundaci\u00f3n Biodiversidad\",\"description\":\"Fundaci\u00f3n p\u00fablica adscrita al Ministerio para la Transici\u00f3n Ecol\u00f3gica\",\"potentialAction\":[{\"@type\":\"SearchAction\",\"target\":{\"@type\":\"EntryPoint\",\"urlTemplate\":\"https:\/\/fundacion-biodiversidad.es\/en\/?s={search_term_string}\"},\"query-input\":{\"@type\":\"PropertyValueSpecification\",\"valueRequired\":true,\"valueName\":\"search_term_string\"}}],\"inLanguage\":\"en-US\"}]}<\/script>\n<!-- \/ Yoast SEO plugin. -->","yoast_head_json":{"title":"World Maritime Day: safety and respect for the ocean to boost the blue economy - Fundaci\u00f3n Biodiversidad","robots":{"index":"index","follow":"follow","max-snippet":"max-snippet:-1","max-image-preview":"max-image-preview:large","max-video-preview":"max-video-preview:-1"},"canonical":"https:\/\/fundacion-biodiversidad.es\/en\/actualidad_home\/world-maritime-day-safety-and-respect-for-the-ocean-to-boost-the-blue-economy\/","og_locale":"en_US","og_type":"article","og_title":"World Maritime Day: safety and respect for the ocean to boost the blue economy - Fundaci\u00f3n Biodiversidad","og_description":"On the fourth Thursday of September each year, World Maritime Day is celebrated, promoted by the International Maritime Organization (IMO). This event highlights the sustainable [&hellip;]","og_url":"https:\/\/fundacion-biodiversidad.es\/en\/actualidad_home\/world-maritime-day-safety-and-respect-for-the-ocean-to-boost-the-blue-economy\/","og_site_name":"Fundaci\u00f3n Biodiversidad","og_image":[{"url":"https:\/\/fundacion-biodiversidad.es\/wp-content\/uploads\/2024\/09\/AdobeStock_758043365-scaled-e1726219996771-1024x536.jpeg","type":"","width":"","height":""}],"twitter_card":"summary_large_image","twitter_misc":{"Est. reading time":"2 minutes"},"schema":{"@context":"https:\/\/schema.org","@graph":[{"@type":"WebPage","@id":"https:\/\/fundacion-biodiversidad.es\/en\/actualidad_home\/world-maritime-day-safety-and-respect-for-the-ocean-to-boost-the-blue-economy\/","url":"https:\/\/fundacion-biodiversidad.es\/en\/actualidad_home\/world-maritime-day-safety-and-respect-for-the-ocean-to-boost-the-blue-economy\/","name":"World Maritime Day: safety and respect for the ocean to boost the blue economy - Fundaci\u00f3n Biodiversidad","isPartOf":{"@id":"https:\/\/fundacion-biodiversidad.es\/en\/#website"},"primaryImageOfPage":{"@id":"https:\/\/fundacion-biodiversidad.es\/en\/actualidad_home\/world-maritime-day-safety-and-respect-for-the-ocean-to-boost-the-blue-economy\/#primaryimage"},"image":{"@id":"https:\/\/fundacion-biodiversidad.es\/en\/actualidad_home\/world-maritime-day-safety-and-respect-for-the-ocean-to-boost-the-blue-economy\/#primaryimage"},"thumbnailUrl":"https:\/\/fundacion-biodiversidad.es\/wp-content\/uploads\/2024\/09\/AdobeStock_758043365-scaled-e1726219996771.jpeg","datePublished":"2024-09-26T06:30:19+00:00","breadcrumb":{"@id":"https:\/\/fundacion-biodiversidad.es\/en\/actualidad_home\/world-maritime-day-safety-and-respect-for-the-ocean-to-boost-the-blue-economy\/#breadcrumb"},"inLanguage":"en-US","potentialAction":[{"@type":"ReadAction","target":["https:\/\/fundacion-biodiversidad.es\/en\/actualidad_home\/world-maritime-day-safety-and-respect-for-the-ocean-to-boost-the-blue-economy\/"]}]},{"@type":"ImageObject","inLanguage":"en-US","@id":"https:\/\/fundacion-biodiversidad.es\/en\/actualidad_home\/world-maritime-day-safety-and-respect-for-the-ocean-to-boost-the-blue-economy\/#primaryimage","url":"https:\/\/fundacion-biodiversidad.es\/wp-content\/uploads\/2024\/09\/AdobeStock_758043365-scaled-e1726219996771.jpeg","contentUrl":"https:\/\/fundacion-biodiversidad.es\/wp-content\/uploads\/2024\/09\/AdobeStock_758043365-scaled-e1726219996771.jpeg","width":4096,"height":2730,"caption":"Blue Mediterranean sea in sunny morning."},{"@type":"BreadcrumbList","@id":"https:\/\/fundacion-biodiversidad.es\/en\/actualidad_home\/world-maritime-day-safety-and-respect-for-the-ocean-to-boost-the-blue-economy\/#breadcrumb","itemListElement":[{"@type":"ListItem","position":1,"name":"Portada","item":"https:\/\/fundacion-biodiversidad.es\/en\/inicio\/"},{"@type":"ListItem","position":2,"name":"Noticias de actualidad","item":"https:\/\/fundacion-biodiversidad.es\/en\/actualidad_home\/"},{"@type":"ListItem","position":3,"name":"World Maritime Day: safety and respect for the ocean to boost the blue economy"}]},{"@type":"WebSite","@id":"https:\/\/fundacion-biodiversidad.es\/en\/#website","url":"https:\/\/fundacion-biodiversidad.es\/en\/","name":"Fundaci\u00f3n Biodiversidad","description":"Fundaci\u00f3n p\u00fablica adscrita al Ministerio para la Transici\u00f3n Ecol\u00f3gica","potentialAction":[{"@type":"SearchAction","target":{"@type":"EntryPoint","urlTemplate":"https:\/\/fundacion-biodiversidad.es\/en\/?s={search_term_string}"},"query-input":{"@type":"PropertyValueSpecification","valueRequired":true,"valueName":"search_term_string"}}],"inLanguage":"en-US"}]}},"_links":{"self":[{"href":"https:\/\/fundacion-biodiversidad.es\/en\/wp-json\/wp\/v2\/actualidad_home\/97854201","targetHints":{"allow":["GET"]}}],"collection":[{"href":"https:\/\/fundacion-biodiversidad.es\/en\/wp-json\/wp\/v2\/actualidad_home"}],"about":[{"href":"https:\/\/fundacion-biodiversidad.es\/en\/wp-json\/wp\/v2\/types\/actualidad_home"}],"author":[{"embeddable":true,"href":"https:\/\/fundacion-biodiversidad.es\/en\/wp-json\/wp\/v2\/users\/11"}],"wp:featuredmedia":[{"embeddable":true,"href":"https:\/\/fundacion-biodiversidad.es\/en\/wp-json\/wp\/v2\/media\/97854089"}],"wp:attachment":[{"href":"https:\/\/fundacion-biodiversidad.es\/en\/wp-json\/wp\/v2\/media?parent=97854201"}],"wp:term":[{"taxonomy":"palabras_clave","embeddable":true,"href":"https:\/\/fundacion-biodiversidad.es\/en\/wp-json\/wp\/v2\/palabras_clave?post=97854201"}],"curies":[{"name":"wp","href":"https:\/\/api.w.org\/{rel}","templated":true}]}}