{"id":97854316,"date":"2024-10-05T08:00:00","date_gmt":"2024-10-05T06:00:00","guid":{"rendered":"https:\/\/fundacion-biodiversidad.es\/actualidad_home\/world-bird-day-an-urgent-call-to-protect-biodiversity\/"},"modified":"2024-10-05T08:00:00","modified_gmt":"2024-10-05T06:00:00","slug":"world-bird-day-an-urgent-call-to-protect-biodiversity","status":"publish","type":"actualidad_home","link":"https:\/\/fundacion-biodiversidad.es\/en\/actualidad_home\/world-bird-day-an-urgent-call-to-protect-biodiversity\/","title":{"rendered":"World Bird Day: an urgent call to protect biodiversity"},"content":{"rendered":"<p>This weekend is <strong>World Bird Day<\/strong>, a date promoted by the organization <a href=\"https:\/\/www.birdlife.org\/\">BirdLife International<\/a> with the aim of raising awareness in society about the current situation of these species and the need to protect their habitats.<br \/>\nBirds, essential for the balance of ecosystems, are going through a critical moment, and their conservation is more urgent than ever.<br \/>\nThe decline of birds raises the alarm about the state of ecosystems.<br \/>\nAt the international level, the report <a href=\"https:\/\/seo.org\/la-mitad-de-las-aves-que-existen-en-el-mundo-pierden-poblacion\/\">The State of the World&#8217;s Bird Conservation<\/a> states that 5,245 (49%) of the 11,000 known bird species have experienced a decline in their population.    It also states that <strong>one out of every eight species is in danger of extinction<\/strong>. At the national level, the situation is equally worrying.<br \/>\nAccording to the <a href=\"https:\/\/seo.org\/libro-rojo-2021\/\">Red Book of Birds<\/a>, 25% (90 species) of Spanish avifauna is threatened, included in categories of risk of extinction defined by the International Union for Conservation of Nature (IUCN).<br \/>\nIn addition, 56% of the species evaluated have conservation problems.<br \/>\nThese data reflect the urgent need to take measures to protect species and their habitats in Spain.<br \/>\nAmong the main threats facing birds both globally and in our country include the <strong>destruction of their habitats<\/strong>, pollution, intensive agriculture and, increasingly, the impact of climate change.<br \/>\nThese factors not only affect bird populations, but also the stability of ecosystems.<br \/>\nGlobal warming is altering habitats and migratory patterns, drastically reducing the areas where birds can live, feed and reproduce.<br \/>\nIn addition to their ecological value, birds play key roles in regulating <strong>ecosystems<\/strong>.<br \/>\nNot only do they provide essential ecosystem services, such as seed dispersal, plant pollination, and insect population control, but they also contribute to human well-being.<br \/>\nBirdwatching, which is becoming increasingly popular, has been shown to be beneficial for mental health, helping to reduce stress and anxiety, and improving overall well-being.<br \/>\nIn this context, both World Bird Day and World Migratory Bird Day, which is celebrated on 12 October, remind us of the importance of protecting these species, which are vital for biodiversity and ecosystems.<br \/>\nIn particular, in 2024 World Migratory Bird Day highlights the interdependence between migratory birds and insects.<br \/>\nThis year, under the slogan &#8220;<strong>Protect the insects, protect the birds<\/strong>&#8220;, it underlines the alarming decline of both groups.<br \/>\nMigratory birds depend on insects as their main food source during their long journeys, so they synchronize their migrations to the abundance of these invertebrates.<br \/>\nHowever, recent studies have shown an alarming decline in insect populations.<br \/>\nAn analysis published in the journal <em>Science<\/em> reveals that approximately 9% of the world&#8217;s insect population is lost every decade, which has a direct impact on the birds that depend on them for survival.<br \/>\nAmong the main factors in this trend are deforestation, industrial agriculture, intensive use of pesticides, light pollution and climate change.<br \/>\nWithin this protection framework, the Biodiversity Foundation of the Ministry for Ecological Transition and the Demographic Challenge (MITECO) coordinates several key projects, such as the <a href=\"https:\/\/www.cerceta-pardilla.es\/\">LIFE Marbled Teal<\/a>, which aims to reverse the risk of extinction of the marbled teal, one of the seven species declared &#8220;in a critical situation&#8221; in Spain.<br \/>\nThis project has achieved important milestones, such as the <strong>recovery of 141 hectares of wetlands<\/strong> and the release of almost 3,000 specimens of the species in these habitats.                   Also noteworthy are the recent sightings of reproduction of the species in the Region of Murcia, the Albufera of Valencia and Malaga, which represents a notable advance in its conservation.<br \/>\nLikewise, the <a href=\"http:\/\/www.intemares.es\">LIFE INTEMARES<\/a> project, also coordinated by the Foundation, focuses on improving knowledge about bird species of community interest.<br \/>\nAmong the achievements, the monitoring of the Balearic shearwater stands out, whose surprising records include a dive of more than 37 meters deep, the highest known record for this species.<br \/>\nThese advances are crucial for the conservation of seabirds and their natural environment.<br \/>\nOn the other hand, the Biodiversity Foundation, through the <a href=\"https:\/\/www.programapleamar.es\/\">Pleamar Programme,<\/a> co-financed by the European Maritime and Fisheries Fund (<strong>EMFF),<\/strong> has contributed to the implementation of different community directives related to the protection and conservation of biodiversity in the European Union (EU).<br \/>\nThese include the Birds Directive, which aims at the long-term conservation of all European wild bird species.<br \/>\nAlso within the framework of this programme, projects have been supported that have contributed to improving the knowledge and conservation status of <strong>21 species of birds<\/strong>, some of them highly threatened such as the Cory&#8217;s shearwater (<em>Calonectris diomedea<\/em>).<br \/>\nThe decline of birds not only affects biodiversity, but also the ecosystem services essential for our survival.<br \/>\nAs indicators of the state of the environment, birds warn us of the deterioration of ecosystems, underlining the need for urgent action to protect them.        <\/p>\n","protected":false},"author":11,"featured_media":97854242,"template":"","meta":{"_acf_changed":false},"palabras_clave":[],"class_list":["post-97854316","actualidad_home","type-actualidad_home","status-publish","has-post-thumbnail","hentry"],"acf":[],"yoast_head":"<!-- This site is optimized with the Yoast SEO plugin v26.9 - https:\/\/yoast.com\/product\/yoast-seo-wordpress\/ -->\n<title>World Bird Day: an urgent call to protect biodiversity - Fundaci\u00f3n Biodiversidad<\/title>\n<meta name=\"robots\" content=\"index, follow, max-snippet:-1, max-image-preview:large, max-video-preview:-1\" \/>\n<link rel=\"canonical\" href=\"https:\/\/fundacion-biodiversidad.es\/en\/actualidad_home\/world-bird-day-an-urgent-call-to-protect-biodiversity\/\" \/>\n<meta property=\"og:locale\" content=\"en_US\" \/>\n<meta property=\"og:type\" content=\"article\" \/>\n<meta property=\"og:title\" content=\"World Bird Day: an urgent call to protect biodiversity - Fundaci\u00f3n Biodiversidad\" \/>\n<meta property=\"og:description\" content=\"This weekend is World Bird Day, a date promoted by the organization BirdLife International with the aim of raising awareness in society about the current [&hellip;]\" \/>\n<meta property=\"og:url\" content=\"https:\/\/fundacion-biodiversidad.es\/en\/actualidad_home\/world-bird-day-an-urgent-call-to-protect-biodiversity\/\" \/>\n<meta property=\"og:site_name\" content=\"Fundaci\u00f3n Biodiversidad\" \/>\n<meta property=\"og:image\" content=\"https:\/\/fundacion-biodiversidad.es\/wp-content\/uploads\/2024\/10\/birds-flying-2023-11-27-05-26-32-utc-scaled-e1727771090815-1024x467.jpg\" \/>\n<meta name=\"twitter:card\" content=\"summary_large_image\" \/>\n<meta name=\"twitter:label1\" content=\"Est. reading time\" \/>\n\t<meta name=\"twitter:data1\" content=\"4 minutes\" \/>\n<script type=\"application\/ld+json\" class=\"yoast-schema-graph\">{\"@context\":\"https:\/\/schema.org\",\"@graph\":[{\"@type\":\"WebPage\",\"@id\":\"https:\/\/fundacion-biodiversidad.es\/en\/actualidad_home\/world-bird-day-an-urgent-call-to-protect-biodiversity\/\",\"url\":\"https:\/\/fundacion-biodiversidad.es\/en\/actualidad_home\/world-bird-day-an-urgent-call-to-protect-biodiversity\/\",\"name\":\"World Bird Day: an urgent call to protect biodiversity - Fundaci\u00f3n Biodiversidad\",\"isPartOf\":{\"@id\":\"https:\/\/fundacion-biodiversidad.es\/en\/#website\"},\"primaryImageOfPage\":{\"@id\":\"https:\/\/fundacion-biodiversidad.es\/en\/actualidad_home\/world-bird-day-an-urgent-call-to-protect-biodiversity\/#primaryimage\"},\"image\":{\"@id\":\"https:\/\/fundacion-biodiversidad.es\/en\/actualidad_home\/world-bird-day-an-urgent-call-to-protect-biodiversity\/#primaryimage\"},\"thumbnailUrl\":\"https:\/\/fundacion-biodiversidad.es\/wp-content\/uploads\/2024\/10\/birds-flying-2023-11-27-05-26-32-utc-scaled-e1727771658180.jpg\",\"datePublished\":\"2024-10-05T06:00:00+00:00\",\"breadcrumb\":{\"@id\":\"https:\/\/fundacion-biodiversidad.es\/en\/actualidad_home\/world-bird-day-an-urgent-call-to-protect-biodiversity\/#breadcrumb\"},\"inLanguage\":\"en-US\",\"potentialAction\":[{\"@type\":\"ReadAction\",\"target\":[\"https:\/\/fundacion-biodiversidad.es\/en\/actualidad_home\/world-bird-day-an-urgent-call-to-protect-biodiversity\/\"]}]},{\"@type\":\"ImageObject\",\"inLanguage\":\"en-US\",\"@id\":\"https:\/\/fundacion-biodiversidad.es\/en\/actualidad_home\/world-bird-day-an-urgent-call-to-protect-biodiversity\/#primaryimage\",\"url\":\"https:\/\/fundacion-biodiversidad.es\/wp-content\/uploads\/2024\/10\/birds-flying-2023-11-27-05-26-32-utc-scaled-e1727771658180.jpg\",\"contentUrl\":\"https:\/\/fundacion-biodiversidad.es\/wp-content\/uploads\/2024\/10\/birds-flying-2023-11-27-05-26-32-utc-scaled-e1727771658180.jpg\",\"width\":4096,\"height\":2726,\"caption\":\"Imagen de migraci\u00f3n de aves\"},{\"@type\":\"BreadcrumbList\",\"@id\":\"https:\/\/fundacion-biodiversidad.es\/en\/actualidad_home\/world-bird-day-an-urgent-call-to-protect-biodiversity\/#breadcrumb\",\"itemListElement\":[{\"@type\":\"ListItem\",\"position\":1,\"name\":\"Portada\",\"item\":\"https:\/\/fundacion-biodiversidad.es\/en\/inicio\/\"},{\"@type\":\"ListItem\",\"position\":2,\"name\":\"Noticias de actualidad\",\"item\":\"https:\/\/fundacion-biodiversidad.es\/en\/actualidad_home\/\"},{\"@type\":\"ListItem\",\"position\":3,\"name\":\"World Bird Day: an urgent call to protect biodiversity\"}]},{\"@type\":\"WebSite\",\"@id\":\"https:\/\/fundacion-biodiversidad.es\/en\/#website\",\"url\":\"https:\/\/fundacion-biodiversidad.es\/en\/\",\"name\":\"Fundaci\u00f3n Biodiversidad\",\"description\":\"Fundaci\u00f3n p\u00fablica adscrita al Ministerio para la Transici\u00f3n Ecol\u00f3gica\",\"potentialAction\":[{\"@type\":\"SearchAction\",\"target\":{\"@type\":\"EntryPoint\",\"urlTemplate\":\"https:\/\/fundacion-biodiversidad.es\/en\/?s={search_term_string}\"},\"query-input\":{\"@type\":\"PropertyValueSpecification\",\"valueRequired\":true,\"valueName\":\"search_term_string\"}}],\"inLanguage\":\"en-US\"}]}<\/script>\n<!-- \/ Yoast SEO plugin. -->","yoast_head_json":{"title":"World Bird Day: an urgent call to protect biodiversity - Fundaci\u00f3n Biodiversidad","robots":{"index":"index","follow":"follow","max-snippet":"max-snippet:-1","max-image-preview":"max-image-preview:large","max-video-preview":"max-video-preview:-1"},"canonical":"https:\/\/fundacion-biodiversidad.es\/en\/actualidad_home\/world-bird-day-an-urgent-call-to-protect-biodiversity\/","og_locale":"en_US","og_type":"article","og_title":"World Bird Day: an urgent call to protect biodiversity - Fundaci\u00f3n Biodiversidad","og_description":"This weekend is World Bird Day, a date promoted by the organization BirdLife International with the aim of raising awareness in society about the current [&hellip;]","og_url":"https:\/\/fundacion-biodiversidad.es\/en\/actualidad_home\/world-bird-day-an-urgent-call-to-protect-biodiversity\/","og_site_name":"Fundaci\u00f3n Biodiversidad","og_image":[{"url":"https:\/\/fundacion-biodiversidad.es\/wp-content\/uploads\/2024\/10\/birds-flying-2023-11-27-05-26-32-utc-scaled-e1727771090815-1024x467.jpg","type":"","width":"","height":""}],"twitter_card":"summary_large_image","twitter_misc":{"Est. reading time":"4 minutes"},"schema":{"@context":"https:\/\/schema.org","@graph":[{"@type":"WebPage","@id":"https:\/\/fundacion-biodiversidad.es\/en\/actualidad_home\/world-bird-day-an-urgent-call-to-protect-biodiversity\/","url":"https:\/\/fundacion-biodiversidad.es\/en\/actualidad_home\/world-bird-day-an-urgent-call-to-protect-biodiversity\/","name":"World Bird Day: an urgent call to protect biodiversity - Fundaci\u00f3n Biodiversidad","isPartOf":{"@id":"https:\/\/fundacion-biodiversidad.es\/en\/#website"},"primaryImageOfPage":{"@id":"https:\/\/fundacion-biodiversidad.es\/en\/actualidad_home\/world-bird-day-an-urgent-call-to-protect-biodiversity\/#primaryimage"},"image":{"@id":"https:\/\/fundacion-biodiversidad.es\/en\/actualidad_home\/world-bird-day-an-urgent-call-to-protect-biodiversity\/#primaryimage"},"thumbnailUrl":"https:\/\/fundacion-biodiversidad.es\/wp-content\/uploads\/2024\/10\/birds-flying-2023-11-27-05-26-32-utc-scaled-e1727771658180.jpg","datePublished":"2024-10-05T06:00:00+00:00","breadcrumb":{"@id":"https:\/\/fundacion-biodiversidad.es\/en\/actualidad_home\/world-bird-day-an-urgent-call-to-protect-biodiversity\/#breadcrumb"},"inLanguage":"en-US","potentialAction":[{"@type":"ReadAction","target":["https:\/\/fundacion-biodiversidad.es\/en\/actualidad_home\/world-bird-day-an-urgent-call-to-protect-biodiversity\/"]}]},{"@type":"ImageObject","inLanguage":"en-US","@id":"https:\/\/fundacion-biodiversidad.es\/en\/actualidad_home\/world-bird-day-an-urgent-call-to-protect-biodiversity\/#primaryimage","url":"https:\/\/fundacion-biodiversidad.es\/wp-content\/uploads\/2024\/10\/birds-flying-2023-11-27-05-26-32-utc-scaled-e1727771658180.jpg","contentUrl":"https:\/\/fundacion-biodiversidad.es\/wp-content\/uploads\/2024\/10\/birds-flying-2023-11-27-05-26-32-utc-scaled-e1727771658180.jpg","width":4096,"height":2726,"caption":"Imagen de migraci\u00f3n de aves"},{"@type":"BreadcrumbList","@id":"https:\/\/fundacion-biodiversidad.es\/en\/actualidad_home\/world-bird-day-an-urgent-call-to-protect-biodiversity\/#breadcrumb","itemListElement":[{"@type":"ListItem","position":1,"name":"Portada","item":"https:\/\/fundacion-biodiversidad.es\/en\/inicio\/"},{"@type":"ListItem","position":2,"name":"Noticias de actualidad","item":"https:\/\/fundacion-biodiversidad.es\/en\/actualidad_home\/"},{"@type":"ListItem","position":3,"name":"World Bird Day: an urgent call to protect biodiversity"}]},{"@type":"WebSite","@id":"https:\/\/fundacion-biodiversidad.es\/en\/#website","url":"https:\/\/fundacion-biodiversidad.es\/en\/","name":"Fundaci\u00f3n Biodiversidad","description":"Fundaci\u00f3n p\u00fablica adscrita al Ministerio para la Transici\u00f3n Ecol\u00f3gica","potentialAction":[{"@type":"SearchAction","target":{"@type":"EntryPoint","urlTemplate":"https:\/\/fundacion-biodiversidad.es\/en\/?s={search_term_string}"},"query-input":{"@type":"PropertyValueSpecification","valueRequired":true,"valueName":"search_term_string"}}],"inLanguage":"en-US"}]}},"_links":{"self":[{"href":"https:\/\/fundacion-biodiversidad.es\/en\/wp-json\/wp\/v2\/actualidad_home\/97854316","targetHints":{"allow":["GET"]}}],"collection":[{"href":"https:\/\/fundacion-biodiversidad.es\/en\/wp-json\/wp\/v2\/actualidad_home"}],"about":[{"href":"https:\/\/fundacion-biodiversidad.es\/en\/wp-json\/wp\/v2\/types\/actualidad_home"}],"author":[{"embeddable":true,"href":"https:\/\/fundacion-biodiversidad.es\/en\/wp-json\/wp\/v2\/users\/11"}],"wp:featuredmedia":[{"embeddable":true,"href":"https:\/\/fundacion-biodiversidad.es\/en\/wp-json\/wp\/v2\/media\/97854242"}],"wp:attachment":[{"href":"https:\/\/fundacion-biodiversidad.es\/en\/wp-json\/wp\/v2\/media?parent=97854316"}],"wp:term":[{"taxonomy":"palabras_clave","embeddable":true,"href":"https:\/\/fundacion-biodiversidad.es\/en\/wp-json\/wp\/v2\/palabras_clave?post=97854316"}],"curies":[{"name":"wp","href":"https:\/\/api.w.org\/{rel}","templated":true}]}}