{"id":97854450,"date":"2024-10-18T13:37:36","date_gmt":"2024-10-18T11:37:36","guid":{"rendered":"https:\/\/fundacion-biodiversidad.es\/actualidad_home\/we-inaugurate-the-exhibition-jorge-camacho-christian-vinck-round-trip-at-our-headquarters-in-seville\/"},"modified":"2025-02-04T10:10:27","modified_gmt":"2025-02-04T09:10:27","slug":"we-inaugurate-the-exhibition-jorge-camacho-christian-vinck-round-trip-at-our-headquarters-in-seville","status":"publish","type":"actualidad_home","link":"https:\/\/fundacion-biodiversidad.es\/en\/actualidad_home\/we-inaugurate-the-exhibition-jorge-camacho-christian-vinck-round-trip-at-our-headquarters-in-seville\/","title":{"rendered":"We inaugurate the exhibition &#8220;Jorge Camacho + Christian Vinck: Round trip&#8221; at our headquarters in Seville"},"content":{"rendered":"<p style=\"text-align: justify\">The MITECO Biodiversity Foundation has inaugurated today, at its headquarters in Seville, the exhibition &#8220;Jorge Camacho + Christian Vinck: Round trip&#8221; which is developed in collaboration with the META Miami Foundation and the Do\u00f1ana Biological Station (EBD-CSIC), within the framework of the Do\u00f1ana AVE project.<\/p>\n<p style=\"text-align: justify\">The exhibition, which can be visited free of charge (Patio de Banderas, 16), will be <strong>open to the public from October 18, 2024 to February 12, 2025 <\/strong>from Monday to Friday from 9:00 a.m. to 9:00 p.m. and on Saturdays from 9:00 a.m. to 2:00 p.m. This exhibition seeks to become a space <strong>for dialogue between art and nature<\/strong>, inviting reflection on the current situation of Do\u00f1ana and the essential need to preserve this natural heritage for future generations. <\/p>\n<p style=\"text-align: justify\">This exhibition offers a sample of the work of two great artists. On the one hand, it presents a diverse selection of the renowned Cuban artist Jorge Camacho, which includes photographs, paintings, banners, documentation and hemerography; in dialogue with the paintings, drawings and an installation by the Venezuelan artist Christian Vinck, the result of his artistic residency in Do\u00f1ana Park. <\/p>\n<p style=\"text-align: justify\">The exhibition is part of the &#8220;AVE Do\u00f1ana&#8221; project, an initiative designed to <strong>highlight and raise awareness of the importance<\/strong> of the Do\u00f1ana National Park, coinciding with the 60th anniversary of the Do\u00f1ana Biological Station and the 30th anniversary of its declaration as a World Heritage Site. In addition, the inauguration takes place one day after the celebration of the <strong>55th anniversary of the declaration<\/strong> of this space as a National Park. <\/p>\n<p style=\"text-align: justify\">AVE Do\u00f1ana delves into the relationship between two protected areas on both sides of the Atlantic Ocean through art, the Hato El Fr\u00edo in Venezuela and the Do\u00f1ana National Park in Spain.<\/p>\n<p style=\"text-align: justify\">In addition, during the time it is on display, various <strong>complementary activities<\/strong> will be carried out with dialogues on art and nature. Among them, there will be the renowned writer Zo\u00e9 Vald\u00e9s, who will offer a discussion about the life and work of the artist Jorge Camacho on October 19 at 12:00 p.m. <\/p>\n<p style=\"text-align: justify\">The <strong>film cycle<\/strong> &#8220;Do\u00f1ana as inspiration&#8221; will also be developed, which aims to expand the knowledge of the park through cinematographic art. This cycle will focus on documentary film, offering a detailed view of the changes in the ecosystem and the deterioration of the landscape environment. It will also include fiction film proposals, which reproduce the relationship between cinema and Do\u00f1ana. The screenings will include works representative of different historical moments, from the first cinematographic document filmed in the region, &#8220;El Corcho&#8221; (1941), to the rise of documentary cinema in the seventies and culminating with &#8220;Do\u00f1ana. Wild Reserve of Europe&#8221;, an unreleased film.   <\/p>\n<p style=\"text-align: justify\">These actions aim to promote the <strong>transformative capacity of culture and art<\/strong>, generating new debates and reflections on the ecological transition and lifestyle changes, from an innovative and artistic perspective.<\/p>\n<p style=\"text-align: justify\">All the information regarding the program of parallel activities can be consulted on the website: <a href=\"http:\/\/www.metamiami.org\">www.metamiami.org<\/a><\/p>\n","protected":false},"author":11,"featured_media":97854449,"template":"","meta":{"_acf_changed":false},"palabras_clave":[],"class_list":["post-97854450","actualidad_home","type-actualidad_home","status-publish","has-post-thumbnail","hentry"],"acf":[],"yoast_head":"<!-- This site is optimized with the Yoast SEO plugin v26.9 - https:\/\/yoast.com\/product\/yoast-seo-wordpress\/ -->\n<title>We inaugurate the exhibition &quot;Jorge Camacho + Christian Vinck: Round trip&quot; at our headquarters in Seville - Fundaci\u00f3n Biodiversidad<\/title>\n<meta name=\"robots\" content=\"index, follow, max-snippet:-1, max-image-preview:large, max-video-preview:-1\" \/>\n<link rel=\"canonical\" href=\"https:\/\/fundacion-biodiversidad.es\/en\/actualidad_home\/we-inaugurate-the-exhibition-jorge-camacho-christian-vinck-round-trip-at-our-headquarters-in-seville\/\" \/>\n<meta property=\"og:locale\" content=\"en_US\" \/>\n<meta property=\"og:type\" content=\"article\" \/>\n<meta property=\"og:title\" content=\"We inaugurate the exhibition &quot;Jorge Camacho + Christian Vinck: Round trip&quot; at our headquarters in Seville - Fundaci\u00f3n Biodiversidad\" \/>\n<meta property=\"og:description\" content=\"The MITECO Biodiversity Foundation has inaugurated today, at its headquarters in Seville, the exhibition &#8220;Jorge Camacho + Christian Vinck: Round trip&#8221; which is developed in [&hellip;]\" \/>\n<meta property=\"og:url\" content=\"https:\/\/fundacion-biodiversidad.es\/en\/actualidad_home\/we-inaugurate-the-exhibition-jorge-camacho-christian-vinck-round-trip-at-our-headquarters-in-seville\/\" \/>\n<meta property=\"og:site_name\" content=\"Fundaci\u00f3n Biodiversidad\" \/>\n<meta property=\"article:modified_time\" content=\"2025-02-04T09:10:27+00:00\" \/>\n<meta property=\"og:image\" content=\"https:\/\/fundacion-biodiversidad.es\/wp-content\/uploads\/2024\/10\/Fundacion-Biodiversidad-60-1-scaled-e1729251361135-1024x536.jpg\" \/>\n<meta name=\"twitter:card\" content=\"summary_large_image\" \/>\n<meta name=\"twitter:label1\" content=\"Est. reading time\" \/>\n\t<meta name=\"twitter:data1\" content=\"2 minutes\" \/>\n<script type=\"application\/ld+json\" class=\"yoast-schema-graph\">{\"@context\":\"https:\/\/schema.org\",\"@graph\":[{\"@type\":\"WebPage\",\"@id\":\"https:\/\/fundacion-biodiversidad.es\/en\/actualidad_home\/we-inaugurate-the-exhibition-jorge-camacho-christian-vinck-round-trip-at-our-headquarters-in-seville\/\",\"url\":\"https:\/\/fundacion-biodiversidad.es\/en\/actualidad_home\/we-inaugurate-the-exhibition-jorge-camacho-christian-vinck-round-trip-at-our-headquarters-in-seville\/\",\"name\":\"We inaugurate the exhibition \\\"Jorge Camacho + Christian Vinck: Round trip\\\" at our headquarters in Seville - Fundaci\u00f3n Biodiversidad\",\"isPartOf\":{\"@id\":\"https:\/\/fundacion-biodiversidad.es\/en\/#website\"},\"primaryImageOfPage\":{\"@id\":\"https:\/\/fundacion-biodiversidad.es\/en\/actualidad_home\/we-inaugurate-the-exhibition-jorge-camacho-christian-vinck-round-trip-at-our-headquarters-in-seville\/#primaryimage\"},\"image\":{\"@id\":\"https:\/\/fundacion-biodiversidad.es\/en\/actualidad_home\/we-inaugurate-the-exhibition-jorge-camacho-christian-vinck-round-trip-at-our-headquarters-in-seville\/#primaryimage\"},\"thumbnailUrl\":\"https:\/\/fundacion-biodiversidad.es\/wp-content\/uploads\/2024\/10\/Fundacion-Biodiversidad-60-1-scaled-e1729251361135.jpg\",\"datePublished\":\"2024-10-18T11:37:36+00:00\",\"dateModified\":\"2025-02-04T09:10:27+00:00\",\"breadcrumb\":{\"@id\":\"https:\/\/fundacion-biodiversidad.es\/en\/actualidad_home\/we-inaugurate-the-exhibition-jorge-camacho-christian-vinck-round-trip-at-our-headquarters-in-seville\/#breadcrumb\"},\"inLanguage\":\"en-US\",\"potentialAction\":[{\"@type\":\"ReadAction\",\"target\":[\"https:\/\/fundacion-biodiversidad.es\/en\/actualidad_home\/we-inaugurate-the-exhibition-jorge-camacho-christian-vinck-round-trip-at-our-headquarters-in-seville\/\"]}]},{\"@type\":\"ImageObject\",\"inLanguage\":\"en-US\",\"@id\":\"https:\/\/fundacion-biodiversidad.es\/en\/actualidad_home\/we-inaugurate-the-exhibition-jorge-camacho-christian-vinck-round-trip-at-our-headquarters-in-seville\/#primaryimage\",\"url\":\"https:\/\/fundacion-biodiversidad.es\/wp-content\/uploads\/2024\/10\/Fundacion-Biodiversidad-60-1-scaled-e1729251361135.jpg\",\"contentUrl\":\"https:\/\/fundacion-biodiversidad.es\/wp-content\/uploads\/2024\/10\/Fundacion-Biodiversidad-60-1-scaled-e1729251361135.jpg\",\"width\":4096,\"height\":2731},{\"@type\":\"BreadcrumbList\",\"@id\":\"https:\/\/fundacion-biodiversidad.es\/en\/actualidad_home\/we-inaugurate-the-exhibition-jorge-camacho-christian-vinck-round-trip-at-our-headquarters-in-seville\/#breadcrumb\",\"itemListElement\":[{\"@type\":\"ListItem\",\"position\":1,\"name\":\"Portada\",\"item\":\"https:\/\/fundacion-biodiversidad.es\/en\/inicio\/\"},{\"@type\":\"ListItem\",\"position\":2,\"name\":\"Noticias de actualidad\",\"item\":\"https:\/\/fundacion-biodiversidad.es\/en\/actualidad_home\/\"},{\"@type\":\"ListItem\",\"position\":3,\"name\":\"We inaugurate the exhibition &#8220;Jorge Camacho + Christian Vinck: Round trip&#8221; at our headquarters in Seville\"}]},{\"@type\":\"WebSite\",\"@id\":\"https:\/\/fundacion-biodiversidad.es\/en\/#website\",\"url\":\"https:\/\/fundacion-biodiversidad.es\/en\/\",\"name\":\"Fundaci\u00f3n Biodiversidad\",\"description\":\"Fundaci\u00f3n p\u00fablica adscrita al Ministerio para la Transici\u00f3n Ecol\u00f3gica\",\"potentialAction\":[{\"@type\":\"SearchAction\",\"target\":{\"@type\":\"EntryPoint\",\"urlTemplate\":\"https:\/\/fundacion-biodiversidad.es\/en\/?s={search_term_string}\"},\"query-input\":{\"@type\":\"PropertyValueSpecification\",\"valueRequired\":true,\"valueName\":\"search_term_string\"}}],\"inLanguage\":\"en-US\"}]}<\/script>\n<!-- \/ Yoast SEO plugin. -->","yoast_head_json":{"title":"We inaugurate the exhibition \"Jorge Camacho + Christian Vinck: Round trip\" at our headquarters in Seville - Fundaci\u00f3n Biodiversidad","robots":{"index":"index","follow":"follow","max-snippet":"max-snippet:-1","max-image-preview":"max-image-preview:large","max-video-preview":"max-video-preview:-1"},"canonical":"https:\/\/fundacion-biodiversidad.es\/en\/actualidad_home\/we-inaugurate-the-exhibition-jorge-camacho-christian-vinck-round-trip-at-our-headquarters-in-seville\/","og_locale":"en_US","og_type":"article","og_title":"We inaugurate the exhibition \"Jorge Camacho + Christian Vinck: Round trip\" at our headquarters in Seville - Fundaci\u00f3n Biodiversidad","og_description":"The MITECO Biodiversity Foundation has inaugurated today, at its headquarters in Seville, the exhibition &#8220;Jorge Camacho + Christian Vinck: Round trip&#8221; which is developed in [&hellip;]","og_url":"https:\/\/fundacion-biodiversidad.es\/en\/actualidad_home\/we-inaugurate-the-exhibition-jorge-camacho-christian-vinck-round-trip-at-our-headquarters-in-seville\/","og_site_name":"Fundaci\u00f3n Biodiversidad","article_modified_time":"2025-02-04T09:10:27+00:00","og_image":[{"url":"https:\/\/fundacion-biodiversidad.es\/wp-content\/uploads\/2024\/10\/Fundacion-Biodiversidad-60-1-scaled-e1729251361135-1024x536.jpg","type":"","width":"","height":""}],"twitter_card":"summary_large_image","twitter_misc":{"Est. reading time":"2 minutes"},"schema":{"@context":"https:\/\/schema.org","@graph":[{"@type":"WebPage","@id":"https:\/\/fundacion-biodiversidad.es\/en\/actualidad_home\/we-inaugurate-the-exhibition-jorge-camacho-christian-vinck-round-trip-at-our-headquarters-in-seville\/","url":"https:\/\/fundacion-biodiversidad.es\/en\/actualidad_home\/we-inaugurate-the-exhibition-jorge-camacho-christian-vinck-round-trip-at-our-headquarters-in-seville\/","name":"We inaugurate the exhibition \"Jorge Camacho + Christian Vinck: Round trip\" at our headquarters in Seville - Fundaci\u00f3n Biodiversidad","isPartOf":{"@id":"https:\/\/fundacion-biodiversidad.es\/en\/#website"},"primaryImageOfPage":{"@id":"https:\/\/fundacion-biodiversidad.es\/en\/actualidad_home\/we-inaugurate-the-exhibition-jorge-camacho-christian-vinck-round-trip-at-our-headquarters-in-seville\/#primaryimage"},"image":{"@id":"https:\/\/fundacion-biodiversidad.es\/en\/actualidad_home\/we-inaugurate-the-exhibition-jorge-camacho-christian-vinck-round-trip-at-our-headquarters-in-seville\/#primaryimage"},"thumbnailUrl":"https:\/\/fundacion-biodiversidad.es\/wp-content\/uploads\/2024\/10\/Fundacion-Biodiversidad-60-1-scaled-e1729251361135.jpg","datePublished":"2024-10-18T11:37:36+00:00","dateModified":"2025-02-04T09:10:27+00:00","breadcrumb":{"@id":"https:\/\/fundacion-biodiversidad.es\/en\/actualidad_home\/we-inaugurate-the-exhibition-jorge-camacho-christian-vinck-round-trip-at-our-headquarters-in-seville\/#breadcrumb"},"inLanguage":"en-US","potentialAction":[{"@type":"ReadAction","target":["https:\/\/fundacion-biodiversidad.es\/en\/actualidad_home\/we-inaugurate-the-exhibition-jorge-camacho-christian-vinck-round-trip-at-our-headquarters-in-seville\/"]}]},{"@type":"ImageObject","inLanguage":"en-US","@id":"https:\/\/fundacion-biodiversidad.es\/en\/actualidad_home\/we-inaugurate-the-exhibition-jorge-camacho-christian-vinck-round-trip-at-our-headquarters-in-seville\/#primaryimage","url":"https:\/\/fundacion-biodiversidad.es\/wp-content\/uploads\/2024\/10\/Fundacion-Biodiversidad-60-1-scaled-e1729251361135.jpg","contentUrl":"https:\/\/fundacion-biodiversidad.es\/wp-content\/uploads\/2024\/10\/Fundacion-Biodiversidad-60-1-scaled-e1729251361135.jpg","width":4096,"height":2731},{"@type":"BreadcrumbList","@id":"https:\/\/fundacion-biodiversidad.es\/en\/actualidad_home\/we-inaugurate-the-exhibition-jorge-camacho-christian-vinck-round-trip-at-our-headquarters-in-seville\/#breadcrumb","itemListElement":[{"@type":"ListItem","position":1,"name":"Portada","item":"https:\/\/fundacion-biodiversidad.es\/en\/inicio\/"},{"@type":"ListItem","position":2,"name":"Noticias de actualidad","item":"https:\/\/fundacion-biodiversidad.es\/en\/actualidad_home\/"},{"@type":"ListItem","position":3,"name":"We inaugurate the exhibition &#8220;Jorge Camacho + Christian Vinck: Round trip&#8221; at our headquarters in Seville"}]},{"@type":"WebSite","@id":"https:\/\/fundacion-biodiversidad.es\/en\/#website","url":"https:\/\/fundacion-biodiversidad.es\/en\/","name":"Fundaci\u00f3n Biodiversidad","description":"Fundaci\u00f3n p\u00fablica adscrita al Ministerio para la Transici\u00f3n Ecol\u00f3gica","potentialAction":[{"@type":"SearchAction","target":{"@type":"EntryPoint","urlTemplate":"https:\/\/fundacion-biodiversidad.es\/en\/?s={search_term_string}"},"query-input":{"@type":"PropertyValueSpecification","valueRequired":true,"valueName":"search_term_string"}}],"inLanguage":"en-US"}]}},"_links":{"self":[{"href":"https:\/\/fundacion-biodiversidad.es\/en\/wp-json\/wp\/v2\/actualidad_home\/97854450","targetHints":{"allow":["GET"]}}],"collection":[{"href":"https:\/\/fundacion-biodiversidad.es\/en\/wp-json\/wp\/v2\/actualidad_home"}],"about":[{"href":"https:\/\/fundacion-biodiversidad.es\/en\/wp-json\/wp\/v2\/types\/actualidad_home"}],"author":[{"embeddable":true,"href":"https:\/\/fundacion-biodiversidad.es\/en\/wp-json\/wp\/v2\/users\/11"}],"wp:featuredmedia":[{"embeddable":true,"href":"https:\/\/fundacion-biodiversidad.es\/en\/wp-json\/wp\/v2\/media\/97854449"}],"wp:attachment":[{"href":"https:\/\/fundacion-biodiversidad.es\/en\/wp-json\/wp\/v2\/media?parent=97854450"}],"wp:term":[{"taxonomy":"palabras_clave","embeddable":true,"href":"https:\/\/fundacion-biodiversidad.es\/en\/wp-json\/wp\/v2\/palabras_clave?post=97854450"}],"curies":[{"name":"wp","href":"https:\/\/api.w.org\/{rel}","templated":true}]}}