{"id":97854583,"date":"2024-11-03T09:00:36","date_gmt":"2024-11-03T08:00:36","guid":{"rendered":"https:\/\/fundacion-biodiversidad.es\/actualidad_home\/biosphere-reserves-natural-laboratories-to-advance-in-the-conservation-of-biodiversity\/"},"modified":"2024-11-03T09:06:14","modified_gmt":"2024-11-03T08:06:14","slug":"biosphere-reserves-natural-laboratories-to-advance-in-the-conservation-of-biodiversity","status":"publish","type":"actualidad_home","link":"https:\/\/fundacion-biodiversidad.es\/en\/actualidad_home\/biosphere-reserves-natural-laboratories-to-advance-in-the-conservation-of-biodiversity\/","title":{"rendered":"Biosphere reserves, natural laboratories to advance in the conservation of biodiversity"},"content":{"rendered":"<p>Today marks the International Day of Biosphere Reserves, proclaimed in 2021 at the initiative of UNESCO&#8217;s Science Commission during its <a href=\"https:\/\/unesdoc.unesco.org\/ark:\/48223\/pf0000375786\">41st General Conference<\/a>. The purpose of this event is to highlight the importance of biosphere reserves in the conservation of ecosystems and biodiversity, <strong>promoting research, sustainable development<\/strong> and decision-making to promote the protection of the environment. Biosphere reserves are natural spaces that are home to <strong>a rich diversity of habitats and ecosystems<\/strong>, such as tropical forests, tundras, deserts, and boreal forests. These areas are internationally recognized and maintain the sovereignty of each country. Its interest lies not only in its biodiversity, but also in its scientific, ecological and cultural value, which encourages research and education. The reserves serve as <strong>natural laboratories<\/strong>, where the effects of climate change are studied and innovative solutions for conservation are developed. The creation of biosphere reserves by UNESCO <strong>dates back to 1974<\/strong>, with the aim of promoting the balanced and sustainable management of these spaces. The <a href=\"https:\/\/www.unesco.org\/en\/mab\">Man and the Biosphere (MAB) Programme<\/a>, established in 1971, seeks to prevent the indiscriminate exploitation of natural resources and preserve the planet&#8217;s ecosystems. This programme emphasises the need for an <strong>integrated approach<\/strong> that links conservation with human development, thus ensuring a balance between resource use and environmental protection. <\/p>\n<p><strong>Spain and the new reserves<\/strong><\/p>\n<p>This year, <strong>new reserves<\/strong> have been added to the UNESCO network, reflecting the growing global commitment to biodiversity conservation. Specifically, last July, <a href=\"https:\/\/www.unesco.org\/es\/articles\/la-unesco-designa-11-nuevas-reservas-de-biosfera-1\">UNESCO approved the<\/a> designation <strong>of 11 new biosphere reserves in 11 countries<\/strong>, including Spain, which included <strong>the Vall d&#8217;Aran Biosphere Reserve<\/strong>, located at the western end of the Catalan Pyrenees, and the <strong>Irati Biosphere Reserve<\/strong>.  located in the mid-mountain area of the western Pyrenees. The Vall d&#8217;Aran, with an area of <strong>632 square kilometres,<\/strong> stands out for its diversity of landscapes and its cultural heritage, while Irati is home to the second largest beech forest in Europe, covering <strong>537 square kilometres<\/strong>. Both reserves reflect a joint effort to improve the protection of biodiversity and revitalize traditional practices, in a context of sustainable growth. With these additions, the World Network of Biosphere Reserves <strong>expands to 759 reserves in 136 countries<\/strong>, underscoring the importance of protecting these valuable ecosystems. In addition, our country stands out <strong>as a world leader<\/strong>, with 55 recognized reserves. Thus, November 3 is a date to reflect on the importance of biosphere reserves and the role they play in protecting our planet. These areas not only preserve biodiversity, but <strong>are also critical<\/strong> to human well-being, providing essential ecosystem services such as climate regulation, water purification, and crop pollination. It is essential to work to ensure that these spaces remain a valuable natural heritage for future generations.<\/p>\n<p>&nbsp;<\/p>\n<p>&nbsp;<\/p>\n<p>&nbsp;<\/p>\n<p>&nbsp;<\/p>\n","protected":false},"author":11,"featured_media":97854582,"template":"","meta":{"_acf_changed":false},"palabras_clave":[],"class_list":["post-97854583","actualidad_home","type-actualidad_home","status-publish","has-post-thumbnail","hentry"],"acf":[],"yoast_head":"<!-- This site is optimized with the Yoast SEO plugin v26.9 - https:\/\/yoast.com\/product\/yoast-seo-wordpress\/ -->\n<title>Biosphere reserves, natural laboratories to advance in the conservation of biodiversity - Fundaci\u00f3n Biodiversidad<\/title>\n<meta name=\"robots\" content=\"index, follow, max-snippet:-1, max-image-preview:large, max-video-preview:-1\" \/>\n<link rel=\"canonical\" href=\"https:\/\/fundacion-biodiversidad.es\/en\/actualidad_home\/biosphere-reserves-natural-laboratories-to-advance-in-the-conservation-of-biodiversity\/\" \/>\n<meta property=\"og:locale\" content=\"en_US\" \/>\n<meta property=\"og:type\" content=\"article\" \/>\n<meta property=\"og:title\" content=\"Biosphere reserves, natural laboratories to advance in the conservation of biodiversity - Fundaci\u00f3n Biodiversidad\" \/>\n<meta property=\"og:description\" content=\"Today marks the International Day of Biosphere Reserves, proclaimed in 2021 at the initiative of UNESCO&#8217;s Science Commission during its 41st General Conference. The purpose [&hellip;]\" \/>\n<meta property=\"og:url\" content=\"https:\/\/fundacion-biodiversidad.es\/en\/actualidad_home\/biosphere-reserves-natural-laboratories-to-advance-in-the-conservation-of-biodiversity\/\" \/>\n<meta property=\"og:site_name\" content=\"Fundaci\u00f3n Biodiversidad\" \/>\n<meta property=\"article:modified_time\" content=\"2024-11-03T08:06:14+00:00\" \/>\n<meta property=\"og:image\" content=\"https:\/\/fundacion-biodiversidad.es\/wp-content\/uploads\/2024\/10\/spain-navarra-irati-forest-young-woman-walking-2024-09-23-05-44-45-utc-scaled-e1730401428344-1024x536.jpg\" \/>\n<meta name=\"twitter:card\" content=\"summary_large_image\" \/>\n<meta name=\"twitter:label1\" content=\"Est. reading time\" \/>\n\t<meta name=\"twitter:data1\" content=\"2 minutes\" \/>\n<script type=\"application\/ld+json\" class=\"yoast-schema-graph\">{\"@context\":\"https:\/\/schema.org\",\"@graph\":[{\"@type\":\"WebPage\",\"@id\":\"https:\/\/fundacion-biodiversidad.es\/en\/actualidad_home\/biosphere-reserves-natural-laboratories-to-advance-in-the-conservation-of-biodiversity\/\",\"url\":\"https:\/\/fundacion-biodiversidad.es\/en\/actualidad_home\/biosphere-reserves-natural-laboratories-to-advance-in-the-conservation-of-biodiversity\/\",\"name\":\"Biosphere reserves, natural laboratories to advance in the conservation of biodiversity - Fundaci\u00f3n Biodiversidad\",\"isPartOf\":{\"@id\":\"https:\/\/fundacion-biodiversidad.es\/en\/#website\"},\"primaryImageOfPage\":{\"@id\":\"https:\/\/fundacion-biodiversidad.es\/en\/actualidad_home\/biosphere-reserves-natural-laboratories-to-advance-in-the-conservation-of-biodiversity\/#primaryimage\"},\"image\":{\"@id\":\"https:\/\/fundacion-biodiversidad.es\/en\/actualidad_home\/biosphere-reserves-natural-laboratories-to-advance-in-the-conservation-of-biodiversity\/#primaryimage\"},\"thumbnailUrl\":\"https:\/\/fundacion-biodiversidad.es\/wp-content\/uploads\/2024\/10\/spain-navarra-irati-forest-young-woman-walking-2024-09-23-05-44-45-utc-scaled-e1730401428344.jpg\",\"datePublished\":\"2024-11-03T08:00:36+00:00\",\"dateModified\":\"2024-11-03T08:06:14+00:00\",\"breadcrumb\":{\"@id\":\"https:\/\/fundacion-biodiversidad.es\/en\/actualidad_home\/biosphere-reserves-natural-laboratories-to-advance-in-the-conservation-of-biodiversity\/#breadcrumb\"},\"inLanguage\":\"en-US\",\"potentialAction\":[{\"@type\":\"ReadAction\",\"target\":[\"https:\/\/fundacion-biodiversidad.es\/en\/actualidad_home\/biosphere-reserves-natural-laboratories-to-advance-in-the-conservation-of-biodiversity\/\"]}]},{\"@type\":\"ImageObject\",\"inLanguage\":\"en-US\",\"@id\":\"https:\/\/fundacion-biodiversidad.es\/en\/actualidad_home\/biosphere-reserves-natural-laboratories-to-advance-in-the-conservation-of-biodiversity\/#primaryimage\",\"url\":\"https:\/\/fundacion-biodiversidad.es\/wp-content\/uploads\/2024\/10\/spain-navarra-irati-forest-young-woman-walking-2024-09-23-05-44-45-utc-scaled-e1730401428344.jpg\",\"contentUrl\":\"https:\/\/fundacion-biodiversidad.es\/wp-content\/uploads\/2024\/10\/spain-navarra-irati-forest-young-woman-walking-2024-09-23-05-44-45-utc-scaled-e1730401428344.jpg\",\"width\":4096,\"height\":2731,\"caption\":\"Spain, Navarra, Irati Forest, young woman walking in lush forest\"},{\"@type\":\"BreadcrumbList\",\"@id\":\"https:\/\/fundacion-biodiversidad.es\/en\/actualidad_home\/biosphere-reserves-natural-laboratories-to-advance-in-the-conservation-of-biodiversity\/#breadcrumb\",\"itemListElement\":[{\"@type\":\"ListItem\",\"position\":1,\"name\":\"Portada\",\"item\":\"https:\/\/fundacion-biodiversidad.es\/en\/inicio\/\"},{\"@type\":\"ListItem\",\"position\":2,\"name\":\"Noticias de actualidad\",\"item\":\"https:\/\/fundacion-biodiversidad.es\/en\/actualidad_home\/\"},{\"@type\":\"ListItem\",\"position\":3,\"name\":\"Biosphere reserves, natural laboratories to advance in the conservation of biodiversity\"}]},{\"@type\":\"WebSite\",\"@id\":\"https:\/\/fundacion-biodiversidad.es\/en\/#website\",\"url\":\"https:\/\/fundacion-biodiversidad.es\/en\/\",\"name\":\"Fundaci\u00f3n Biodiversidad\",\"description\":\"Fundaci\u00f3n p\u00fablica adscrita al Ministerio para la Transici\u00f3n Ecol\u00f3gica\",\"potentialAction\":[{\"@type\":\"SearchAction\",\"target\":{\"@type\":\"EntryPoint\",\"urlTemplate\":\"https:\/\/fundacion-biodiversidad.es\/en\/?s={search_term_string}\"},\"query-input\":{\"@type\":\"PropertyValueSpecification\",\"valueRequired\":true,\"valueName\":\"search_term_string\"}}],\"inLanguage\":\"en-US\"}]}<\/script>\n<!-- \/ Yoast SEO plugin. -->","yoast_head_json":{"title":"Biosphere reserves, natural laboratories to advance in the conservation of biodiversity - Fundaci\u00f3n Biodiversidad","robots":{"index":"index","follow":"follow","max-snippet":"max-snippet:-1","max-image-preview":"max-image-preview:large","max-video-preview":"max-video-preview:-1"},"canonical":"https:\/\/fundacion-biodiversidad.es\/en\/actualidad_home\/biosphere-reserves-natural-laboratories-to-advance-in-the-conservation-of-biodiversity\/","og_locale":"en_US","og_type":"article","og_title":"Biosphere reserves, natural laboratories to advance in the conservation of biodiversity - Fundaci\u00f3n Biodiversidad","og_description":"Today marks the International Day of Biosphere Reserves, proclaimed in 2021 at the initiative of UNESCO&#8217;s Science Commission during its 41st General Conference. The purpose [&hellip;]","og_url":"https:\/\/fundacion-biodiversidad.es\/en\/actualidad_home\/biosphere-reserves-natural-laboratories-to-advance-in-the-conservation-of-biodiversity\/","og_site_name":"Fundaci\u00f3n Biodiversidad","article_modified_time":"2024-11-03T08:06:14+00:00","og_image":[{"url":"https:\/\/fundacion-biodiversidad.es\/wp-content\/uploads\/2024\/10\/spain-navarra-irati-forest-young-woman-walking-2024-09-23-05-44-45-utc-scaled-e1730401428344-1024x536.jpg","type":"","width":"","height":""}],"twitter_card":"summary_large_image","twitter_misc":{"Est. reading time":"2 minutes"},"schema":{"@context":"https:\/\/schema.org","@graph":[{"@type":"WebPage","@id":"https:\/\/fundacion-biodiversidad.es\/en\/actualidad_home\/biosphere-reserves-natural-laboratories-to-advance-in-the-conservation-of-biodiversity\/","url":"https:\/\/fundacion-biodiversidad.es\/en\/actualidad_home\/biosphere-reserves-natural-laboratories-to-advance-in-the-conservation-of-biodiversity\/","name":"Biosphere reserves, natural laboratories to advance in the conservation of biodiversity - Fundaci\u00f3n Biodiversidad","isPartOf":{"@id":"https:\/\/fundacion-biodiversidad.es\/en\/#website"},"primaryImageOfPage":{"@id":"https:\/\/fundacion-biodiversidad.es\/en\/actualidad_home\/biosphere-reserves-natural-laboratories-to-advance-in-the-conservation-of-biodiversity\/#primaryimage"},"image":{"@id":"https:\/\/fundacion-biodiversidad.es\/en\/actualidad_home\/biosphere-reserves-natural-laboratories-to-advance-in-the-conservation-of-biodiversity\/#primaryimage"},"thumbnailUrl":"https:\/\/fundacion-biodiversidad.es\/wp-content\/uploads\/2024\/10\/spain-navarra-irati-forest-young-woman-walking-2024-09-23-05-44-45-utc-scaled-e1730401428344.jpg","datePublished":"2024-11-03T08:00:36+00:00","dateModified":"2024-11-03T08:06:14+00:00","breadcrumb":{"@id":"https:\/\/fundacion-biodiversidad.es\/en\/actualidad_home\/biosphere-reserves-natural-laboratories-to-advance-in-the-conservation-of-biodiversity\/#breadcrumb"},"inLanguage":"en-US","potentialAction":[{"@type":"ReadAction","target":["https:\/\/fundacion-biodiversidad.es\/en\/actualidad_home\/biosphere-reserves-natural-laboratories-to-advance-in-the-conservation-of-biodiversity\/"]}]},{"@type":"ImageObject","inLanguage":"en-US","@id":"https:\/\/fundacion-biodiversidad.es\/en\/actualidad_home\/biosphere-reserves-natural-laboratories-to-advance-in-the-conservation-of-biodiversity\/#primaryimage","url":"https:\/\/fundacion-biodiversidad.es\/wp-content\/uploads\/2024\/10\/spain-navarra-irati-forest-young-woman-walking-2024-09-23-05-44-45-utc-scaled-e1730401428344.jpg","contentUrl":"https:\/\/fundacion-biodiversidad.es\/wp-content\/uploads\/2024\/10\/spain-navarra-irati-forest-young-woman-walking-2024-09-23-05-44-45-utc-scaled-e1730401428344.jpg","width":4096,"height":2731,"caption":"Spain, Navarra, Irati Forest, young woman walking in lush forest"},{"@type":"BreadcrumbList","@id":"https:\/\/fundacion-biodiversidad.es\/en\/actualidad_home\/biosphere-reserves-natural-laboratories-to-advance-in-the-conservation-of-biodiversity\/#breadcrumb","itemListElement":[{"@type":"ListItem","position":1,"name":"Portada","item":"https:\/\/fundacion-biodiversidad.es\/en\/inicio\/"},{"@type":"ListItem","position":2,"name":"Noticias de actualidad","item":"https:\/\/fundacion-biodiversidad.es\/en\/actualidad_home\/"},{"@type":"ListItem","position":3,"name":"Biosphere reserves, natural laboratories to advance in the conservation of biodiversity"}]},{"@type":"WebSite","@id":"https:\/\/fundacion-biodiversidad.es\/en\/#website","url":"https:\/\/fundacion-biodiversidad.es\/en\/","name":"Fundaci\u00f3n Biodiversidad","description":"Fundaci\u00f3n p\u00fablica adscrita al Ministerio para la Transici\u00f3n Ecol\u00f3gica","potentialAction":[{"@type":"SearchAction","target":{"@type":"EntryPoint","urlTemplate":"https:\/\/fundacion-biodiversidad.es\/en\/?s={search_term_string}"},"query-input":{"@type":"PropertyValueSpecification","valueRequired":true,"valueName":"search_term_string"}}],"inLanguage":"en-US"}]}},"_links":{"self":[{"href":"https:\/\/fundacion-biodiversidad.es\/en\/wp-json\/wp\/v2\/actualidad_home\/97854583","targetHints":{"allow":["GET"]}}],"collection":[{"href":"https:\/\/fundacion-biodiversidad.es\/en\/wp-json\/wp\/v2\/actualidad_home"}],"about":[{"href":"https:\/\/fundacion-biodiversidad.es\/en\/wp-json\/wp\/v2\/types\/actualidad_home"}],"author":[{"embeddable":true,"href":"https:\/\/fundacion-biodiversidad.es\/en\/wp-json\/wp\/v2\/users\/11"}],"wp:featuredmedia":[{"embeddable":true,"href":"https:\/\/fundacion-biodiversidad.es\/en\/wp-json\/wp\/v2\/media\/97854582"}],"wp:attachment":[{"href":"https:\/\/fundacion-biodiversidad.es\/en\/wp-json\/wp\/v2\/media?parent=97854583"}],"wp:term":[{"taxonomy":"palabras_clave","embeddable":true,"href":"https:\/\/fundacion-biodiversidad.es\/en\/wp-json\/wp\/v2\/palabras_clave?post=97854583"}],"curies":[{"name":"wp","href":"https:\/\/api.w.org\/{rel}","templated":true}]}}