{"id":97854871,"date":"2024-11-19T10:04:40","date_gmt":"2024-11-19T09:04:40","guid":{"rendered":"https:\/\/fundacion-biodiversidad.es\/actualidad_home\/womens-entrepreneurship-a-commitment-to-equality-and-progress\/"},"modified":"2024-11-19T10:04:40","modified_gmt":"2024-11-19T09:04:40","slug":"womens-entrepreneurship-a-commitment-to-equality-and-progress","status":"publish","type":"actualidad_home","link":"https:\/\/fundacion-biodiversidad.es\/en\/actualidad_home\/womens-entrepreneurship-a-commitment-to-equality-and-progress\/","title":{"rendered":"Women&#8217;s entrepreneurship: a commitment to equality and progress"},"content":{"rendered":"<p><strong>World Women&#8217;s Entrepreneurship Day<\/strong> is celebrated on 19 November, a day recognised since 2014 by the <strong>United Nations (UN)<\/strong> to raise awareness of the challenges and opportunities of women in the business world and promote their visibility in the entrepreneurial ecosystem. This anniversary, promoted by the <strong>Women&#8217;s Entrepreneurship Day Organization <\/strong>(WEDO), was born with the purpose of creating a more inclusive and accessible environment, in which women can undertake and contribute to economic development on equal terms. In recent years, <strong>female entrepreneurship<\/strong> has shown remarkable growth in Spain. According to the <a href=\"https:\/\/ata.es\/wp-content\/uploads\/2024\/03\/np%20Informe%20mujer%20aut%C3%B3noma%202023%20(2).pdf\"><strong>Self-Employed Women&#8217;s Report 2023<\/strong><\/a>, prepared by the National Federation of Associations of Self-Employed Workers, 90% of the new registrations in the self-employed regime during 2023 were women. This represents an increase <strong>of 15.4% in women entrepreneurs<\/strong> compared to the previous year, with a special contribution in sectors such as commerce, services and agriculture. However, women continue to face different challenges. One of these obstacles is <strong>access to finance<\/strong>, since, according to a study by <a href=\"https:\/\/europeanwomeninvc.idcinteractive.net\/8\/\">European Women in VC,<\/a> less than 2% of total <em>investment in startups<\/em> in Europe is directed to companies founded exclusively by women. This financial imbalance also limits their ability to undertake in <strong>high-investment<\/strong> sectors, which translates into a preference for projects that require less initial capital. <\/p>\n<p><strong>Female entrepreneurship as a driver of social transformation<\/strong><\/p>\n<p>In rural areas, <strong>female entrepreneurship<\/strong> is a key element in facing challenges such as <strong>depopulation<\/strong>, <strong>ageing<\/strong> and <strong>masculinisation<\/strong> of these territories. Today, 85% of the Spanish territory is rural, although only 20% of the population resides there, and a very small proportion of women and young people. The report &#8220;<a href=\"https:\/\/www.miteco.gob.es\/es\/ministerio\/planes-estrategias\/igualdad-de-genero\/emprendimiento-mujeres-verde-rural-2023.html\">Women&#8217;s Green Entrepreneurship and Women&#8217;s Entrepreneurship in Rural Areas<\/a>&#8220;, published in 2023 by the Ministry for the Ecological Transition and the Demographic Challenge (MITECO), analyses women&#8217;s participation in entrepreneurship with a gender perspective and in sustainable rural activities. According to this report, only one in 10 entrepreneurs in green activities in Spain is a woman, and rural entrepreneurs represent only a third of the total business community in rural areas. Even so, Spain is among the countries with the <strong>highest number of female rural entrepreneurship<\/strong> in the European Union, standing out along with Lithuania, Austria, France, Greece and Poland. The report also estimates that in 2022 there were 56,692 women entrepreneurs in green activities and 534,595 men in Spain, reflecting that women make up only 9.6% of the total in this field. For its part, the <a href=\"https:\/\/www.gem-spain.com\/wp-content\/uploads\/Informes%20Especiales\/Emprendimiento-y-la-mujer\/Gira%20Mujeres%20Informe%20mujer%20emprendedora%202022.pdf\">Entrepreneurship Observatory<\/a> indicates that 79% of rural women perceive entrepreneurship as a way to stay in their localities and confirms that most of them launch projects in sectors related to commerce, services and agriculture. In fact, the presence of <strong>women leaders in the agricultural sector<\/strong> has grown by 22% in the last decade, which has strengthened the rural productive fabric and brought hope to many communities at risk of depopulation. Along these lines, the <strong>Biodiversity Foundation of the Ministry for the Ecological Transition and the Demographic Challenge<\/strong> (MITECO) promotes green entrepreneurship through the <a href=\"https:\/\/www.redemprendeverde.es\/\">Emprendeverde Network<\/a>, the largest community in Spain of entrepreneurs committed to sustainability and the green economy. With <strong>more than 11,000 members<\/strong>, the Emprendeverde Network works to strengthen business models that generate a positive impact on the environment and society, promoting female participation through training and mentoring programs adapted to the specific needs of women. On the other hand, the Foundation also supports specific projects led by rural women that contribute to preserving biodiversity and generating sustainable income through the Empleaverde+ Programme, financed by the European Social Fund Plus. <\/p>\n<p> Examples of these projects are <a href=\"https:\/\/www.tuterneraencasa.com\/\"><em>Tu Ternera en Casa<\/em><\/a>, a sustainable livestock company in Le\u00f3n, led by <strong>A\u00edda Rodrigo<\/strong>, which offers local meat at home while respecting the environment and traditional livestock practices; <a href=\"https:\/\/algaslapatrona.com\/\"><em>Algas La Patrona<\/em><\/a>, a seaweed production enterprise in Pontevedra, directed by <strong>Cristina Garc\u00eda<\/strong>, which is committed to female employment and sustainable harvesting; and <a href=\"https:\/\/d2naturaleza.com\/\"><em>D2Naturaleza<\/em><\/a>, an ecotourism project in the Sierra del Guadarrama, founded by <strong>Henar Rold\u00e1n<\/strong>, which educates and raises awareness about the importance of nature conservation. In addition, through the various calls of the Recovery, Transformation and Resilience Plan (RTRP), financed by the European Union &#8211; NextGenerationEU, we value the role of women in <strong>guaranteeing a more sustainable, egalitarian and inclusive model<\/strong>.<\/p>\n<p> Support for women&#8217;s entrepreneurship in the different sectors of the green economy throughout the country combines two of the fundamental pillars of the PRTR, which is committed to a greener country without gender gaps.<\/p>\n<p>In short, promoting <strong>women&#8217;s entrepreneurship<\/strong> is not only a matter of equality, but an essential way to build a green and inclusive economy. Betting on female talent and their leadership in the ecological transition is <strong>key<\/strong> to facing the current climate, social and economic challenges, ensuring that no one is left behind in the <\/p>\n","protected":false},"author":11,"featured_media":97854870,"template":"","meta":{"_acf_changed":false},"palabras_clave":[],"class_list":["post-97854871","actualidad_home","type-actualidad_home","status-publish","has-post-thumbnail","hentry"],"acf":[],"yoast_head":"<!-- This site is optimized with the Yoast SEO plugin v26.9 - https:\/\/yoast.com\/product\/yoast-seo-wordpress\/ -->\n<title>Women&#039;s entrepreneurship: a commitment to equality and progress - Fundaci\u00f3n Biodiversidad<\/title>\n<meta name=\"robots\" content=\"index, follow, max-snippet:-1, max-image-preview:large, max-video-preview:-1\" \/>\n<link rel=\"canonical\" href=\"https:\/\/fundacion-biodiversidad.es\/en\/actualidad_home\/womens-entrepreneurship-a-commitment-to-equality-and-progress\/\" \/>\n<meta property=\"og:locale\" content=\"en_US\" \/>\n<meta property=\"og:type\" content=\"article\" \/>\n<meta property=\"og:title\" content=\"Women&#039;s entrepreneurship: a commitment to equality and progress - Fundaci\u00f3n Biodiversidad\" \/>\n<meta property=\"og:description\" content=\"World Women&#8217;s Entrepreneurship Day is celebrated on 19 November, a day recognised since 2014 by the United Nations (UN) to raise awareness of the challenges [&hellip;]\" \/>\n<meta property=\"og:url\" content=\"https:\/\/fundacion-biodiversidad.es\/en\/actualidad_home\/womens-entrepreneurship-a-commitment-to-equality-and-progress\/\" \/>\n<meta property=\"og:site_name\" content=\"Fundaci\u00f3n Biodiversidad\" \/>\n<meta property=\"og:image\" content=\"https:\/\/fundacion-biodiversidad.es\/wp-content\/uploads\/2023\/01\/2487661294_35330241_720x405.png\" \/>\n\t<meta property=\"og:image:width\" content=\"720\" \/>\n\t<meta property=\"og:image:height\" content=\"405\" \/>\n\t<meta property=\"og:image:type\" content=\"image\/png\" \/>\n<meta name=\"twitter:card\" content=\"summary_large_image\" \/>\n<meta name=\"twitter:label1\" content=\"Est. reading time\" \/>\n\t<meta name=\"twitter:data1\" content=\"4 minutes\" \/>\n<script type=\"application\/ld+json\" class=\"yoast-schema-graph\">{\"@context\":\"https:\/\/schema.org\",\"@graph\":[{\"@type\":\"WebPage\",\"@id\":\"https:\/\/fundacion-biodiversidad.es\/en\/actualidad_home\/womens-entrepreneurship-a-commitment-to-equality-and-progress\/\",\"url\":\"https:\/\/fundacion-biodiversidad.es\/en\/actualidad_home\/womens-entrepreneurship-a-commitment-to-equality-and-progress\/\",\"name\":\"Women's entrepreneurship: a commitment to equality and progress - Fundaci\u00f3n Biodiversidad\",\"isPartOf\":{\"@id\":\"https:\/\/fundacion-biodiversidad.es\/en\/#website\"},\"primaryImageOfPage\":{\"@id\":\"https:\/\/fundacion-biodiversidad.es\/en\/actualidad_home\/womens-entrepreneurship-a-commitment-to-equality-and-progress\/#primaryimage\"},\"image\":{\"@id\":\"https:\/\/fundacion-biodiversidad.es\/en\/actualidad_home\/womens-entrepreneurship-a-commitment-to-equality-and-progress\/#primaryimage\"},\"thumbnailUrl\":\"https:\/\/fundacion-biodiversidad.es\/wp-content\/uploads\/2024\/11\/woman-working-with-laptop-at-coffee-shop-2023-11-27-05-36-23-utc-scaled.jpg\",\"datePublished\":\"2024-11-19T09:04:40+00:00\",\"breadcrumb\":{\"@id\":\"https:\/\/fundacion-biodiversidad.es\/en\/actualidad_home\/womens-entrepreneurship-a-commitment-to-equality-and-progress\/#breadcrumb\"},\"inLanguage\":\"en-US\",\"potentialAction\":[{\"@type\":\"ReadAction\",\"target\":[\"https:\/\/fundacion-biodiversidad.es\/en\/actualidad_home\/womens-entrepreneurship-a-commitment-to-equality-and-progress\/\"]}]},{\"@type\":\"ImageObject\",\"inLanguage\":\"en-US\",\"@id\":\"https:\/\/fundacion-biodiversidad.es\/en\/actualidad_home\/womens-entrepreneurship-a-commitment-to-equality-and-progress\/#primaryimage\",\"url\":\"https:\/\/fundacion-biodiversidad.es\/wp-content\/uploads\/2024\/11\/woman-working-with-laptop-at-coffee-shop-2023-11-27-05-36-23-utc-scaled.jpg\",\"contentUrl\":\"https:\/\/fundacion-biodiversidad.es\/wp-content\/uploads\/2024\/11\/woman-working-with-laptop-at-coffee-shop-2023-11-27-05-36-23-utc-scaled.jpg\",\"width\":4096,\"height\":2733,\"caption\":\"Woman working with laptop at coffee shop\"},{\"@type\":\"BreadcrumbList\",\"@id\":\"https:\/\/fundacion-biodiversidad.es\/en\/actualidad_home\/womens-entrepreneurship-a-commitment-to-equality-and-progress\/#breadcrumb\",\"itemListElement\":[{\"@type\":\"ListItem\",\"position\":1,\"name\":\"Portada\",\"item\":\"https:\/\/fundacion-biodiversidad.es\/en\/inicio\/\"},{\"@type\":\"ListItem\",\"position\":2,\"name\":\"Noticias de actualidad\",\"item\":\"https:\/\/fundacion-biodiversidad.es\/en\/actualidad_home\/\"},{\"@type\":\"ListItem\",\"position\":3,\"name\":\"Women&#8217;s entrepreneurship: a commitment to equality and progress\"}]},{\"@type\":\"WebSite\",\"@id\":\"https:\/\/fundacion-biodiversidad.es\/en\/#website\",\"url\":\"https:\/\/fundacion-biodiversidad.es\/en\/\",\"name\":\"Fundaci\u00f3n Biodiversidad\",\"description\":\"Fundaci\u00f3n p\u00fablica adscrita al Ministerio para la Transici\u00f3n Ecol\u00f3gica\",\"potentialAction\":[{\"@type\":\"SearchAction\",\"target\":{\"@type\":\"EntryPoint\",\"urlTemplate\":\"https:\/\/fundacion-biodiversidad.es\/en\/?s={search_term_string}\"},\"query-input\":{\"@type\":\"PropertyValueSpecification\",\"valueRequired\":true,\"valueName\":\"search_term_string\"}}],\"inLanguage\":\"en-US\"}]}<\/script>\n<!-- \/ Yoast SEO plugin. -->","yoast_head_json":{"title":"Women's entrepreneurship: a commitment to equality and progress - Fundaci\u00f3n Biodiversidad","robots":{"index":"index","follow":"follow","max-snippet":"max-snippet:-1","max-image-preview":"max-image-preview:large","max-video-preview":"max-video-preview:-1"},"canonical":"https:\/\/fundacion-biodiversidad.es\/en\/actualidad_home\/womens-entrepreneurship-a-commitment-to-equality-and-progress\/","og_locale":"en_US","og_type":"article","og_title":"Women's entrepreneurship: a commitment to equality and progress - Fundaci\u00f3n Biodiversidad","og_description":"World Women&#8217;s Entrepreneurship Day is celebrated on 19 November, a day recognised since 2014 by the United Nations (UN) to raise awareness of the challenges [&hellip;]","og_url":"https:\/\/fundacion-biodiversidad.es\/en\/actualidad_home\/womens-entrepreneurship-a-commitment-to-equality-and-progress\/","og_site_name":"Fundaci\u00f3n Biodiversidad","og_image":[{"width":720,"height":405,"url":"https:\/\/fundacion-biodiversidad.es\/wp-content\/uploads\/2023\/01\/2487661294_35330241_720x405.png","type":"image\/png"}],"twitter_card":"summary_large_image","twitter_misc":{"Est. reading time":"4 minutes"},"schema":{"@context":"https:\/\/schema.org","@graph":[{"@type":"WebPage","@id":"https:\/\/fundacion-biodiversidad.es\/en\/actualidad_home\/womens-entrepreneurship-a-commitment-to-equality-and-progress\/","url":"https:\/\/fundacion-biodiversidad.es\/en\/actualidad_home\/womens-entrepreneurship-a-commitment-to-equality-and-progress\/","name":"Women's entrepreneurship: a commitment to equality and progress - Fundaci\u00f3n Biodiversidad","isPartOf":{"@id":"https:\/\/fundacion-biodiversidad.es\/en\/#website"},"primaryImageOfPage":{"@id":"https:\/\/fundacion-biodiversidad.es\/en\/actualidad_home\/womens-entrepreneurship-a-commitment-to-equality-and-progress\/#primaryimage"},"image":{"@id":"https:\/\/fundacion-biodiversidad.es\/en\/actualidad_home\/womens-entrepreneurship-a-commitment-to-equality-and-progress\/#primaryimage"},"thumbnailUrl":"https:\/\/fundacion-biodiversidad.es\/wp-content\/uploads\/2024\/11\/woman-working-with-laptop-at-coffee-shop-2023-11-27-05-36-23-utc-scaled.jpg","datePublished":"2024-11-19T09:04:40+00:00","breadcrumb":{"@id":"https:\/\/fundacion-biodiversidad.es\/en\/actualidad_home\/womens-entrepreneurship-a-commitment-to-equality-and-progress\/#breadcrumb"},"inLanguage":"en-US","potentialAction":[{"@type":"ReadAction","target":["https:\/\/fundacion-biodiversidad.es\/en\/actualidad_home\/womens-entrepreneurship-a-commitment-to-equality-and-progress\/"]}]},{"@type":"ImageObject","inLanguage":"en-US","@id":"https:\/\/fundacion-biodiversidad.es\/en\/actualidad_home\/womens-entrepreneurship-a-commitment-to-equality-and-progress\/#primaryimage","url":"https:\/\/fundacion-biodiversidad.es\/wp-content\/uploads\/2024\/11\/woman-working-with-laptop-at-coffee-shop-2023-11-27-05-36-23-utc-scaled.jpg","contentUrl":"https:\/\/fundacion-biodiversidad.es\/wp-content\/uploads\/2024\/11\/woman-working-with-laptop-at-coffee-shop-2023-11-27-05-36-23-utc-scaled.jpg","width":4096,"height":2733,"caption":"Woman working with laptop at coffee shop"},{"@type":"BreadcrumbList","@id":"https:\/\/fundacion-biodiversidad.es\/en\/actualidad_home\/womens-entrepreneurship-a-commitment-to-equality-and-progress\/#breadcrumb","itemListElement":[{"@type":"ListItem","position":1,"name":"Portada","item":"https:\/\/fundacion-biodiversidad.es\/en\/inicio\/"},{"@type":"ListItem","position":2,"name":"Noticias de actualidad","item":"https:\/\/fundacion-biodiversidad.es\/en\/actualidad_home\/"},{"@type":"ListItem","position":3,"name":"Women&#8217;s entrepreneurship: a commitment to equality and progress"}]},{"@type":"WebSite","@id":"https:\/\/fundacion-biodiversidad.es\/en\/#website","url":"https:\/\/fundacion-biodiversidad.es\/en\/","name":"Fundaci\u00f3n Biodiversidad","description":"Fundaci\u00f3n p\u00fablica adscrita al Ministerio para la Transici\u00f3n Ecol\u00f3gica","potentialAction":[{"@type":"SearchAction","target":{"@type":"EntryPoint","urlTemplate":"https:\/\/fundacion-biodiversidad.es\/en\/?s={search_term_string}"},"query-input":{"@type":"PropertyValueSpecification","valueRequired":true,"valueName":"search_term_string"}}],"inLanguage":"en-US"}]}},"_links":{"self":[{"href":"https:\/\/fundacion-biodiversidad.es\/en\/wp-json\/wp\/v2\/actualidad_home\/97854871","targetHints":{"allow":["GET"]}}],"collection":[{"href":"https:\/\/fundacion-biodiversidad.es\/en\/wp-json\/wp\/v2\/actualidad_home"}],"about":[{"href":"https:\/\/fundacion-biodiversidad.es\/en\/wp-json\/wp\/v2\/types\/actualidad_home"}],"author":[{"embeddable":true,"href":"https:\/\/fundacion-biodiversidad.es\/en\/wp-json\/wp\/v2\/users\/11"}],"wp:featuredmedia":[{"embeddable":true,"href":"https:\/\/fundacion-biodiversidad.es\/en\/wp-json\/wp\/v2\/media\/97854870"}],"wp:attachment":[{"href":"https:\/\/fundacion-biodiversidad.es\/en\/wp-json\/wp\/v2\/media?parent=97854871"}],"wp:term":[{"taxonomy":"palabras_clave","embeddable":true,"href":"https:\/\/fundacion-biodiversidad.es\/en\/wp-json\/wp\/v2\/palabras_clave?post=97854871"}],"curies":[{"name":"wp","href":"https:\/\/api.w.org\/{rel}","templated":true}]}}