{"id":97855226,"date":"2024-12-11T08:00:37","date_gmt":"2024-12-11T07:00:37","guid":{"rendered":"https:\/\/fundacion-biodiversidad.es\/actualidad_home\/international-mountain-day-innovation-adaptation-and-youth-for-a-sustainable-future\/"},"modified":"2024-12-11T08:00:37","modified_gmt":"2024-12-11T07:00:37","slug":"international-mountain-day-innovation-adaptation-and-youth-for-a-sustainable-future","status":"publish","type":"actualidad_home","link":"https:\/\/fundacion-biodiversidad.es\/en\/actualidad_home\/international-mountain-day-innovation-adaptation-and-youth-for-a-sustainable-future\/","title":{"rendered":"International Mountain Day: innovation, adaptation and youth for a sustainable future"},"content":{"rendered":"<p>Every December 11, International <strong>Mountain Day is celebrated<\/strong>, a day that highlights their importance and the need to develop <strong>sustainable solutions<\/strong> for their conservation and the well-being of the communities that depend on them. This year, under the theme &#8220;Mountain-based solutions for a sustainable future: innovation, adaptation and youth&#8221;, the urgency of adopting innovative approaches to address the challenges faced by these ecosystems, including <strong>climate change<\/strong> or <strong>biodiversity loss,<\/strong> is underlined. Mountains represent a <strong>very valuable resource<\/strong> for humanity: they are home to <strong>15% of the world&#8217;s population<\/strong> and about half of the planet&#8217;s biodiversity, according to the <a href=\"https:\/\/www.un.org\/es\/observances\/mountain-day\">UN<\/a>. In addition, they are sources of fresh water, clean energy, and non-wood forest products<strong>.<\/strong> However, mountains face <strong>threats<\/strong> such as soil erosion, melting glaciers, and degradation of their ecosystems. These problems are aggravated by the impacts of climate change, which not only affect the biodiversity that these territories are home to, but also the communities that inhabit them. <\/p>\n<p><strong><u>Innovation and adaptation: keys to sustainability<\/u><\/strong><\/p>\n<p>In this context, <strong>innovation<\/strong> has a crucial role to play in improving the <strong>sustainable management<\/strong> of natural resources in mountains. It seeks to promote adaptation through strategies that increase the resilience of these ecosystems to climate change, promote the <strong>conservation<\/strong> of natural resources and guarantee <strong>sustainable livelihoods<\/strong> for local communities. A key aspect of this process is <strong>the empowerment of youth<\/strong>, who become an essential agent for the implementation of innovative and <strong>adaptive<\/strong> <strong>solutions<\/strong> in mountain regions, as <a href=\"https:\/\/www.fao.org\/international-mountain-day\/theme\/es\/\">underlined by FAO<\/a>. Thus, this year, International Mountain Day also emphasizes the active <strong>participation<\/strong> of young people, who play an important role in promoting <strong>social justice<\/strong>, <strong>gender equality<\/strong> and the fight against <strong>climate change<\/strong>. The integration of youth in decision-making about the future of mountains is essential to ensure a long-term sustainable approach. In this context, the Biodiversity Foundation of the Ministry for the Ecological Transition and the Demographic Challenge (MITECO), within the framework of the Recovery, Transformation and Resilience Plan (RTRP), funded by the European Union \u2013 NextGenerationEU, supports <strong>transformative projects<\/strong> aimed at strengthening the local bioeconomy and revitalising the rural environment, acting in different mountainous areas. This is the case of projects such as <a href=\"https:\/\/fundacion-biodiversidad.es\/proyecto_prtr\/caracterizacion-de-la-gestion-forestal-e-impulso-socioeconomico-en-zonas-de-montana-mediante-un-rebano-comunal-en-un-entorno-digital-ovihuec-dat\/\">OVIHUEC. DAT<\/a>, led by the Institute of Agri-Food Research and Technology (IRTA), which seeks to boost the local economy by reversing the depopulation of rural and mountain areas. The general objective of the project is to <strong>promote sustainable extensive livestock farming<\/strong>, which favours biodiversity and is attractive to new generations and which not only serves to manage the territory through silvopastoral activity that reduces the risk of fires and cleans up our forests.  <\/p>\n<p>In addition, although most of the actions are carried out in the <strong>vicinity of Vilam\u00f2s<\/strong>, the main objective is to develop an approximation model that can be replicated in other areas, obtaining the necessary data to transfer this knowledge to sites with similar problems in the future. In the Aran Valley, the <a href=\"https:\/\/fundacion-biodiversidad.es\/proyecto_prtr\/reactivacion-de-la-gestion-forestal-y-transicion-energetica-verde-del-valle-de-aran-boscaran\/\">BoscAran<\/a> project, led by the Conselh Generau d&#8217;Aran (CGA), stands out for revitalising forest management and promoting a <strong>green energy transition<\/strong> in the region. This project aims to boost the sustainable use of forest resources through the application of the Forest Resources Management Plan (PORF) of Aran, following innovative silvicultural management that favours the forest bioeconomy, resilience to climate change and the sustainable development of rural areas. Although the actions are focused on the Aran Valley, the aim is to establish a replicable model that allows the transfer of the knowledge acquired to other areas with similar challenges, contributing to the goals established in the <a href=\"https:\/\/www.miteco.gob.es\/es\/biodiversidad\/temas\/politica-forestal\/planificacion-forestal\/politica-forestal-en-espana\/pfe_estrategia_forestal.html\">Spanish Forest Strategy Horizon 2050<\/a> and other related national plans. On the other hand, <a href=\"https:\/\/fundacion-biodiversidad.es\/proyecto_prtr\/impulso-a-la-bioeconomia-rural-revalorizando-la-ganaderia-extensiva-de-montana-vinculada-a-la-conservacion-de-la-biodiversidad-ruraltxa\/\">Ruraltxa!<\/a>, coordinated by the <strong>University of A Coru\u00f1a<\/strong>, is committed to promoting traditional activities linked to the conservation of habitats as a driver of development for the rural bioeconomy. The initiative contemplates the mapping and characterization of these activities in socioeconomic, legal and administrative terms, evaluating their conservation status and designing livestock management plans based on concrete results. These actions include specific indicators, management recommendations and measures such as ecological restoration, elimination of invasive species and adaptation of livestock infrastructure. In addition, the project seeks to <strong>create a Work Network<\/strong> that promotes the valorization of local products, encourages ecotourism and facilitates the transfer of results to other areas, consolidating a sustainable model of rural development.<\/p>\n<p><strong><u>A call to action<\/u><\/strong><\/p>\n<p>International Mountain Day is an opportunity to reflect on the importance of these ecosystems and the need for<strong> urgent<\/strong> action to protect them. Through innovation, climate change adaptation, and boosting youth participation, we can build a more sustainable future for mountain communities and <strong>ecosystems<\/strong>. By adopting collaborative and sustainable solutions, both locally and globally, we can ensure that <strong>mountains<\/strong> remain sources of <strong>life<\/strong> and <strong>resources<\/strong> for future generations. <\/p>\n<p><strong> <\/strong><\/p>\n","protected":false},"author":11,"featured_media":97855223,"template":"","meta":{"_acf_changed":false},"palabras_clave":[],"class_list":["post-97855226","actualidad_home","type-actualidad_home","status-publish","has-post-thumbnail","hentry"],"acf":[],"yoast_head":"<!-- This site is optimized with the Yoast SEO plugin v26.9 - https:\/\/yoast.com\/product\/yoast-seo-wordpress\/ -->\n<title>International Mountain Day: innovation, adaptation and youth for a sustainable future - Fundaci\u00f3n Biodiversidad<\/title>\n<meta name=\"robots\" content=\"index, follow, max-snippet:-1, max-image-preview:large, max-video-preview:-1\" \/>\n<link rel=\"canonical\" href=\"https:\/\/fundacion-biodiversidad.es\/en\/actualidad_home\/international-mountain-day-innovation-adaptation-and-youth-for-a-sustainable-future\/\" \/>\n<meta property=\"og:locale\" content=\"en_US\" \/>\n<meta property=\"og:type\" content=\"article\" \/>\n<meta property=\"og:title\" content=\"International Mountain Day: innovation, adaptation and youth for a sustainable future - Fundaci\u00f3n Biodiversidad\" \/>\n<meta property=\"og:description\" content=\"Every December 11, International Mountain Day is celebrated, a day that highlights their importance and the need to develop sustainable solutions for their conservation and [&hellip;]\" \/>\n<meta property=\"og:url\" content=\"https:\/\/fundacion-biodiversidad.es\/en\/actualidad_home\/international-mountain-day-innovation-adaptation-and-youth-for-a-sustainable-future\/\" \/>\n<meta property=\"og:site_name\" content=\"Fundaci\u00f3n Biodiversidad\" \/>\n<meta property=\"og:image\" content=\"https:\/\/fundacion-biodiversidad.es\/wp-content\/uploads\/2023\/01\/2487661294_35330241_720x405.png\" \/>\n\t<meta property=\"og:image:width\" content=\"720\" \/>\n\t<meta property=\"og:image:height\" content=\"405\" \/>\n\t<meta property=\"og:image:type\" content=\"image\/png\" \/>\n<meta name=\"twitter:card\" content=\"summary_large_image\" \/>\n<meta name=\"twitter:label1\" content=\"Est. reading time\" \/>\n\t<meta name=\"twitter:data1\" content=\"4 minutes\" \/>\n<script type=\"application\/ld+json\" class=\"yoast-schema-graph\">{\"@context\":\"https:\/\/schema.org\",\"@graph\":[{\"@type\":\"WebPage\",\"@id\":\"https:\/\/fundacion-biodiversidad.es\/en\/actualidad_home\/international-mountain-day-innovation-adaptation-and-youth-for-a-sustainable-future\/\",\"url\":\"https:\/\/fundacion-biodiversidad.es\/en\/actualidad_home\/international-mountain-day-innovation-adaptation-and-youth-for-a-sustainable-future\/\",\"name\":\"International Mountain Day: innovation, adaptation and youth for a sustainable future - Fundaci\u00f3n Biodiversidad\",\"isPartOf\":{\"@id\":\"https:\/\/fundacion-biodiversidad.es\/en\/#website\"},\"primaryImageOfPage\":{\"@id\":\"https:\/\/fundacion-biodiversidad.es\/en\/actualidad_home\/international-mountain-day-innovation-adaptation-and-youth-for-a-sustainable-future\/#primaryimage\"},\"image\":{\"@id\":\"https:\/\/fundacion-biodiversidad.es\/en\/actualidad_home\/international-mountain-day-innovation-adaptation-and-youth-for-a-sustainable-future\/#primaryimage\"},\"thumbnailUrl\":\"https:\/\/fundacion-biodiversidad.es\/wp-content\/uploads\/2024\/12\/young-woman-with-backpack-on-the-mountain-peak-2023-11-27-04-56-35-utc-scaled-e1733829817753.jpg\",\"datePublished\":\"2024-12-11T07:00:37+00:00\",\"breadcrumb\":{\"@id\":\"https:\/\/fundacion-biodiversidad.es\/en\/actualidad_home\/international-mountain-day-innovation-adaptation-and-youth-for-a-sustainable-future\/#breadcrumb\"},\"inLanguage\":\"en-US\",\"potentialAction\":[{\"@type\":\"ReadAction\",\"target\":[\"https:\/\/fundacion-biodiversidad.es\/en\/actualidad_home\/international-mountain-day-innovation-adaptation-and-youth-for-a-sustainable-future\/\"]}]},{\"@type\":\"ImageObject\",\"inLanguage\":\"en-US\",\"@id\":\"https:\/\/fundacion-biodiversidad.es\/en\/actualidad_home\/international-mountain-day-innovation-adaptation-and-youth-for-a-sustainable-future\/#primaryimage\",\"url\":\"https:\/\/fundacion-biodiversidad.es\/wp-content\/uploads\/2024\/12\/young-woman-with-backpack-on-the-mountain-peak-2023-11-27-04-56-35-utc-scaled-e1733829817753.jpg\",\"contentUrl\":\"https:\/\/fundacion-biodiversidad.es\/wp-content\/uploads\/2024\/12\/young-woman-with-backpack-on-the-mountain-peak-2023-11-27-04-56-35-utc-scaled-e1733829817753.jpg\",\"width\":4096,\"height\":2764,\"caption\":\"Standing young woman with backpack on the path on the hill and looking on beautiful high mountains at sunset. Landscape with girl, rocks with snowy peaks, low clouds in Nepal. Hiking, travel. Trekking\"},{\"@type\":\"BreadcrumbList\",\"@id\":\"https:\/\/fundacion-biodiversidad.es\/en\/actualidad_home\/international-mountain-day-innovation-adaptation-and-youth-for-a-sustainable-future\/#breadcrumb\",\"itemListElement\":[{\"@type\":\"ListItem\",\"position\":1,\"name\":\"Portada\",\"item\":\"https:\/\/fundacion-biodiversidad.es\/en\/inicio\/\"},{\"@type\":\"ListItem\",\"position\":2,\"name\":\"Noticias de actualidad\",\"item\":\"https:\/\/fundacion-biodiversidad.es\/en\/actualidad_home\/\"},{\"@type\":\"ListItem\",\"position\":3,\"name\":\"International Mountain Day: innovation, adaptation and youth for a sustainable future\"}]},{\"@type\":\"WebSite\",\"@id\":\"https:\/\/fundacion-biodiversidad.es\/en\/#website\",\"url\":\"https:\/\/fundacion-biodiversidad.es\/en\/\",\"name\":\"Fundaci\u00f3n Biodiversidad\",\"description\":\"Fundaci\u00f3n p\u00fablica adscrita al Ministerio para la Transici\u00f3n Ecol\u00f3gica\",\"potentialAction\":[{\"@type\":\"SearchAction\",\"target\":{\"@type\":\"EntryPoint\",\"urlTemplate\":\"https:\/\/fundacion-biodiversidad.es\/en\/?s={search_term_string}\"},\"query-input\":{\"@type\":\"PropertyValueSpecification\",\"valueRequired\":true,\"valueName\":\"search_term_string\"}}],\"inLanguage\":\"en-US\"}]}<\/script>\n<!-- \/ Yoast SEO plugin. -->","yoast_head_json":{"title":"International Mountain Day: innovation, adaptation and youth for a sustainable future - Fundaci\u00f3n Biodiversidad","robots":{"index":"index","follow":"follow","max-snippet":"max-snippet:-1","max-image-preview":"max-image-preview:large","max-video-preview":"max-video-preview:-1"},"canonical":"https:\/\/fundacion-biodiversidad.es\/en\/actualidad_home\/international-mountain-day-innovation-adaptation-and-youth-for-a-sustainable-future\/","og_locale":"en_US","og_type":"article","og_title":"International Mountain Day: innovation, adaptation and youth for a sustainable future - Fundaci\u00f3n Biodiversidad","og_description":"Every December 11, International Mountain Day is celebrated, a day that highlights their importance and the need to develop sustainable solutions for their conservation and [&hellip;]","og_url":"https:\/\/fundacion-biodiversidad.es\/en\/actualidad_home\/international-mountain-day-innovation-adaptation-and-youth-for-a-sustainable-future\/","og_site_name":"Fundaci\u00f3n Biodiversidad","og_image":[{"width":720,"height":405,"url":"https:\/\/fundacion-biodiversidad.es\/wp-content\/uploads\/2023\/01\/2487661294_35330241_720x405.png","type":"image\/png"}],"twitter_card":"summary_large_image","twitter_misc":{"Est. reading time":"4 minutes"},"schema":{"@context":"https:\/\/schema.org","@graph":[{"@type":"WebPage","@id":"https:\/\/fundacion-biodiversidad.es\/en\/actualidad_home\/international-mountain-day-innovation-adaptation-and-youth-for-a-sustainable-future\/","url":"https:\/\/fundacion-biodiversidad.es\/en\/actualidad_home\/international-mountain-day-innovation-adaptation-and-youth-for-a-sustainable-future\/","name":"International Mountain Day: innovation, adaptation and youth for a sustainable future - Fundaci\u00f3n Biodiversidad","isPartOf":{"@id":"https:\/\/fundacion-biodiversidad.es\/en\/#website"},"primaryImageOfPage":{"@id":"https:\/\/fundacion-biodiversidad.es\/en\/actualidad_home\/international-mountain-day-innovation-adaptation-and-youth-for-a-sustainable-future\/#primaryimage"},"image":{"@id":"https:\/\/fundacion-biodiversidad.es\/en\/actualidad_home\/international-mountain-day-innovation-adaptation-and-youth-for-a-sustainable-future\/#primaryimage"},"thumbnailUrl":"https:\/\/fundacion-biodiversidad.es\/wp-content\/uploads\/2024\/12\/young-woman-with-backpack-on-the-mountain-peak-2023-11-27-04-56-35-utc-scaled-e1733829817753.jpg","datePublished":"2024-12-11T07:00:37+00:00","breadcrumb":{"@id":"https:\/\/fundacion-biodiversidad.es\/en\/actualidad_home\/international-mountain-day-innovation-adaptation-and-youth-for-a-sustainable-future\/#breadcrumb"},"inLanguage":"en-US","potentialAction":[{"@type":"ReadAction","target":["https:\/\/fundacion-biodiversidad.es\/en\/actualidad_home\/international-mountain-day-innovation-adaptation-and-youth-for-a-sustainable-future\/"]}]},{"@type":"ImageObject","inLanguage":"en-US","@id":"https:\/\/fundacion-biodiversidad.es\/en\/actualidad_home\/international-mountain-day-innovation-adaptation-and-youth-for-a-sustainable-future\/#primaryimage","url":"https:\/\/fundacion-biodiversidad.es\/wp-content\/uploads\/2024\/12\/young-woman-with-backpack-on-the-mountain-peak-2023-11-27-04-56-35-utc-scaled-e1733829817753.jpg","contentUrl":"https:\/\/fundacion-biodiversidad.es\/wp-content\/uploads\/2024\/12\/young-woman-with-backpack-on-the-mountain-peak-2023-11-27-04-56-35-utc-scaled-e1733829817753.jpg","width":4096,"height":2764,"caption":"Standing young woman with backpack on the path on the hill and looking on beautiful high mountains at sunset. Landscape with girl, rocks with snowy peaks, low clouds in Nepal. Hiking, travel. Trekking"},{"@type":"BreadcrumbList","@id":"https:\/\/fundacion-biodiversidad.es\/en\/actualidad_home\/international-mountain-day-innovation-adaptation-and-youth-for-a-sustainable-future\/#breadcrumb","itemListElement":[{"@type":"ListItem","position":1,"name":"Portada","item":"https:\/\/fundacion-biodiversidad.es\/en\/inicio\/"},{"@type":"ListItem","position":2,"name":"Noticias de actualidad","item":"https:\/\/fundacion-biodiversidad.es\/en\/actualidad_home\/"},{"@type":"ListItem","position":3,"name":"International Mountain Day: innovation, adaptation and youth for a sustainable future"}]},{"@type":"WebSite","@id":"https:\/\/fundacion-biodiversidad.es\/en\/#website","url":"https:\/\/fundacion-biodiversidad.es\/en\/","name":"Fundaci\u00f3n Biodiversidad","description":"Fundaci\u00f3n p\u00fablica adscrita al Ministerio para la Transici\u00f3n Ecol\u00f3gica","potentialAction":[{"@type":"SearchAction","target":{"@type":"EntryPoint","urlTemplate":"https:\/\/fundacion-biodiversidad.es\/en\/?s={search_term_string}"},"query-input":{"@type":"PropertyValueSpecification","valueRequired":true,"valueName":"search_term_string"}}],"inLanguage":"en-US"}]}},"_links":{"self":[{"href":"https:\/\/fundacion-biodiversidad.es\/en\/wp-json\/wp\/v2\/actualidad_home\/97855226","targetHints":{"allow":["GET"]}}],"collection":[{"href":"https:\/\/fundacion-biodiversidad.es\/en\/wp-json\/wp\/v2\/actualidad_home"}],"about":[{"href":"https:\/\/fundacion-biodiversidad.es\/en\/wp-json\/wp\/v2\/types\/actualidad_home"}],"author":[{"embeddable":true,"href":"https:\/\/fundacion-biodiversidad.es\/en\/wp-json\/wp\/v2\/users\/11"}],"wp:featuredmedia":[{"embeddable":true,"href":"https:\/\/fundacion-biodiversidad.es\/en\/wp-json\/wp\/v2\/media\/97855223"}],"wp:attachment":[{"href":"https:\/\/fundacion-biodiversidad.es\/en\/wp-json\/wp\/v2\/media?parent=97855226"}],"wp:term":[{"taxonomy":"palabras_clave","embeddable":true,"href":"https:\/\/fundacion-biodiversidad.es\/en\/wp-json\/wp\/v2\/palabras_clave?post=97855226"}],"curies":[{"name":"wp","href":"https:\/\/api.w.org\/{rel}","templated":true}]}}