{"id":97855663,"date":"2025-01-26T09:00:30","date_gmt":"2025-01-26T08:00:30","guid":{"rendered":"https:\/\/fundacion-biodiversidad.es\/actualidad_home\/environmental-education-key-to-facing-the-challenges-arising-from-climate-change\/"},"modified":"2025-01-26T09:00:30","modified_gmt":"2025-01-26T08:00:30","slug":"environmental-education-key-to-facing-the-challenges-arising-from-climate-change","status":"publish","type":"actualidad_home","link":"https:\/\/fundacion-biodiversidad.es\/en\/actualidad_home\/environmental-education-key-to-facing-the-challenges-arising-from-climate-change\/","title":{"rendered":"Environmental education, key to facing the challenges arising from climate change"},"content":{"rendered":"<p>Today is World <strong>Environmental Education Day<\/strong>, a date to remember the importance of this tool to empower people and promote collective commitment to sustainability. This day has its origins in the <a href=\"https:\/\/unesdoc.unesco.org\/ark:\/48223\/pf0000040998\">International Seminar on Environmental Education<\/a> held in Serbia in 1975, where the <strong>Belgrade Charter<\/strong> was adopted, a fundamental document that establishes the principles of environmental education. This event brought together representatives from more than 60 countries under the International Environmental Education Programme of <a href=\"https:\/\/www.unesco.org\/es\">UNESCO<\/a> and <a href=\"https:\/\/www.unep.org\/es\">UNEP,<\/a> consolidating the idea that education is key to facing global challenges. Despite the advances, the global education system faces significant challenges in integrating sustainability and climate change into its curricula. According to the UNESCO <a href=\"https:\/\/unesdoc.unesco.org\/ark:\/48223\/pf0000381225\">report<\/a> &#8220;<em>Teachers Have Their Say: Motivation, Skills and Opportunities to Teach Education for Sustainable Development and Global Citizenship<\/em>&#8221; (2022), although <strong>95% of teachers<\/strong> believe that it is vital to educate about climate change, only 40% feel comfortable doing so, and only 20% can explain how to act in the face of this crisis. Similarly, the <a href=\"https:\/\/unesdoc.unesco.org\/ark:\/48223\/pf0000379591\">report<\/a> &#8220;<em>Prepare All Schools for Climate<\/em>&#8221; (2023), by the same organization, highlights that almost half (47%) of the national curriculum frameworks of 100 countries <strong>do not mention climate change<\/strong>. Although the most vulnerable countries are the ones that integrate this content the most, those who have the greatest responsibility for emissions often do not include it in a significant way.<\/p>\n<p>Education plays a <strong>fundamental role as a driver of social transformation<\/strong> and, consequently, education and sustainability must go hand in hand. According to professor and writer C\u00e9sar Bona, &#8220;the big change is going to come from the schools upwards because education is where it all starts, what we are and what we want to be, and sustainability is where we need to go&#8221;. This expert in pedagogy, who starred in the ninth episode of <a href=\"https:\/\/fundacion-biodiversidad.es\/divulgacion-y-sensibilizacion\/podcasts\/?idpodcast=lKAyQaNM3eo\">Naturalmente, the Fundaci\u00f3n Biodiversidad podcast<\/a>, argues that the participation of children and adolescents is essential when facing environmental challenges.<\/p>\n<p><strong>A fundamental tool to face global challenges<\/strong><\/p>\n<p>Along these lines, in 2021 the Ministry for the Ecological Transition and the Demographic Challenge (MITECO) and the Ministry of Education, Vocational Training and Sports (MEFPD) drew up the <a href=\"https:\/\/www.miteco.gob.es\/es\/ceneam\/plan-accion-educacion-ambiental.html\">Environmental Education for Sustainability Action Plan<\/a> (<strong>PAEAS).<\/strong> This document, which covers the period between 2021-2025, establishes 61 actions grouped into six operational axes to promote sustainability through education. The Biodiversity Foundation coordinates some of the actions of the Plan, reinforcing the commitment to environmental education, by supporting projects that promote <strong>sustainable lifestyles<\/strong> and encourage citizen participation in the ecological transition. This includes the creation of spaces for dialogue and learning to address the challenges of the climate emergency. Environmental education is a driver for <strong>social transformation<\/strong> and its implementation requires a joint effort between governments, teachers and society at large. <\/p>\n","protected":false},"author":11,"featured_media":97855648,"template":"","meta":{"_acf_changed":false},"palabras_clave":[],"class_list":["post-97855663","actualidad_home","type-actualidad_home","status-publish","has-post-thumbnail","hentry"],"acf":[],"yoast_head":"<!-- This site is optimized with the Yoast SEO plugin v26.9 - https:\/\/yoast.com\/product\/yoast-seo-wordpress\/ -->\n<title>Environmental education, key to facing the challenges arising from climate change - Fundaci\u00f3n Biodiversidad<\/title>\n<meta name=\"robots\" content=\"index, follow, max-snippet:-1, max-image-preview:large, max-video-preview:-1\" \/>\n<link rel=\"canonical\" href=\"https:\/\/fundacion-biodiversidad.es\/en\/actualidad_home\/environmental-education-key-to-facing-the-challenges-arising-from-climate-change\/\" \/>\n<meta property=\"og:locale\" content=\"en_US\" \/>\n<meta property=\"og:type\" content=\"article\" \/>\n<meta property=\"og:title\" content=\"Environmental education, key to facing the challenges arising from climate change - Fundaci\u00f3n Biodiversidad\" \/>\n<meta property=\"og:description\" content=\"Today is World Environmental Education Day, a date to remember the importance of this tool to empower people and promote collective commitment to sustainability. This [&hellip;]\" \/>\n<meta property=\"og:url\" content=\"https:\/\/fundacion-biodiversidad.es\/en\/actualidad_home\/environmental-education-key-to-facing-the-challenges-arising-from-climate-change\/\" \/>\n<meta property=\"og:site_name\" content=\"Fundaci\u00f3n Biodiversidad\" \/>\n<meta property=\"og:image\" content=\"https:\/\/fundacion-biodiversidad.es\/wp-content\/uploads\/2023\/01\/2487661294_35330241_720x405.png\" \/>\n\t<meta property=\"og:image:width\" content=\"720\" \/>\n\t<meta property=\"og:image:height\" content=\"405\" \/>\n\t<meta property=\"og:image:type\" content=\"image\/png\" \/>\n<meta name=\"twitter:card\" content=\"summary_large_image\" \/>\n<meta name=\"twitter:label1\" content=\"Est. reading time\" \/>\n\t<meta name=\"twitter:data1\" content=\"2 minutes\" \/>\n<script type=\"application\/ld+json\" class=\"yoast-schema-graph\">{\"@context\":\"https:\/\/schema.org\",\"@graph\":[{\"@type\":\"WebPage\",\"@id\":\"https:\/\/fundacion-biodiversidad.es\/en\/actualidad_home\/environmental-education-key-to-facing-the-challenges-arising-from-climate-change\/\",\"url\":\"https:\/\/fundacion-biodiversidad.es\/en\/actualidad_home\/environmental-education-key-to-facing-the-challenges-arising-from-climate-change\/\",\"name\":\"Environmental education, key to facing the challenges arising from climate change - Fundaci\u00f3n Biodiversidad\",\"isPartOf\":{\"@id\":\"https:\/\/fundacion-biodiversidad.es\/en\/#website\"},\"primaryImageOfPage\":{\"@id\":\"https:\/\/fundacion-biodiversidad.es\/en\/actualidad_home\/environmental-education-key-to-facing-the-challenges-arising-from-climate-change\/#primaryimage\"},\"image\":{\"@id\":\"https:\/\/fundacion-biodiversidad.es\/en\/actualidad_home\/environmental-education-key-to-facing-the-challenges-arising-from-climate-change\/#primaryimage\"},\"thumbnailUrl\":\"https:\/\/fundacion-biodiversidad.es\/wp-content\/uploads\/2025\/01\/kid-and-environment-education-concept-2023-11-27-05-07-28-utc-1-1-scaled-e1737534033525.jpg\",\"datePublished\":\"2025-01-26T08:00:30+00:00\",\"breadcrumb\":{\"@id\":\"https:\/\/fundacion-biodiversidad.es\/en\/actualidad_home\/environmental-education-key-to-facing-the-challenges-arising-from-climate-change\/#breadcrumb\"},\"inLanguage\":\"en-US\",\"potentialAction\":[{\"@type\":\"ReadAction\",\"target\":[\"https:\/\/fundacion-biodiversidad.es\/en\/actualidad_home\/environmental-education-key-to-facing-the-challenges-arising-from-climate-change\/\"]}]},{\"@type\":\"ImageObject\",\"inLanguage\":\"en-US\",\"@id\":\"https:\/\/fundacion-biodiversidad.es\/en\/actualidad_home\/environmental-education-key-to-facing-the-challenges-arising-from-climate-change\/#primaryimage\",\"url\":\"https:\/\/fundacion-biodiversidad.es\/wp-content\/uploads\/2025\/01\/kid-and-environment-education-concept-2023-11-27-05-07-28-utc-1-1-scaled-e1737534033525.jpg\",\"contentUrl\":\"https:\/\/fundacion-biodiversidad.es\/wp-content\/uploads\/2025\/01\/kid-and-environment-education-concept-2023-11-27-05-07-28-utc-1-1-scaled-e1737534033525.jpg\",\"width\":4096,\"height\":2734,\"caption\":\"Kid and environment education concept\"},{\"@type\":\"BreadcrumbList\",\"@id\":\"https:\/\/fundacion-biodiversidad.es\/en\/actualidad_home\/environmental-education-key-to-facing-the-challenges-arising-from-climate-change\/#breadcrumb\",\"itemListElement\":[{\"@type\":\"ListItem\",\"position\":1,\"name\":\"Portada\",\"item\":\"https:\/\/fundacion-biodiversidad.es\/en\/inicio\/\"},{\"@type\":\"ListItem\",\"position\":2,\"name\":\"Noticias de actualidad\",\"item\":\"https:\/\/fundacion-biodiversidad.es\/en\/actualidad_home\/\"},{\"@type\":\"ListItem\",\"position\":3,\"name\":\"Environmental education, key to facing the challenges arising from climate change\"}]},{\"@type\":\"WebSite\",\"@id\":\"https:\/\/fundacion-biodiversidad.es\/en\/#website\",\"url\":\"https:\/\/fundacion-biodiversidad.es\/en\/\",\"name\":\"Fundaci\u00f3n Biodiversidad\",\"description\":\"Fundaci\u00f3n p\u00fablica adscrita al Ministerio para la Transici\u00f3n Ecol\u00f3gica\",\"potentialAction\":[{\"@type\":\"SearchAction\",\"target\":{\"@type\":\"EntryPoint\",\"urlTemplate\":\"https:\/\/fundacion-biodiversidad.es\/en\/?s={search_term_string}\"},\"query-input\":{\"@type\":\"PropertyValueSpecification\",\"valueRequired\":true,\"valueName\":\"search_term_string\"}}],\"inLanguage\":\"en-US\"}]}<\/script>\n<!-- \/ Yoast SEO plugin. -->","yoast_head_json":{"title":"Environmental education, key to facing the challenges arising from climate change - Fundaci\u00f3n Biodiversidad","robots":{"index":"index","follow":"follow","max-snippet":"max-snippet:-1","max-image-preview":"max-image-preview:large","max-video-preview":"max-video-preview:-1"},"canonical":"https:\/\/fundacion-biodiversidad.es\/en\/actualidad_home\/environmental-education-key-to-facing-the-challenges-arising-from-climate-change\/","og_locale":"en_US","og_type":"article","og_title":"Environmental education, key to facing the challenges arising from climate change - Fundaci\u00f3n Biodiversidad","og_description":"Today is World Environmental Education Day, a date to remember the importance of this tool to empower people and promote collective commitment to sustainability. This [&hellip;]","og_url":"https:\/\/fundacion-biodiversidad.es\/en\/actualidad_home\/environmental-education-key-to-facing-the-challenges-arising-from-climate-change\/","og_site_name":"Fundaci\u00f3n Biodiversidad","og_image":[{"width":720,"height":405,"url":"https:\/\/fundacion-biodiversidad.es\/wp-content\/uploads\/2023\/01\/2487661294_35330241_720x405.png","type":"image\/png"}],"twitter_card":"summary_large_image","twitter_misc":{"Est. reading time":"2 minutes"},"schema":{"@context":"https:\/\/schema.org","@graph":[{"@type":"WebPage","@id":"https:\/\/fundacion-biodiversidad.es\/en\/actualidad_home\/environmental-education-key-to-facing-the-challenges-arising-from-climate-change\/","url":"https:\/\/fundacion-biodiversidad.es\/en\/actualidad_home\/environmental-education-key-to-facing-the-challenges-arising-from-climate-change\/","name":"Environmental education, key to facing the challenges arising from climate change - Fundaci\u00f3n Biodiversidad","isPartOf":{"@id":"https:\/\/fundacion-biodiversidad.es\/en\/#website"},"primaryImageOfPage":{"@id":"https:\/\/fundacion-biodiversidad.es\/en\/actualidad_home\/environmental-education-key-to-facing-the-challenges-arising-from-climate-change\/#primaryimage"},"image":{"@id":"https:\/\/fundacion-biodiversidad.es\/en\/actualidad_home\/environmental-education-key-to-facing-the-challenges-arising-from-climate-change\/#primaryimage"},"thumbnailUrl":"https:\/\/fundacion-biodiversidad.es\/wp-content\/uploads\/2025\/01\/kid-and-environment-education-concept-2023-11-27-05-07-28-utc-1-1-scaled-e1737534033525.jpg","datePublished":"2025-01-26T08:00:30+00:00","breadcrumb":{"@id":"https:\/\/fundacion-biodiversidad.es\/en\/actualidad_home\/environmental-education-key-to-facing-the-challenges-arising-from-climate-change\/#breadcrumb"},"inLanguage":"en-US","potentialAction":[{"@type":"ReadAction","target":["https:\/\/fundacion-biodiversidad.es\/en\/actualidad_home\/environmental-education-key-to-facing-the-challenges-arising-from-climate-change\/"]}]},{"@type":"ImageObject","inLanguage":"en-US","@id":"https:\/\/fundacion-biodiversidad.es\/en\/actualidad_home\/environmental-education-key-to-facing-the-challenges-arising-from-climate-change\/#primaryimage","url":"https:\/\/fundacion-biodiversidad.es\/wp-content\/uploads\/2025\/01\/kid-and-environment-education-concept-2023-11-27-05-07-28-utc-1-1-scaled-e1737534033525.jpg","contentUrl":"https:\/\/fundacion-biodiversidad.es\/wp-content\/uploads\/2025\/01\/kid-and-environment-education-concept-2023-11-27-05-07-28-utc-1-1-scaled-e1737534033525.jpg","width":4096,"height":2734,"caption":"Kid and environment education concept"},{"@type":"BreadcrumbList","@id":"https:\/\/fundacion-biodiversidad.es\/en\/actualidad_home\/environmental-education-key-to-facing-the-challenges-arising-from-climate-change\/#breadcrumb","itemListElement":[{"@type":"ListItem","position":1,"name":"Portada","item":"https:\/\/fundacion-biodiversidad.es\/en\/inicio\/"},{"@type":"ListItem","position":2,"name":"Noticias de actualidad","item":"https:\/\/fundacion-biodiversidad.es\/en\/actualidad_home\/"},{"@type":"ListItem","position":3,"name":"Environmental education, key to facing the challenges arising from climate change"}]},{"@type":"WebSite","@id":"https:\/\/fundacion-biodiversidad.es\/en\/#website","url":"https:\/\/fundacion-biodiversidad.es\/en\/","name":"Fundaci\u00f3n Biodiversidad","description":"Fundaci\u00f3n p\u00fablica adscrita al Ministerio para la Transici\u00f3n Ecol\u00f3gica","potentialAction":[{"@type":"SearchAction","target":{"@type":"EntryPoint","urlTemplate":"https:\/\/fundacion-biodiversidad.es\/en\/?s={search_term_string}"},"query-input":{"@type":"PropertyValueSpecification","valueRequired":true,"valueName":"search_term_string"}}],"inLanguage":"en-US"}]}},"_links":{"self":[{"href":"https:\/\/fundacion-biodiversidad.es\/en\/wp-json\/wp\/v2\/actualidad_home\/97855663","targetHints":{"allow":["GET"]}}],"collection":[{"href":"https:\/\/fundacion-biodiversidad.es\/en\/wp-json\/wp\/v2\/actualidad_home"}],"about":[{"href":"https:\/\/fundacion-biodiversidad.es\/en\/wp-json\/wp\/v2\/types\/actualidad_home"}],"author":[{"embeddable":true,"href":"https:\/\/fundacion-biodiversidad.es\/en\/wp-json\/wp\/v2\/users\/11"}],"wp:featuredmedia":[{"embeddable":true,"href":"https:\/\/fundacion-biodiversidad.es\/en\/wp-json\/wp\/v2\/media\/97855648"}],"wp:attachment":[{"href":"https:\/\/fundacion-biodiversidad.es\/en\/wp-json\/wp\/v2\/media?parent=97855663"}],"wp:term":[{"taxonomy":"palabras_clave","embeddable":true,"href":"https:\/\/fundacion-biodiversidad.es\/en\/wp-json\/wp\/v2\/palabras_clave?post=97855663"}],"curies":[{"name":"wp","href":"https:\/\/api.w.org\/{rel}","templated":true}]}}