{"id":97855682,"date":"2025-01-28T10:27:42","date_gmt":"2025-01-28T09:27:42","guid":{"rendered":"https:\/\/fundacion-biodiversidad.es\/actualidad_home\/reducing-co2-emissions-a-key-challenge-for-our-health-and-that-of-the-planet\/"},"modified":"2025-01-28T10:27:42","modified_gmt":"2025-01-28T09:27:42","slug":"reducing-co2-emissions-a-key-challenge-for-our-health-and-that-of-the-planet","status":"publish","type":"actualidad_home","link":"https:\/\/fundacion-biodiversidad.es\/en\/actualidad_home\/reducing-co2-emissions-a-key-challenge-for-our-health-and-that-of-the-planet\/","title":{"rendered":"Reducing CO2 emissions, a key challenge for our health and that of the planet"},"content":{"rendered":"<p>Every <strong>January 28<\/strong> , the World Day for the Reduction of CO2 Emissions is celebrated, a date marked by the <a href=\"https:\/\/www.un.org\/es\/\">United Nations<\/a> to reflect on the importance of reducing emissions, one of the main causes of <strong>climate change<\/strong>. In 2024, global CO2 emissions reached a record <strong>41,600 million tonnes<\/strong>, according to the <a href=\"https:\/\/globalcarbonbudget.org\/fossil-fuel-co2-emissions-increase-again-in-2024\/\">Global Carbon Budget<\/a> report, prepared by 120 specialists from more than 80 institutions. This 0.8% increase compared to 2023 underscores the urgent need for more ambitious climate action. If this trajectory continues, there is a <strong>50% chance<\/strong> that the critical limit of 1.5\u00b0C will be exceeded in just six years, which would exacerbate the effects of global warming, such as the increase in extreme weather events and the accelerated loss of biodiversity. Despite advances in renewable energy, the growing use of <strong>natural gas<\/strong> and <strong>oil<\/strong> remains the main driver of fossil-based emissions, which now total <strong>37.4 billion tonnes per year<\/strong>. In addition, changes in land use and deforestation contribute an additional <strong>4.2 billion tons<\/strong> . In this context, it is essential to strengthen the capacity of <strong>natural sinks<\/strong>, such as forests and the ocean, which currently absorb about half of the CO2 emitted. However, its effectiveness is being compromised by factors such as deforestation and climatic phenomena. According to the World Health Organization (WHO), air pollution is one of the <a href=\"https:\/\/www.who.int\/es\/news-room\/fact-sheets\/detail\/ambient-(outdoor)-air-quality-and-health\">greatest environmental health risks<\/a> , causing about 7 million deaths a year due to toxic levels of polluted air. In addition, it points out that 99% of the world&#8217;s population breathes air that does not respect the WHO guidelines on air quality, as it contains environmental pollutants in the form of particles that cause health problems (cardiovascular, cerebrovascular and respiratory diseases).<\/p>\n<p><strong>Collective commitment, more urgent than ever<\/strong><\/p>\n<p>The World Day for the Reduction of CO2 Emissions reminds us that combating climate change is not only the task of governments or large institutions, but a commitment that requires the participation of the whole of society. From taking individual measures, such as reducing <strong>energy consumption<\/strong>, to demanding more ambitious public policies and supporting local <strong>reforestation<\/strong> and renewable energy initiatives, we can all contribute to reducing our <strong>carbon footprint<\/strong>. Reducing CO2 emissions must be a <strong>priority<\/strong> on the global and personal agenda. This global day is an invitation to reflect on our impact on the planet and to take <strong>concrete action<\/strong> to ensure a sustainable future. As a society, we still have time to make a difference. <\/p>\n","protected":false},"author":11,"featured_media":97855681,"template":"","meta":{"_acf_changed":false},"palabras_clave":[],"class_list":["post-97855682","actualidad_home","type-actualidad_home","status-publish","has-post-thumbnail","hentry"],"acf":[],"yoast_head":"<!-- This site is optimized with the Yoast SEO plugin v26.9 - https:\/\/yoast.com\/product\/yoast-seo-wordpress\/ -->\n<title>Reducing CO2 emissions, a key challenge for our health and that of the planet - Fundaci\u00f3n Biodiversidad<\/title>\n<meta name=\"robots\" content=\"index, follow, max-snippet:-1, max-image-preview:large, max-video-preview:-1\" \/>\n<link rel=\"canonical\" href=\"https:\/\/fundacion-biodiversidad.es\/en\/actualidad_home\/reducing-co2-emissions-a-key-challenge-for-our-health-and-that-of-the-planet\/\" \/>\n<meta property=\"og:locale\" content=\"en_US\" \/>\n<meta property=\"og:type\" content=\"article\" \/>\n<meta property=\"og:title\" content=\"Reducing CO2 emissions, a key challenge for our health and that of the planet - Fundaci\u00f3n Biodiversidad\" \/>\n<meta property=\"og:description\" content=\"Every January 28 , the World Day for the Reduction of CO2 Emissions is celebrated, a date marked by the United Nations to reflect on [&hellip;]\" \/>\n<meta property=\"og:url\" content=\"https:\/\/fundacion-biodiversidad.es\/en\/actualidad_home\/reducing-co2-emissions-a-key-challenge-for-our-health-and-that-of-the-planet\/\" \/>\n<meta property=\"og:site_name\" content=\"Fundaci\u00f3n Biodiversidad\" \/>\n<meta property=\"og:image\" content=\"https:\/\/fundacion-biodiversidad.es\/wp-content\/uploads\/2023\/01\/2487661294_35330241_720x405.png\" \/>\n\t<meta property=\"og:image:width\" content=\"720\" \/>\n\t<meta property=\"og:image:height\" content=\"405\" \/>\n\t<meta property=\"og:image:type\" content=\"image\/png\" \/>\n<meta name=\"twitter:card\" content=\"summary_large_image\" \/>\n<meta name=\"twitter:label1\" content=\"Est. reading time\" \/>\n\t<meta name=\"twitter:data1\" content=\"2 minutes\" \/>\n<script type=\"application\/ld+json\" class=\"yoast-schema-graph\">{\"@context\":\"https:\/\/schema.org\",\"@graph\":[{\"@type\":\"WebPage\",\"@id\":\"https:\/\/fundacion-biodiversidad.es\/en\/actualidad_home\/reducing-co2-emissions-a-key-challenge-for-our-health-and-that-of-the-planet\/\",\"url\":\"https:\/\/fundacion-biodiversidad.es\/en\/actualidad_home\/reducing-co2-emissions-a-key-challenge-for-our-health-and-that-of-the-planet\/\",\"name\":\"Reducing CO2 emissions, a key challenge for our health and that of the planet - Fundaci\u00f3n Biodiversidad\",\"isPartOf\":{\"@id\":\"https:\/\/fundacion-biodiversidad.es\/en\/#website\"},\"primaryImageOfPage\":{\"@id\":\"https:\/\/fundacion-biodiversidad.es\/en\/actualidad_home\/reducing-co2-emissions-a-key-challenge-for-our-health-and-that-of-the-planet\/#primaryimage\"},\"image\":{\"@id\":\"https:\/\/fundacion-biodiversidad.es\/en\/actualidad_home\/reducing-co2-emissions-a-key-challenge-for-our-health-and-that-of-the-planet\/#primaryimage\"},\"thumbnailUrl\":\"https:\/\/fundacion-biodiversidad.es\/wp-content\/uploads\/2025\/01\/Proyecto-Cambiar-tamano-de-imagen.jpeg\",\"datePublished\":\"2025-01-28T09:27:42+00:00\",\"breadcrumb\":{\"@id\":\"https:\/\/fundacion-biodiversidad.es\/en\/actualidad_home\/reducing-co2-emissions-a-key-challenge-for-our-health-and-that-of-the-planet\/#breadcrumb\"},\"inLanguage\":\"en-US\",\"potentialAction\":[{\"@type\":\"ReadAction\",\"target\":[\"https:\/\/fundacion-biodiversidad.es\/en\/actualidad_home\/reducing-co2-emissions-a-key-challenge-for-our-health-and-that-of-the-planet\/\"]}]},{\"@type\":\"ImageObject\",\"inLanguage\":\"en-US\",\"@id\":\"https:\/\/fundacion-biodiversidad.es\/en\/actualidad_home\/reducing-co2-emissions-a-key-challenge-for-our-health-and-that-of-the-planet\/#primaryimage\",\"url\":\"https:\/\/fundacion-biodiversidad.es\/wp-content\/uploads\/2025\/01\/Proyecto-Cambiar-tamano-de-imagen.jpeg\",\"contentUrl\":\"https:\/\/fundacion-biodiversidad.es\/wp-content\/uploads\/2025\/01\/Proyecto-Cambiar-tamano-de-imagen.jpeg\",\"width\":1200,\"height\":670},{\"@type\":\"BreadcrumbList\",\"@id\":\"https:\/\/fundacion-biodiversidad.es\/en\/actualidad_home\/reducing-co2-emissions-a-key-challenge-for-our-health-and-that-of-the-planet\/#breadcrumb\",\"itemListElement\":[{\"@type\":\"ListItem\",\"position\":1,\"name\":\"Portada\",\"item\":\"https:\/\/fundacion-biodiversidad.es\/en\/inicio\/\"},{\"@type\":\"ListItem\",\"position\":2,\"name\":\"Noticias de actualidad\",\"item\":\"https:\/\/fundacion-biodiversidad.es\/en\/actualidad_home\/\"},{\"@type\":\"ListItem\",\"position\":3,\"name\":\"Reducing CO2 emissions, a key challenge for our health and that of the planet\"}]},{\"@type\":\"WebSite\",\"@id\":\"https:\/\/fundacion-biodiversidad.es\/en\/#website\",\"url\":\"https:\/\/fundacion-biodiversidad.es\/en\/\",\"name\":\"Fundaci\u00f3n Biodiversidad\",\"description\":\"Fundaci\u00f3n p\u00fablica adscrita al Ministerio para la Transici\u00f3n Ecol\u00f3gica\",\"potentialAction\":[{\"@type\":\"SearchAction\",\"target\":{\"@type\":\"EntryPoint\",\"urlTemplate\":\"https:\/\/fundacion-biodiversidad.es\/en\/?s={search_term_string}\"},\"query-input\":{\"@type\":\"PropertyValueSpecification\",\"valueRequired\":true,\"valueName\":\"search_term_string\"}}],\"inLanguage\":\"en-US\"}]}<\/script>\n<!-- \/ Yoast SEO plugin. -->","yoast_head_json":{"title":"Reducing CO2 emissions, a key challenge for our health and that of the planet - Fundaci\u00f3n Biodiversidad","robots":{"index":"index","follow":"follow","max-snippet":"max-snippet:-1","max-image-preview":"max-image-preview:large","max-video-preview":"max-video-preview:-1"},"canonical":"https:\/\/fundacion-biodiversidad.es\/en\/actualidad_home\/reducing-co2-emissions-a-key-challenge-for-our-health-and-that-of-the-planet\/","og_locale":"en_US","og_type":"article","og_title":"Reducing CO2 emissions, a key challenge for our health and that of the planet - Fundaci\u00f3n Biodiversidad","og_description":"Every January 28 , the World Day for the Reduction of CO2 Emissions is celebrated, a date marked by the United Nations to reflect on [&hellip;]","og_url":"https:\/\/fundacion-biodiversidad.es\/en\/actualidad_home\/reducing-co2-emissions-a-key-challenge-for-our-health-and-that-of-the-planet\/","og_site_name":"Fundaci\u00f3n Biodiversidad","og_image":[{"width":720,"height":405,"url":"https:\/\/fundacion-biodiversidad.es\/wp-content\/uploads\/2023\/01\/2487661294_35330241_720x405.png","type":"image\/png"}],"twitter_card":"summary_large_image","twitter_misc":{"Est. reading time":"2 minutes"},"schema":{"@context":"https:\/\/schema.org","@graph":[{"@type":"WebPage","@id":"https:\/\/fundacion-biodiversidad.es\/en\/actualidad_home\/reducing-co2-emissions-a-key-challenge-for-our-health-and-that-of-the-planet\/","url":"https:\/\/fundacion-biodiversidad.es\/en\/actualidad_home\/reducing-co2-emissions-a-key-challenge-for-our-health-and-that-of-the-planet\/","name":"Reducing CO2 emissions, a key challenge for our health and that of the planet - Fundaci\u00f3n Biodiversidad","isPartOf":{"@id":"https:\/\/fundacion-biodiversidad.es\/en\/#website"},"primaryImageOfPage":{"@id":"https:\/\/fundacion-biodiversidad.es\/en\/actualidad_home\/reducing-co2-emissions-a-key-challenge-for-our-health-and-that-of-the-planet\/#primaryimage"},"image":{"@id":"https:\/\/fundacion-biodiversidad.es\/en\/actualidad_home\/reducing-co2-emissions-a-key-challenge-for-our-health-and-that-of-the-planet\/#primaryimage"},"thumbnailUrl":"https:\/\/fundacion-biodiversidad.es\/wp-content\/uploads\/2025\/01\/Proyecto-Cambiar-tamano-de-imagen.jpeg","datePublished":"2025-01-28T09:27:42+00:00","breadcrumb":{"@id":"https:\/\/fundacion-biodiversidad.es\/en\/actualidad_home\/reducing-co2-emissions-a-key-challenge-for-our-health-and-that-of-the-planet\/#breadcrumb"},"inLanguage":"en-US","potentialAction":[{"@type":"ReadAction","target":["https:\/\/fundacion-biodiversidad.es\/en\/actualidad_home\/reducing-co2-emissions-a-key-challenge-for-our-health-and-that-of-the-planet\/"]}]},{"@type":"ImageObject","inLanguage":"en-US","@id":"https:\/\/fundacion-biodiversidad.es\/en\/actualidad_home\/reducing-co2-emissions-a-key-challenge-for-our-health-and-that-of-the-planet\/#primaryimage","url":"https:\/\/fundacion-biodiversidad.es\/wp-content\/uploads\/2025\/01\/Proyecto-Cambiar-tamano-de-imagen.jpeg","contentUrl":"https:\/\/fundacion-biodiversidad.es\/wp-content\/uploads\/2025\/01\/Proyecto-Cambiar-tamano-de-imagen.jpeg","width":1200,"height":670},{"@type":"BreadcrumbList","@id":"https:\/\/fundacion-biodiversidad.es\/en\/actualidad_home\/reducing-co2-emissions-a-key-challenge-for-our-health-and-that-of-the-planet\/#breadcrumb","itemListElement":[{"@type":"ListItem","position":1,"name":"Portada","item":"https:\/\/fundacion-biodiversidad.es\/en\/inicio\/"},{"@type":"ListItem","position":2,"name":"Noticias de actualidad","item":"https:\/\/fundacion-biodiversidad.es\/en\/actualidad_home\/"},{"@type":"ListItem","position":3,"name":"Reducing CO2 emissions, a key challenge for our health and that of the planet"}]},{"@type":"WebSite","@id":"https:\/\/fundacion-biodiversidad.es\/en\/#website","url":"https:\/\/fundacion-biodiversidad.es\/en\/","name":"Fundaci\u00f3n Biodiversidad","description":"Fundaci\u00f3n p\u00fablica adscrita al Ministerio para la Transici\u00f3n Ecol\u00f3gica","potentialAction":[{"@type":"SearchAction","target":{"@type":"EntryPoint","urlTemplate":"https:\/\/fundacion-biodiversidad.es\/en\/?s={search_term_string}"},"query-input":{"@type":"PropertyValueSpecification","valueRequired":true,"valueName":"search_term_string"}}],"inLanguage":"en-US"}]}},"_links":{"self":[{"href":"https:\/\/fundacion-biodiversidad.es\/en\/wp-json\/wp\/v2\/actualidad_home\/97855682","targetHints":{"allow":["GET"]}}],"collection":[{"href":"https:\/\/fundacion-biodiversidad.es\/en\/wp-json\/wp\/v2\/actualidad_home"}],"about":[{"href":"https:\/\/fundacion-biodiversidad.es\/en\/wp-json\/wp\/v2\/types\/actualidad_home"}],"author":[{"embeddable":true,"href":"https:\/\/fundacion-biodiversidad.es\/en\/wp-json\/wp\/v2\/users\/11"}],"wp:featuredmedia":[{"embeddable":true,"href":"https:\/\/fundacion-biodiversidad.es\/en\/wp-json\/wp\/v2\/media\/97855681"}],"wp:attachment":[{"href":"https:\/\/fundacion-biodiversidad.es\/en\/wp-json\/wp\/v2\/media?parent=97855682"}],"wp:term":[{"taxonomy":"palabras_clave","embeddable":true,"href":"https:\/\/fundacion-biodiversidad.es\/en\/wp-json\/wp\/v2\/palabras_clave?post=97855682"}],"curies":[{"name":"wp","href":"https:\/\/api.w.org\/{rel}","templated":true}]}}