{"id":97856011,"date":"2024-10-31T10:56:47","date_gmt":"2024-10-31T09:56:47","guid":{"rendered":"https:\/\/fundacion-biodiversidad.es\/actualidad_home\/world-cities-day-highlights-the-role-of-young-people-as-key-actors-against-climate-change\/"},"modified":"2024-10-31T10:56:47","modified_gmt":"2024-10-31T09:56:47","slug":"world-cities-day-highlights-the-role-of-young-people-as-key-actors-against-climate-change","status":"publish","type":"actualidad_home","link":"https:\/\/fundacion-biodiversidad.es\/en\/actualidad_home\/world-cities-day-highlights-the-role-of-young-people-as-key-actors-against-climate-change\/","title":{"rendered":"World Cities Day highlights the role of young people as key actors against climate change"},"content":{"rendered":"<p><a href=\"https:\/\/www.un.org\/es\/observances\/cities-day#:~:text=El%20D%C3%ADa%20Mundial%20de%20las%20Ciudades%202024%2C%20cuyo%20lema%20es,a%20los%20desaf%C3%ADos%20clim%C3%A1ticos%20urbanos.\">World Cities Day<\/a> is celebrated on October 31, a date promoted <a href=\"https:\/\/daccess-ods.un.org\/access.nsf\/Get?OpenAgent&amp;DS=A\/RES\/68\/239&amp;Lang=S\">since 2014<\/a> by the United Nations (UN) to reflect on how <strong>urbanization<\/strong> can be a driver of change for sustainable development. This year, with the theme &#8220;<strong>Young Climate Change Agents: Catalyzing Local Action for Urban Sustainability<\/strong>&#8220;, the crucial role of youth and local governments in addressing climate challenges in cities and moving towards a more resilient and sustainable urban future is highlighted. Today, more than half of the world&#8217;s population lives in urban areas and this figure is projected to increase to <strong>70% by 2050<\/strong>. This urban growth poses critical challenges, but it also offers unprecedented opportunities to implement creative solutions that improve the quality of life of its inhabitants. Cities, by concentrating a large part of global economic activity, generate <strong>65% of the world&#8217;s energy demand<\/strong> and are responsible for <strong>75% of carbon dioxide emissions<\/strong>, which makes them key points in addressing <strong>the climate crisis<\/strong>. The importance of involving youth in urban planning and development is becoming increasingly evident, especially in the face of the climate challenges facing our cities. Under this year&#8217;s theme, it is highlighted that the creativity and innovative ideas of young people are fundamental to addressing poverty, inequality and environmental degradation in urban environments. Young people&#8217;s voices must be heard, and their participation in decision-making is essential to building more inclusive and resilient cities, the UN says. To ensure that these voices are integrated into urban management, initiatives such as the <a href=\"https:\/\/www.un.org\/es\/summit-of-the-future\/pact-for-the-future\">Pact for the Future<\/a> and the <a href=\"https:\/\/www.un.org\/es\/summit-of-the-future\/declaration-on-future-generations\">Declaration on Future Generations<\/a> have been established that <strong>prioritize<\/strong> the views of young people in the creation of <strong>sustainable policies<\/strong>. Encouraging the creation of youth councils and maintaining a constant dialogue between young people and policymakers are crucial steps in developing strategies that reflect the diverse needs of the urban population. In doing so, not only do you address today&#8217;s challenges, but you also lay the foundation for <strong>a more equitable and sustainable urban future<\/strong>, where today&#8217;s decisions benefit future generations. <\/p>\n<p><strong><u>PROMOTION OF URBAN RENATURATION<\/u><\/strong><\/p>\n<p>Until now, urban development has been carried out <strong>with its back to nature<\/strong>. Added to this has been an accelerated process of expansion, overpopulation and loss of biodiversity. Distancing nature from the city is entailing significant economic, health and quality of life costs for its inhabitants. To reverse this situation, it is necessary to promote a change of course in the management of urban environments and mobilise resources to direct them to promoting <strong>a real rapprochement between city and nature<\/strong>, promoting the recovery, growth and connection of green infrastructures based on Nature-based Solutions (NBS). Thus, urban renaturation can contribute to responding to the challenges faced by cities, such as <strong>pollution<\/strong> or the obvious effects of <strong>climate change<\/strong>, which have a direct impact on people&#8217;s well-being and health. In this context, the <strong>Biodiversity Foundation<\/strong> of the Ministry for Ecological Transition and the Demographic Challenge (<strong>MITECO)<\/strong> supports, through three calls for grants, <strong>73 key projects<\/strong> to transform cities into more sustainable and healthy spaces. These initiatives seek to recover nature in urban environments, mitigate the risk of flooding in river areas and adapt to the effects of climate change. They include actions at different scales, such as the planting of native species, the creation of <strong>green rings and floodable parks and the naturalization<\/strong> of degraded areas. These projects, which have a total endowment of 194 million euros from the <strong>Recovery, Transformation and Resilience Plan (RTRP)<\/strong> financed by the European Union \u2013 <strong>NextGenerationEU,<\/strong> are an example of the paradigm shift that cities need. Among the beneficiary projects is &#8220;<a href=\"https:\/\/fundacion-biodiversidad.es\/proyecto_prtr\/conecta-congost-natura-2025-renaturalizacion-del-rio-y-el-parque-congost-y-actualizacion-de-la-infraestructura-verde-de-granollers-mediante-la-aplicacion-de-las-supermanzanas-coconat25\/\">Conecta Congost Natura 2025<\/a>&#8221; in Granollers (Barcelona), which aims to renaturalise the Congost River and update the municipality&#8217;s green infrastructure through the superblock model. Thanks to this initiative, <strong>300 longitudinal meters<\/strong> of river, currently boxed in, will be restored to integrate it into the Congost park, which will be transformed into a <strong>21,500 square meter promenade<\/strong>. In addition, urban green infrastructure will be reinforced with new <strong>renaturalised areas<\/strong> designed to promote sustainable mobility and improve the city&#8217;s green connectivity.  <\/p>\n<p>Another example of the <a href=\"https:\/\/fundacion-biodiversidad.es\/convocatorias_del_pr\/convocatoria-de-subvenciones-para-fomentar-actuaciones-dirigidas-la-renaturalizacion-y\/\">call for the promotion of urban renaturation<\/a> is the <a href=\"https:\/\/fundacion-biodiversidad.es\/proyecto_prtr\/bienestar-restauracion-resiliencia-y-adaptacion-proyecto-brera\/\">BRERA project<\/a>, in Soria. This initiative advances in the recovery, restoration, connection and expansion of green areas, <strong>biodiversity and ecosystem wealth<\/strong> in the city. The main objective is to recover biodiversity by transforming degraded and disused spaces into habitats for <strong>pollinators and amphibians<\/strong>. Finally, the <a href=\"https:\/\/fundacion-biodiversidad.es\/proyecto_prtr\/parque-fluvial-organico-de-andujar-rio-guadalquivir-besando-abrazando-el-guadalquivir-p-f-o-a\/\">And\u00fajar-R\u00edo Guadalquivir Organic River Park project<\/a> (Ja\u00e9n) addresses key issues to ensure the safety and well-being of citizens: mitigating the risk of flooding, eliminating <strong>invasive alien species<\/strong> and revegetation of the riverbank. All this will contribute to improving its layout and its role as a connector for the development of <strong>biodiversity<\/strong>. The <strong>73 Spanish cities<\/strong> that are currently implementing these pioneering projects lead the way towards an urban model that combines <strong>sustainability, innovation and well-being<\/strong>, demonstrating that Nature-Based Solutions are essential for the future of our cities.  <\/p>\n<p><strong> <\/strong><\/p>\n","protected":false},"author":11,"featured_media":97854577,"template":"","meta":{"_acf_changed":false},"palabras_clave":[],"class_list":["post-97856011","actualidad_home","type-actualidad_home","status-publish","has-post-thumbnail","hentry"],"acf":[],"yoast_head":"<!-- This site is optimized with the Yoast SEO plugin v26.9 - https:\/\/yoast.com\/product\/yoast-seo-wordpress\/ -->\n<title>World Cities Day highlights the role of young people as key actors against climate change - Fundaci\u00f3n Biodiversidad<\/title>\n<meta name=\"robots\" content=\"index, follow, max-snippet:-1, max-image-preview:large, max-video-preview:-1\" \/>\n<link rel=\"canonical\" href=\"https:\/\/fundacion-biodiversidad.es\/en\/actualidad_home\/world-cities-day-highlights-the-role-of-young-people-as-key-actors-against-climate-change\/\" \/>\n<meta property=\"og:locale\" content=\"en_US\" \/>\n<meta property=\"og:type\" content=\"article\" \/>\n<meta property=\"og:title\" content=\"World Cities Day highlights the role of young people as key actors against climate change - Fundaci\u00f3n Biodiversidad\" \/>\n<meta property=\"og:description\" content=\"World Cities Day is celebrated on October 31, a date promoted since 2014 by the United Nations (UN) to reflect on how urbanization can be [&hellip;]\" \/>\n<meta property=\"og:url\" content=\"https:\/\/fundacion-biodiversidad.es\/en\/actualidad_home\/world-cities-day-highlights-the-role-of-young-people-as-key-actors-against-climate-change\/\" \/>\n<meta property=\"og:site_name\" content=\"Fundaci\u00f3n Biodiversidad\" \/>\n<meta property=\"og:image\" content=\"https:\/\/fundacion-biodiversidad.es\/wp-content\/uploads\/2024\/10\/woman-walking-with-two-dog-at-the-autumn-public-ci-2023-11-27-04-51-51-utc-scaled-e1730368366560-1024x536.jpeg\" \/>\n<meta name=\"twitter:card\" content=\"summary_large_image\" \/>\n<meta name=\"twitter:label1\" content=\"Est. reading time\" \/>\n\t<meta name=\"twitter:data1\" content=\"4 minutes\" \/>\n<script type=\"application\/ld+json\" class=\"yoast-schema-graph\">{\"@context\":\"https:\/\/schema.org\",\"@graph\":[{\"@type\":\"WebPage\",\"@id\":\"https:\/\/fundacion-biodiversidad.es\/en\/actualidad_home\/world-cities-day-highlights-the-role-of-young-people-as-key-actors-against-climate-change\/\",\"url\":\"https:\/\/fundacion-biodiversidad.es\/en\/actualidad_home\/world-cities-day-highlights-the-role-of-young-people-as-key-actors-against-climate-change\/\",\"name\":\"World Cities Day highlights the role of young people as key actors against climate change - Fundaci\u00f3n Biodiversidad\",\"isPartOf\":{\"@id\":\"https:\/\/fundacion-biodiversidad.es\/en\/#website\"},\"primaryImageOfPage\":{\"@id\":\"https:\/\/fundacion-biodiversidad.es\/en\/actualidad_home\/world-cities-day-highlights-the-role-of-young-people-as-key-actors-against-climate-change\/#primaryimage\"},\"image\":{\"@id\":\"https:\/\/fundacion-biodiversidad.es\/en\/actualidad_home\/world-cities-day-highlights-the-role-of-young-people-as-key-actors-against-climate-change\/#primaryimage\"},\"thumbnailUrl\":\"https:\/\/fundacion-biodiversidad.es\/wp-content\/uploads\/2024\/10\/woman-walking-with-two-dog-at-the-autumn-public-ci-2023-11-27-04-51-51-utc-scaled-e1730368366560.jpeg\",\"datePublished\":\"2024-10-31T09:56:47+00:00\",\"breadcrumb\":{\"@id\":\"https:\/\/fundacion-biodiversidad.es\/en\/actualidad_home\/world-cities-day-highlights-the-role-of-young-people-as-key-actors-against-climate-change\/#breadcrumb\"},\"inLanguage\":\"en-US\",\"potentialAction\":[{\"@type\":\"ReadAction\",\"target\":[\"https:\/\/fundacion-biodiversidad.es\/en\/actualidad_home\/world-cities-day-highlights-the-role-of-young-people-as-key-actors-against-climate-change\/\"]}]},{\"@type\":\"ImageObject\",\"inLanguage\":\"en-US\",\"@id\":\"https:\/\/fundacion-biodiversidad.es\/en\/actualidad_home\/world-cities-day-highlights-the-role-of-young-people-as-key-actors-against-climate-change\/#primaryimage\",\"url\":\"https:\/\/fundacion-biodiversidad.es\/wp-content\/uploads\/2024\/10\/woman-walking-with-two-dog-at-the-autumn-public-ci-2023-11-27-04-51-51-utc-scaled-e1730368366560.jpeg\",\"contentUrl\":\"https:\/\/fundacion-biodiversidad.es\/wp-content\/uploads\/2024\/10\/woman-walking-with-two-dog-at-the-autumn-public-ci-2023-11-27-04-51-51-utc-scaled-e1730368366560.jpeg\",\"width\":4096,\"height\":2732,\"caption\":\"Woman walking with two dog at the autumn public city park.\"},{\"@type\":\"BreadcrumbList\",\"@id\":\"https:\/\/fundacion-biodiversidad.es\/en\/actualidad_home\/world-cities-day-highlights-the-role-of-young-people-as-key-actors-against-climate-change\/#breadcrumb\",\"itemListElement\":[{\"@type\":\"ListItem\",\"position\":1,\"name\":\"Portada\",\"item\":\"https:\/\/fundacion-biodiversidad.es\/en\/inicio\/\"},{\"@type\":\"ListItem\",\"position\":2,\"name\":\"Noticias de actualidad\",\"item\":\"https:\/\/fundacion-biodiversidad.es\/en\/actualidad_home\/\"},{\"@type\":\"ListItem\",\"position\":3,\"name\":\"World Cities Day highlights the role of young people as key actors against climate change\"}]},{\"@type\":\"WebSite\",\"@id\":\"https:\/\/fundacion-biodiversidad.es\/en\/#website\",\"url\":\"https:\/\/fundacion-biodiversidad.es\/en\/\",\"name\":\"Fundaci\u00f3n Biodiversidad\",\"description\":\"Fundaci\u00f3n p\u00fablica adscrita al Ministerio para la Transici\u00f3n Ecol\u00f3gica\",\"potentialAction\":[{\"@type\":\"SearchAction\",\"target\":{\"@type\":\"EntryPoint\",\"urlTemplate\":\"https:\/\/fundacion-biodiversidad.es\/en\/?s={search_term_string}\"},\"query-input\":{\"@type\":\"PropertyValueSpecification\",\"valueRequired\":true,\"valueName\":\"search_term_string\"}}],\"inLanguage\":\"en-US\"}]}<\/script>\n<!-- \/ Yoast SEO plugin. -->","yoast_head_json":{"title":"World Cities Day highlights the role of young people as key actors against climate change - Fundaci\u00f3n Biodiversidad","robots":{"index":"index","follow":"follow","max-snippet":"max-snippet:-1","max-image-preview":"max-image-preview:large","max-video-preview":"max-video-preview:-1"},"canonical":"https:\/\/fundacion-biodiversidad.es\/en\/actualidad_home\/world-cities-day-highlights-the-role-of-young-people-as-key-actors-against-climate-change\/","og_locale":"en_US","og_type":"article","og_title":"World Cities Day highlights the role of young people as key actors against climate change - Fundaci\u00f3n Biodiversidad","og_description":"World Cities Day is celebrated on October 31, a date promoted since 2014 by the United Nations (UN) to reflect on how urbanization can be [&hellip;]","og_url":"https:\/\/fundacion-biodiversidad.es\/en\/actualidad_home\/world-cities-day-highlights-the-role-of-young-people-as-key-actors-against-climate-change\/","og_site_name":"Fundaci\u00f3n Biodiversidad","og_image":[{"url":"https:\/\/fundacion-biodiversidad.es\/wp-content\/uploads\/2024\/10\/woman-walking-with-two-dog-at-the-autumn-public-ci-2023-11-27-04-51-51-utc-scaled-e1730368366560-1024x536.jpeg","type":"","width":"","height":""}],"twitter_card":"summary_large_image","twitter_misc":{"Est. reading time":"4 minutes"},"schema":{"@context":"https:\/\/schema.org","@graph":[{"@type":"WebPage","@id":"https:\/\/fundacion-biodiversidad.es\/en\/actualidad_home\/world-cities-day-highlights-the-role-of-young-people-as-key-actors-against-climate-change\/","url":"https:\/\/fundacion-biodiversidad.es\/en\/actualidad_home\/world-cities-day-highlights-the-role-of-young-people-as-key-actors-against-climate-change\/","name":"World Cities Day highlights the role of young people as key actors against climate change - Fundaci\u00f3n Biodiversidad","isPartOf":{"@id":"https:\/\/fundacion-biodiversidad.es\/en\/#website"},"primaryImageOfPage":{"@id":"https:\/\/fundacion-biodiversidad.es\/en\/actualidad_home\/world-cities-day-highlights-the-role-of-young-people-as-key-actors-against-climate-change\/#primaryimage"},"image":{"@id":"https:\/\/fundacion-biodiversidad.es\/en\/actualidad_home\/world-cities-day-highlights-the-role-of-young-people-as-key-actors-against-climate-change\/#primaryimage"},"thumbnailUrl":"https:\/\/fundacion-biodiversidad.es\/wp-content\/uploads\/2024\/10\/woman-walking-with-two-dog-at-the-autumn-public-ci-2023-11-27-04-51-51-utc-scaled-e1730368366560.jpeg","datePublished":"2024-10-31T09:56:47+00:00","breadcrumb":{"@id":"https:\/\/fundacion-biodiversidad.es\/en\/actualidad_home\/world-cities-day-highlights-the-role-of-young-people-as-key-actors-against-climate-change\/#breadcrumb"},"inLanguage":"en-US","potentialAction":[{"@type":"ReadAction","target":["https:\/\/fundacion-biodiversidad.es\/en\/actualidad_home\/world-cities-day-highlights-the-role-of-young-people-as-key-actors-against-climate-change\/"]}]},{"@type":"ImageObject","inLanguage":"en-US","@id":"https:\/\/fundacion-biodiversidad.es\/en\/actualidad_home\/world-cities-day-highlights-the-role-of-young-people-as-key-actors-against-climate-change\/#primaryimage","url":"https:\/\/fundacion-biodiversidad.es\/wp-content\/uploads\/2024\/10\/woman-walking-with-two-dog-at-the-autumn-public-ci-2023-11-27-04-51-51-utc-scaled-e1730368366560.jpeg","contentUrl":"https:\/\/fundacion-biodiversidad.es\/wp-content\/uploads\/2024\/10\/woman-walking-with-two-dog-at-the-autumn-public-ci-2023-11-27-04-51-51-utc-scaled-e1730368366560.jpeg","width":4096,"height":2732,"caption":"Woman walking with two dog at the autumn public city park."},{"@type":"BreadcrumbList","@id":"https:\/\/fundacion-biodiversidad.es\/en\/actualidad_home\/world-cities-day-highlights-the-role-of-young-people-as-key-actors-against-climate-change\/#breadcrumb","itemListElement":[{"@type":"ListItem","position":1,"name":"Portada","item":"https:\/\/fundacion-biodiversidad.es\/en\/inicio\/"},{"@type":"ListItem","position":2,"name":"Noticias de actualidad","item":"https:\/\/fundacion-biodiversidad.es\/en\/actualidad_home\/"},{"@type":"ListItem","position":3,"name":"World Cities Day highlights the role of young people as key actors against climate change"}]},{"@type":"WebSite","@id":"https:\/\/fundacion-biodiversidad.es\/en\/#website","url":"https:\/\/fundacion-biodiversidad.es\/en\/","name":"Fundaci\u00f3n Biodiversidad","description":"Fundaci\u00f3n p\u00fablica adscrita al Ministerio para la Transici\u00f3n Ecol\u00f3gica","potentialAction":[{"@type":"SearchAction","target":{"@type":"EntryPoint","urlTemplate":"https:\/\/fundacion-biodiversidad.es\/en\/?s={search_term_string}"},"query-input":{"@type":"PropertyValueSpecification","valueRequired":true,"valueName":"search_term_string"}}],"inLanguage":"en-US"}]}},"_links":{"self":[{"href":"https:\/\/fundacion-biodiversidad.es\/en\/wp-json\/wp\/v2\/actualidad_home\/97856011","targetHints":{"allow":["GET"]}}],"collection":[{"href":"https:\/\/fundacion-biodiversidad.es\/en\/wp-json\/wp\/v2\/actualidad_home"}],"about":[{"href":"https:\/\/fundacion-biodiversidad.es\/en\/wp-json\/wp\/v2\/types\/actualidad_home"}],"author":[{"embeddable":true,"href":"https:\/\/fundacion-biodiversidad.es\/en\/wp-json\/wp\/v2\/users\/11"}],"wp:featuredmedia":[{"embeddable":true,"href":"https:\/\/fundacion-biodiversidad.es\/en\/wp-json\/wp\/v2\/media\/97854577"}],"wp:attachment":[{"href":"https:\/\/fundacion-biodiversidad.es\/en\/wp-json\/wp\/v2\/media?parent=97856011"}],"wp:term":[{"taxonomy":"palabras_clave","embeddable":true,"href":"https:\/\/fundacion-biodiversidad.es\/en\/wp-json\/wp\/v2\/palabras_clave?post=97856011"}],"curies":[{"name":"wp","href":"https:\/\/api.w.org\/{rel}","templated":true}]}}