{"id":97856365,"date":"2014-03-24T16:22:24","date_gmt":"2014-03-24T15:22:24","guid":{"rendered":"https:\/\/fundacion-biodiversidad.es\/actualidad_home\/the-seminar-why-are-we-losing-biodiversity-brings-together-experts-and-social-actors-in-madrid\/"},"modified":"2014-03-24T16:22:24","modified_gmt":"2014-03-24T15:22:24","slug":"the-seminar-why-are-we-losing-biodiversity-brings-together-experts-and-social-actors-in-madrid","status":"publish","type":"actualidad_home","link":"https:\/\/fundacion-biodiversidad.es\/en\/actualidad_home\/the-seminar-why-are-we-losing-biodiversity-brings-together-experts-and-social-actors-in-madrid\/","title":{"rendered":"The Seminar Why are we losing biodiversity? brings together experts and social actors in Madrid"},"content":{"rendered":"<p>The Biodiversity Foundation will participate tomorrow in the opening ceremony of the Seminar &#8220;Why do we lose biodiversity?&#8221;, organized by Ecologistas en Acci\u00f3n, with the collaboration of the Biodiversity Foundation and the Complutense Center for Environmental Studies and Information.<\/p>\n<p><!--more--><\/p>\n<p>  &#8220;Why are we losing biodiversity? Cultural and Economic Roots of Biodiversity Loss&#8221;, which is part of the celebration of the International Year of Biological Diversity, will be held over the weekend at the C\u00edrculo de Bellas Artes in Madrid and will feature the participation of representatives of the scientific world \u2013 biologists, ecologists, anthropologists, theologians, economists \u2013 and social movements.<\/p>\n<p>  In this seminar, experts and social actors will try to identify the underlying causes of the destruction of biodiversity and will discuss the values and elements that could favour a greater approach of Spanish society to nature conservation, proposing actions to be developed to act on them. In fact, some of the measures taken during these years have focused on responding to changes in the state of biological diversity, such as the declaration of protected areas, plans for endangered species or the fight against pollution, although there is still a long way to go to reverse some of the causes of the deterioration of biological diversity.   <\/p>\n<p>  The seminar is divided into three sessions. The first will analyse the situation and importance of terrestrial and marine biodiversity. The second session will focus on the cultural roots of biodiversity loss, analysing biocentric cultures, cultural anthropology, the impact of religion on our relationship with nature, and the contribution of women to the conservation of life. And the third session will focus on the economic roots of biodiversity loss, addressing the changes made in production systems in recent centuries and in the rural world, the effects of the current economic model and market globalisation.   <\/p>\n","protected":false},"author":11,"featured_media":0,"template":"","meta":{"_acf_changed":false},"palabras_clave":[],"class_list":["post-97856365","actualidad_home","type-actualidad_home","status-publish","hentry"],"acf":[],"yoast_head":"<!-- This site is optimized with the Yoast SEO plugin v26.9 - https:\/\/yoast.com\/product\/yoast-seo-wordpress\/ -->\n<title>The Seminar Why are we losing biodiversity? brings together experts and social actors in Madrid - Fundaci\u00f3n Biodiversidad<\/title>\n<meta name=\"robots\" content=\"index, follow, max-snippet:-1, max-image-preview:large, max-video-preview:-1\" \/>\n<link rel=\"canonical\" href=\"https:\/\/fundacion-biodiversidad.es\/en\/actualidad_home\/the-seminar-why-are-we-losing-biodiversity-brings-together-experts-and-social-actors-in-madrid\/\" \/>\n<meta property=\"og:locale\" content=\"en_US\" \/>\n<meta property=\"og:type\" content=\"article\" \/>\n<meta property=\"og:title\" content=\"The Seminar Why are we losing biodiversity? brings together experts and social actors in Madrid - Fundaci\u00f3n Biodiversidad\" \/>\n<meta property=\"og:description\" content=\"The Biodiversity Foundation will participate tomorrow in the opening ceremony of the Seminar &#8220;Why do we lose biodiversity?&#8221;, organized by Ecologistas en Acci\u00f3n, with the [&hellip;]\" \/>\n<meta property=\"og:url\" content=\"https:\/\/fundacion-biodiversidad.es\/en\/actualidad_home\/the-seminar-why-are-we-losing-biodiversity-brings-together-experts-and-social-actors-in-madrid\/\" \/>\n<meta property=\"og:site_name\" content=\"Fundaci\u00f3n Biodiversidad\" \/>\n<meta property=\"og:image\" content=\"https:\/\/fundacion-biodiversidad.es\/wp-content\/uploads\/2023\/01\/2487661294_35330241_720x405.png\" \/>\n\t<meta property=\"og:image:width\" content=\"720\" \/>\n\t<meta property=\"og:image:height\" content=\"405\" \/>\n\t<meta property=\"og:image:type\" content=\"image\/png\" \/>\n<meta name=\"twitter:card\" content=\"summary_large_image\" \/>\n<meta name=\"twitter:label1\" content=\"Est. reading time\" \/>\n\t<meta name=\"twitter:data1\" content=\"1 minute\" \/>\n<script type=\"application\/ld+json\" class=\"yoast-schema-graph\">{\"@context\":\"https:\/\/schema.org\",\"@graph\":[{\"@type\":\"WebPage\",\"@id\":\"https:\/\/fundacion-biodiversidad.es\/en\/actualidad_home\/the-seminar-why-are-we-losing-biodiversity-brings-together-experts-and-social-actors-in-madrid\/\",\"url\":\"https:\/\/fundacion-biodiversidad.es\/en\/actualidad_home\/the-seminar-why-are-we-losing-biodiversity-brings-together-experts-and-social-actors-in-madrid\/\",\"name\":\"The Seminar Why are we losing biodiversity? brings together experts and social actors in Madrid - Fundaci\u00f3n Biodiversidad\",\"isPartOf\":{\"@id\":\"https:\/\/fundacion-biodiversidad.es\/en\/#website\"},\"datePublished\":\"2014-03-24T15:22:24+00:00\",\"breadcrumb\":{\"@id\":\"https:\/\/fundacion-biodiversidad.es\/en\/actualidad_home\/the-seminar-why-are-we-losing-biodiversity-brings-together-experts-and-social-actors-in-madrid\/#breadcrumb\"},\"inLanguage\":\"en-US\",\"potentialAction\":[{\"@type\":\"ReadAction\",\"target\":[\"https:\/\/fundacion-biodiversidad.es\/en\/actualidad_home\/the-seminar-why-are-we-losing-biodiversity-brings-together-experts-and-social-actors-in-madrid\/\"]}]},{\"@type\":\"BreadcrumbList\",\"@id\":\"https:\/\/fundacion-biodiversidad.es\/en\/actualidad_home\/the-seminar-why-are-we-losing-biodiversity-brings-together-experts-and-social-actors-in-madrid\/#breadcrumb\",\"itemListElement\":[{\"@type\":\"ListItem\",\"position\":1,\"name\":\"Portada\",\"item\":\"https:\/\/fundacion-biodiversidad.es\/en\/inicio\/\"},{\"@type\":\"ListItem\",\"position\":2,\"name\":\"Noticias de actualidad\",\"item\":\"https:\/\/fundacion-biodiversidad.es\/en\/actualidad_home\/\"},{\"@type\":\"ListItem\",\"position\":3,\"name\":\"The Seminar Why are we losing biodiversity? brings together experts and social actors in Madrid\"}]},{\"@type\":\"WebSite\",\"@id\":\"https:\/\/fundacion-biodiversidad.es\/en\/#website\",\"url\":\"https:\/\/fundacion-biodiversidad.es\/en\/\",\"name\":\"Fundaci\u00f3n Biodiversidad\",\"description\":\"Fundaci\u00f3n p\u00fablica adscrita al Ministerio para la Transici\u00f3n Ecol\u00f3gica\",\"potentialAction\":[{\"@type\":\"SearchAction\",\"target\":{\"@type\":\"EntryPoint\",\"urlTemplate\":\"https:\/\/fundacion-biodiversidad.es\/en\/?s={search_term_string}\"},\"query-input\":{\"@type\":\"PropertyValueSpecification\",\"valueRequired\":true,\"valueName\":\"search_term_string\"}}],\"inLanguage\":\"en-US\"}]}<\/script>\n<!-- \/ Yoast SEO plugin. -->","yoast_head_json":{"title":"The Seminar Why are we losing biodiversity? brings together experts and social actors in Madrid - Fundaci\u00f3n Biodiversidad","robots":{"index":"index","follow":"follow","max-snippet":"max-snippet:-1","max-image-preview":"max-image-preview:large","max-video-preview":"max-video-preview:-1"},"canonical":"https:\/\/fundacion-biodiversidad.es\/en\/actualidad_home\/the-seminar-why-are-we-losing-biodiversity-brings-together-experts-and-social-actors-in-madrid\/","og_locale":"en_US","og_type":"article","og_title":"The Seminar Why are we losing biodiversity? brings together experts and social actors in Madrid - Fundaci\u00f3n Biodiversidad","og_description":"The Biodiversity Foundation will participate tomorrow in the opening ceremony of the Seminar &#8220;Why do we lose biodiversity?&#8221;, organized by Ecologistas en Acci\u00f3n, with the [&hellip;]","og_url":"https:\/\/fundacion-biodiversidad.es\/en\/actualidad_home\/the-seminar-why-are-we-losing-biodiversity-brings-together-experts-and-social-actors-in-madrid\/","og_site_name":"Fundaci\u00f3n Biodiversidad","og_image":[{"width":720,"height":405,"url":"https:\/\/fundacion-biodiversidad.es\/wp-content\/uploads\/2023\/01\/2487661294_35330241_720x405.png","type":"image\/png"}],"twitter_card":"summary_large_image","twitter_misc":{"Est. reading time":"1 minute"},"schema":{"@context":"https:\/\/schema.org","@graph":[{"@type":"WebPage","@id":"https:\/\/fundacion-biodiversidad.es\/en\/actualidad_home\/the-seminar-why-are-we-losing-biodiversity-brings-together-experts-and-social-actors-in-madrid\/","url":"https:\/\/fundacion-biodiversidad.es\/en\/actualidad_home\/the-seminar-why-are-we-losing-biodiversity-brings-together-experts-and-social-actors-in-madrid\/","name":"The Seminar Why are we losing biodiversity? brings together experts and social actors in Madrid - Fundaci\u00f3n Biodiversidad","isPartOf":{"@id":"https:\/\/fundacion-biodiversidad.es\/en\/#website"},"datePublished":"2014-03-24T15:22:24+00:00","breadcrumb":{"@id":"https:\/\/fundacion-biodiversidad.es\/en\/actualidad_home\/the-seminar-why-are-we-losing-biodiversity-brings-together-experts-and-social-actors-in-madrid\/#breadcrumb"},"inLanguage":"en-US","potentialAction":[{"@type":"ReadAction","target":["https:\/\/fundacion-biodiversidad.es\/en\/actualidad_home\/the-seminar-why-are-we-losing-biodiversity-brings-together-experts-and-social-actors-in-madrid\/"]}]},{"@type":"BreadcrumbList","@id":"https:\/\/fundacion-biodiversidad.es\/en\/actualidad_home\/the-seminar-why-are-we-losing-biodiversity-brings-together-experts-and-social-actors-in-madrid\/#breadcrumb","itemListElement":[{"@type":"ListItem","position":1,"name":"Portada","item":"https:\/\/fundacion-biodiversidad.es\/en\/inicio\/"},{"@type":"ListItem","position":2,"name":"Noticias de actualidad","item":"https:\/\/fundacion-biodiversidad.es\/en\/actualidad_home\/"},{"@type":"ListItem","position":3,"name":"The Seminar Why are we losing biodiversity? brings together experts and social actors in Madrid"}]},{"@type":"WebSite","@id":"https:\/\/fundacion-biodiversidad.es\/en\/#website","url":"https:\/\/fundacion-biodiversidad.es\/en\/","name":"Fundaci\u00f3n Biodiversidad","description":"Fundaci\u00f3n p\u00fablica adscrita al Ministerio para la Transici\u00f3n Ecol\u00f3gica","potentialAction":[{"@type":"SearchAction","target":{"@type":"EntryPoint","urlTemplate":"https:\/\/fundacion-biodiversidad.es\/en\/?s={search_term_string}"},"query-input":{"@type":"PropertyValueSpecification","valueRequired":true,"valueName":"search_term_string"}}],"inLanguage":"en-US"}]}},"_links":{"self":[{"href":"https:\/\/fundacion-biodiversidad.es\/en\/wp-json\/wp\/v2\/actualidad_home\/97856365","targetHints":{"allow":["GET"]}}],"collection":[{"href":"https:\/\/fundacion-biodiversidad.es\/en\/wp-json\/wp\/v2\/actualidad_home"}],"about":[{"href":"https:\/\/fundacion-biodiversidad.es\/en\/wp-json\/wp\/v2\/types\/actualidad_home"}],"author":[{"embeddable":true,"href":"https:\/\/fundacion-biodiversidad.es\/en\/wp-json\/wp\/v2\/users\/11"}],"wp:attachment":[{"href":"https:\/\/fundacion-biodiversidad.es\/en\/wp-json\/wp\/v2\/media?parent=97856365"}],"wp:term":[{"taxonomy":"palabras_clave","embeddable":true,"href":"https:\/\/fundacion-biodiversidad.es\/en\/wp-json\/wp\/v2\/palabras_clave?post=97856365"}],"curies":[{"name":"wp","href":"https:\/\/api.w.org\/{rel}","templated":true}]}}