{"id":97857121,"date":"2014-03-24T16:22:24","date_gmt":"2014-03-24T15:22:24","guid":{"rendered":"https:\/\/fundacion-biodiversidad.es\/actualidad_home\/a-new-forestry-volunteer-day-will-be-held-in-la-pedriza\/"},"modified":"2014-03-24T16:22:24","modified_gmt":"2014-03-24T15:22:24","slug":"a-new-forestry-volunteer-day-will-be-held-in-la-pedriza","status":"publish","type":"actualidad_home","link":"https:\/\/fundacion-biodiversidad.es\/en\/actualidad_home\/a-new-forestry-volunteer-day-will-be-held-in-la-pedriza\/","title":{"rendered":"A new forestry volunteer day will be held in La Pedriza"},"content":{"rendered":"<p>Reforesta and FCPN (Federation of Associations to Know and Protect Nature), with the support of the Biodiversity Foundation, continue this weekend with the autumn season of the &#8220;Reforestations 2010&#8221; Program.  <\/p>\n<p><!--more--><\/p>\n<p>On Saturday, October 16, a day is scheduled in the Pedriza Park to carry out new volunteer forestry activities, among which the search for seeds of acorns, cork oaks and holm oaks stand out.<\/p>\n<p>Those interested in collaborating can register by sending an email to <a href=\"mailto:veronica.orosa@reforesta.es\">veronica.orosa@reforesta.es<\/a>, with their name, ID, telephone number and age. They can also call 91 804 65 09, from 10:00 a.m. to 3:00 p.m. <\/p>\n<p>The meeting point will be the door of the Manzanares el Real City Council and the scheduled time for the activity is from 10:00 a.m. to 2:30 p.m., with Rub\u00e9n as the contact person in the field.<\/p>\n<p>This day, which will take place in 2010, in which the reforested area will be increased by a minimum of 1.5 hectares, is a continuation of the reforestation work begun in February 2009 in La Pedriza (Madrid), an occasion that was propitious to carry out a reforestation with holm oaks and cork oaks.<\/p>\n<p>Next autumn, 400 seedlings of various native forest species are planned to be planted.<\/p>\n<p>More information at <strong><a target=\"_blank\" href=\"http:\/\/www.reforesta.es\" rel=\"noopener\">www.reforesta.es <\/a><br \/><\/strong><\/p>\n","protected":false},"author":11,"featured_media":0,"template":"","meta":{"_acf_changed":false},"palabras_clave":[],"class_list":["post-97857121","actualidad_home","type-actualidad_home","status-publish","hentry"],"acf":[],"yoast_head":"<!-- This site is optimized with the Yoast SEO plugin v26.9 - https:\/\/yoast.com\/product\/yoast-seo-wordpress\/ -->\n<title>A new forestry volunteer day will be held in La Pedriza - Fundaci\u00f3n Biodiversidad<\/title>\n<meta name=\"robots\" content=\"index, follow, max-snippet:-1, max-image-preview:large, max-video-preview:-1\" \/>\n<link rel=\"canonical\" href=\"https:\/\/fundacion-biodiversidad.es\/en\/actualidad_home\/a-new-forestry-volunteer-day-will-be-held-in-la-pedriza\/\" \/>\n<meta property=\"og:locale\" content=\"en_US\" \/>\n<meta property=\"og:type\" content=\"article\" \/>\n<meta property=\"og:title\" content=\"A new forestry volunteer day will be held in La Pedriza - Fundaci\u00f3n Biodiversidad\" \/>\n<meta property=\"og:description\" content=\"Reforesta and FCPN (Federation of Associations to Know and Protect Nature), with the support of the Biodiversity Foundation, continue this weekend with the autumn season [&hellip;]\" \/>\n<meta property=\"og:url\" content=\"https:\/\/fundacion-biodiversidad.es\/en\/actualidad_home\/a-new-forestry-volunteer-day-will-be-held-in-la-pedriza\/\" \/>\n<meta property=\"og:site_name\" content=\"Fundaci\u00f3n Biodiversidad\" \/>\n<meta property=\"og:image\" content=\"https:\/\/fundacion-biodiversidad.es\/wp-content\/uploads\/2023\/01\/2487661294_35330241_720x405.png\" \/>\n\t<meta property=\"og:image:width\" content=\"720\" \/>\n\t<meta property=\"og:image:height\" content=\"405\" \/>\n\t<meta property=\"og:image:type\" content=\"image\/png\" \/>\n<meta name=\"twitter:card\" content=\"summary_large_image\" \/>\n<meta name=\"twitter:label1\" content=\"Est. reading time\" \/>\n\t<meta name=\"twitter:data1\" content=\"1 minute\" \/>\n<script type=\"application\/ld+json\" class=\"yoast-schema-graph\">{\"@context\":\"https:\/\/schema.org\",\"@graph\":[{\"@type\":\"WebPage\",\"@id\":\"https:\/\/fundacion-biodiversidad.es\/en\/actualidad_home\/a-new-forestry-volunteer-day-will-be-held-in-la-pedriza\/\",\"url\":\"https:\/\/fundacion-biodiversidad.es\/en\/actualidad_home\/a-new-forestry-volunteer-day-will-be-held-in-la-pedriza\/\",\"name\":\"A new forestry volunteer day will be held in La Pedriza - Fundaci\u00f3n Biodiversidad\",\"isPartOf\":{\"@id\":\"https:\/\/fundacion-biodiversidad.es\/en\/#website\"},\"datePublished\":\"2014-03-24T15:22:24+00:00\",\"breadcrumb\":{\"@id\":\"https:\/\/fundacion-biodiversidad.es\/en\/actualidad_home\/a-new-forestry-volunteer-day-will-be-held-in-la-pedriza\/#breadcrumb\"},\"inLanguage\":\"en-US\",\"potentialAction\":[{\"@type\":\"ReadAction\",\"target\":[\"https:\/\/fundacion-biodiversidad.es\/en\/actualidad_home\/a-new-forestry-volunteer-day-will-be-held-in-la-pedriza\/\"]}]},{\"@type\":\"BreadcrumbList\",\"@id\":\"https:\/\/fundacion-biodiversidad.es\/en\/actualidad_home\/a-new-forestry-volunteer-day-will-be-held-in-la-pedriza\/#breadcrumb\",\"itemListElement\":[{\"@type\":\"ListItem\",\"position\":1,\"name\":\"Portada\",\"item\":\"https:\/\/fundacion-biodiversidad.es\/en\/inicio\/\"},{\"@type\":\"ListItem\",\"position\":2,\"name\":\"Noticias de actualidad\",\"item\":\"https:\/\/fundacion-biodiversidad.es\/en\/actualidad_home\/\"},{\"@type\":\"ListItem\",\"position\":3,\"name\":\"A new forestry volunteer day will be held in La Pedriza\"}]},{\"@type\":\"WebSite\",\"@id\":\"https:\/\/fundacion-biodiversidad.es\/en\/#website\",\"url\":\"https:\/\/fundacion-biodiversidad.es\/en\/\",\"name\":\"Fundaci\u00f3n Biodiversidad\",\"description\":\"Fundaci\u00f3n p\u00fablica adscrita al Ministerio para la Transici\u00f3n Ecol\u00f3gica\",\"potentialAction\":[{\"@type\":\"SearchAction\",\"target\":{\"@type\":\"EntryPoint\",\"urlTemplate\":\"https:\/\/fundacion-biodiversidad.es\/en\/?s={search_term_string}\"},\"query-input\":{\"@type\":\"PropertyValueSpecification\",\"valueRequired\":true,\"valueName\":\"search_term_string\"}}],\"inLanguage\":\"en-US\"}]}<\/script>\n<!-- \/ Yoast SEO plugin. -->","yoast_head_json":{"title":"A new forestry volunteer day will be held in La Pedriza - Fundaci\u00f3n Biodiversidad","robots":{"index":"index","follow":"follow","max-snippet":"max-snippet:-1","max-image-preview":"max-image-preview:large","max-video-preview":"max-video-preview:-1"},"canonical":"https:\/\/fundacion-biodiversidad.es\/en\/actualidad_home\/a-new-forestry-volunteer-day-will-be-held-in-la-pedriza\/","og_locale":"en_US","og_type":"article","og_title":"A new forestry volunteer day will be held in La Pedriza - Fundaci\u00f3n Biodiversidad","og_description":"Reforesta and FCPN (Federation of Associations to Know and Protect Nature), with the support of the Biodiversity Foundation, continue this weekend with the autumn season [&hellip;]","og_url":"https:\/\/fundacion-biodiversidad.es\/en\/actualidad_home\/a-new-forestry-volunteer-day-will-be-held-in-la-pedriza\/","og_site_name":"Fundaci\u00f3n Biodiversidad","og_image":[{"width":720,"height":405,"url":"https:\/\/fundacion-biodiversidad.es\/wp-content\/uploads\/2023\/01\/2487661294_35330241_720x405.png","type":"image\/png"}],"twitter_card":"summary_large_image","twitter_misc":{"Est. reading time":"1 minute"},"schema":{"@context":"https:\/\/schema.org","@graph":[{"@type":"WebPage","@id":"https:\/\/fundacion-biodiversidad.es\/en\/actualidad_home\/a-new-forestry-volunteer-day-will-be-held-in-la-pedriza\/","url":"https:\/\/fundacion-biodiversidad.es\/en\/actualidad_home\/a-new-forestry-volunteer-day-will-be-held-in-la-pedriza\/","name":"A new forestry volunteer day will be held in La Pedriza - Fundaci\u00f3n Biodiversidad","isPartOf":{"@id":"https:\/\/fundacion-biodiversidad.es\/en\/#website"},"datePublished":"2014-03-24T15:22:24+00:00","breadcrumb":{"@id":"https:\/\/fundacion-biodiversidad.es\/en\/actualidad_home\/a-new-forestry-volunteer-day-will-be-held-in-la-pedriza\/#breadcrumb"},"inLanguage":"en-US","potentialAction":[{"@type":"ReadAction","target":["https:\/\/fundacion-biodiversidad.es\/en\/actualidad_home\/a-new-forestry-volunteer-day-will-be-held-in-la-pedriza\/"]}]},{"@type":"BreadcrumbList","@id":"https:\/\/fundacion-biodiversidad.es\/en\/actualidad_home\/a-new-forestry-volunteer-day-will-be-held-in-la-pedriza\/#breadcrumb","itemListElement":[{"@type":"ListItem","position":1,"name":"Portada","item":"https:\/\/fundacion-biodiversidad.es\/en\/inicio\/"},{"@type":"ListItem","position":2,"name":"Noticias de actualidad","item":"https:\/\/fundacion-biodiversidad.es\/en\/actualidad_home\/"},{"@type":"ListItem","position":3,"name":"A new forestry volunteer day will be held in La Pedriza"}]},{"@type":"WebSite","@id":"https:\/\/fundacion-biodiversidad.es\/en\/#website","url":"https:\/\/fundacion-biodiversidad.es\/en\/","name":"Fundaci\u00f3n Biodiversidad","description":"Fundaci\u00f3n p\u00fablica adscrita al Ministerio para la Transici\u00f3n Ecol\u00f3gica","potentialAction":[{"@type":"SearchAction","target":{"@type":"EntryPoint","urlTemplate":"https:\/\/fundacion-biodiversidad.es\/en\/?s={search_term_string}"},"query-input":{"@type":"PropertyValueSpecification","valueRequired":true,"valueName":"search_term_string"}}],"inLanguage":"en-US"}]}},"_links":{"self":[{"href":"https:\/\/fundacion-biodiversidad.es\/en\/wp-json\/wp\/v2\/actualidad_home\/97857121","targetHints":{"allow":["GET"]}}],"collection":[{"href":"https:\/\/fundacion-biodiversidad.es\/en\/wp-json\/wp\/v2\/actualidad_home"}],"about":[{"href":"https:\/\/fundacion-biodiversidad.es\/en\/wp-json\/wp\/v2\/types\/actualidad_home"}],"author":[{"embeddable":true,"href":"https:\/\/fundacion-biodiversidad.es\/en\/wp-json\/wp\/v2\/users\/11"}],"wp:attachment":[{"href":"https:\/\/fundacion-biodiversidad.es\/en\/wp-json\/wp\/v2\/media?parent=97857121"}],"wp:term":[{"taxonomy":"palabras_clave","embeddable":true,"href":"https:\/\/fundacion-biodiversidad.es\/en\/wp-json\/wp\/v2\/palabras_clave?post=97857121"}],"curies":[{"name":"wp","href":"https:\/\/api.w.org\/{rel}","templated":true}]}}