{"id":97857127,"date":"2014-03-24T16:22:24","date_gmt":"2014-03-24T15:22:24","guid":{"rendered":"https:\/\/fundacion-biodiversidad.es\/actualidad_home\/guide-for-journalists-on-biodiversity-and-international-negotiation-published\/"},"modified":"2014-03-24T16:22:24","modified_gmt":"2014-03-24T15:22:24","slug":"guide-for-journalists-on-biodiversity-and-international-negotiation-published","status":"publish","type":"actualidad_home","link":"https:\/\/fundacion-biodiversidad.es\/en\/actualidad_home\/guide-for-journalists-on-biodiversity-and-international-negotiation-published\/","title":{"rendered":"Guide for Journalists on Biodiversity and International Negotiation Published"},"content":{"rendered":"<p>The Association of Environmental Information Journalists (APIA) and the Biodiversity Foundation offer information professionals this publication, which analyzes the keys to the current situation of biodiversity, the operation of the Convention on Biological Diversity (CBD) and the treatment given to these issues by the media.  <\/p>\n<p><!--more--><\/p>\n<p>The presentation of this guide, by the director of the Biodiversity Foundation, Ana Leiva, will take place on 13 October, at 12:00, in the auditorium at Casa Encendida.<\/p>\n<p>The Director General of the Natural Environment and Forest Policy of the Ministry of the Environment and Rural and Marine Affairs, Jos\u00e9 Jim\u00e9nez; the president of the Association of Environmental Information Journalists (APIA), Luis Guijarro, and the journalist Javier Rico, coordinator of the book.<\/p>\n<p>Two important events endorse the timeliness of this launch: 2010 has been declared by the UN as the International Year of Biodiversity and the 10th Conference of the Parties to the Convention on Biological Diversity will be held in Nagoya, Japan, from 18 to 29 October.<\/p>\n<p>\n&nbsp;<\/p>\n","protected":false},"author":11,"featured_media":0,"template":"","meta":{"_acf_changed":false},"palabras_clave":[],"class_list":["post-97857127","actualidad_home","type-actualidad_home","status-publish","hentry"],"acf":[],"yoast_head":"<!-- This site is optimized with the Yoast SEO plugin v26.9 - https:\/\/yoast.com\/product\/yoast-seo-wordpress\/ -->\n<title>Guide for Journalists on Biodiversity and International Negotiation Published - Fundaci\u00f3n Biodiversidad<\/title>\n<meta name=\"robots\" content=\"index, follow, max-snippet:-1, max-image-preview:large, max-video-preview:-1\" \/>\n<link rel=\"canonical\" href=\"https:\/\/fundacion-biodiversidad.es\/en\/actualidad_home\/guide-for-journalists-on-biodiversity-and-international-negotiation-published\/\" \/>\n<meta property=\"og:locale\" content=\"en_US\" \/>\n<meta property=\"og:type\" content=\"article\" \/>\n<meta property=\"og:title\" content=\"Guide for Journalists on Biodiversity and International Negotiation Published - Fundaci\u00f3n Biodiversidad\" \/>\n<meta property=\"og:description\" content=\"The Association of Environmental Information Journalists (APIA) and the Biodiversity Foundation offer information professionals this publication, which analyzes the keys to the current situation of [&hellip;]\" \/>\n<meta property=\"og:url\" content=\"https:\/\/fundacion-biodiversidad.es\/en\/actualidad_home\/guide-for-journalists-on-biodiversity-and-international-negotiation-published\/\" \/>\n<meta property=\"og:site_name\" content=\"Fundaci\u00f3n Biodiversidad\" \/>\n<meta property=\"og:image\" content=\"https:\/\/fundacion-biodiversidad.es\/wp-content\/uploads\/2023\/01\/2487661294_35330241_720x405.png\" \/>\n\t<meta property=\"og:image:width\" content=\"720\" \/>\n\t<meta property=\"og:image:height\" content=\"405\" \/>\n\t<meta property=\"og:image:type\" content=\"image\/png\" \/>\n<meta name=\"twitter:card\" content=\"summary_large_image\" \/>\n<meta name=\"twitter:label1\" content=\"Est. reading time\" \/>\n\t<meta name=\"twitter:data1\" content=\"1 minute\" \/>\n<script type=\"application\/ld+json\" class=\"yoast-schema-graph\">{\"@context\":\"https:\/\/schema.org\",\"@graph\":[{\"@type\":\"WebPage\",\"@id\":\"https:\/\/fundacion-biodiversidad.es\/en\/actualidad_home\/guide-for-journalists-on-biodiversity-and-international-negotiation-published\/\",\"url\":\"https:\/\/fundacion-biodiversidad.es\/en\/actualidad_home\/guide-for-journalists-on-biodiversity-and-international-negotiation-published\/\",\"name\":\"Guide for Journalists on Biodiversity and International Negotiation Published - Fundaci\u00f3n Biodiversidad\",\"isPartOf\":{\"@id\":\"https:\/\/fundacion-biodiversidad.es\/en\/#website\"},\"datePublished\":\"2014-03-24T15:22:24+00:00\",\"breadcrumb\":{\"@id\":\"https:\/\/fundacion-biodiversidad.es\/en\/actualidad_home\/guide-for-journalists-on-biodiversity-and-international-negotiation-published\/#breadcrumb\"},\"inLanguage\":\"en-US\",\"potentialAction\":[{\"@type\":\"ReadAction\",\"target\":[\"https:\/\/fundacion-biodiversidad.es\/en\/actualidad_home\/guide-for-journalists-on-biodiversity-and-international-negotiation-published\/\"]}]},{\"@type\":\"BreadcrumbList\",\"@id\":\"https:\/\/fundacion-biodiversidad.es\/en\/actualidad_home\/guide-for-journalists-on-biodiversity-and-international-negotiation-published\/#breadcrumb\",\"itemListElement\":[{\"@type\":\"ListItem\",\"position\":1,\"name\":\"Portada\",\"item\":\"https:\/\/fundacion-biodiversidad.es\/en\/inicio\/\"},{\"@type\":\"ListItem\",\"position\":2,\"name\":\"Noticias de actualidad\",\"item\":\"https:\/\/fundacion-biodiversidad.es\/en\/actualidad_home\/\"},{\"@type\":\"ListItem\",\"position\":3,\"name\":\"Guide for Journalists on Biodiversity and International Negotiation Published\"}]},{\"@type\":\"WebSite\",\"@id\":\"https:\/\/fundacion-biodiversidad.es\/en\/#website\",\"url\":\"https:\/\/fundacion-biodiversidad.es\/en\/\",\"name\":\"Fundaci\u00f3n Biodiversidad\",\"description\":\"Fundaci\u00f3n p\u00fablica adscrita al Ministerio para la Transici\u00f3n Ecol\u00f3gica\",\"potentialAction\":[{\"@type\":\"SearchAction\",\"target\":{\"@type\":\"EntryPoint\",\"urlTemplate\":\"https:\/\/fundacion-biodiversidad.es\/en\/?s={search_term_string}\"},\"query-input\":{\"@type\":\"PropertyValueSpecification\",\"valueRequired\":true,\"valueName\":\"search_term_string\"}}],\"inLanguage\":\"en-US\"}]}<\/script>\n<!-- \/ Yoast SEO plugin. -->","yoast_head_json":{"title":"Guide for Journalists on Biodiversity and International Negotiation Published - Fundaci\u00f3n Biodiversidad","robots":{"index":"index","follow":"follow","max-snippet":"max-snippet:-1","max-image-preview":"max-image-preview:large","max-video-preview":"max-video-preview:-1"},"canonical":"https:\/\/fundacion-biodiversidad.es\/en\/actualidad_home\/guide-for-journalists-on-biodiversity-and-international-negotiation-published\/","og_locale":"en_US","og_type":"article","og_title":"Guide for Journalists on Biodiversity and International Negotiation Published - Fundaci\u00f3n Biodiversidad","og_description":"The Association of Environmental Information Journalists (APIA) and the Biodiversity Foundation offer information professionals this publication, which analyzes the keys to the current situation of [&hellip;]","og_url":"https:\/\/fundacion-biodiversidad.es\/en\/actualidad_home\/guide-for-journalists-on-biodiversity-and-international-negotiation-published\/","og_site_name":"Fundaci\u00f3n Biodiversidad","og_image":[{"width":720,"height":405,"url":"https:\/\/fundacion-biodiversidad.es\/wp-content\/uploads\/2023\/01\/2487661294_35330241_720x405.png","type":"image\/png"}],"twitter_card":"summary_large_image","twitter_misc":{"Est. reading time":"1 minute"},"schema":{"@context":"https:\/\/schema.org","@graph":[{"@type":"WebPage","@id":"https:\/\/fundacion-biodiversidad.es\/en\/actualidad_home\/guide-for-journalists-on-biodiversity-and-international-negotiation-published\/","url":"https:\/\/fundacion-biodiversidad.es\/en\/actualidad_home\/guide-for-journalists-on-biodiversity-and-international-negotiation-published\/","name":"Guide for Journalists on Biodiversity and International Negotiation Published - Fundaci\u00f3n Biodiversidad","isPartOf":{"@id":"https:\/\/fundacion-biodiversidad.es\/en\/#website"},"datePublished":"2014-03-24T15:22:24+00:00","breadcrumb":{"@id":"https:\/\/fundacion-biodiversidad.es\/en\/actualidad_home\/guide-for-journalists-on-biodiversity-and-international-negotiation-published\/#breadcrumb"},"inLanguage":"en-US","potentialAction":[{"@type":"ReadAction","target":["https:\/\/fundacion-biodiversidad.es\/en\/actualidad_home\/guide-for-journalists-on-biodiversity-and-international-negotiation-published\/"]}]},{"@type":"BreadcrumbList","@id":"https:\/\/fundacion-biodiversidad.es\/en\/actualidad_home\/guide-for-journalists-on-biodiversity-and-international-negotiation-published\/#breadcrumb","itemListElement":[{"@type":"ListItem","position":1,"name":"Portada","item":"https:\/\/fundacion-biodiversidad.es\/en\/inicio\/"},{"@type":"ListItem","position":2,"name":"Noticias de actualidad","item":"https:\/\/fundacion-biodiversidad.es\/en\/actualidad_home\/"},{"@type":"ListItem","position":3,"name":"Guide for Journalists on Biodiversity and International Negotiation Published"}]},{"@type":"WebSite","@id":"https:\/\/fundacion-biodiversidad.es\/en\/#website","url":"https:\/\/fundacion-biodiversidad.es\/en\/","name":"Fundaci\u00f3n Biodiversidad","description":"Fundaci\u00f3n p\u00fablica adscrita al Ministerio para la Transici\u00f3n Ecol\u00f3gica","potentialAction":[{"@type":"SearchAction","target":{"@type":"EntryPoint","urlTemplate":"https:\/\/fundacion-biodiversidad.es\/en\/?s={search_term_string}"},"query-input":{"@type":"PropertyValueSpecification","valueRequired":true,"valueName":"search_term_string"}}],"inLanguage":"en-US"}]}},"_links":{"self":[{"href":"https:\/\/fundacion-biodiversidad.es\/en\/wp-json\/wp\/v2\/actualidad_home\/97857127","targetHints":{"allow":["GET"]}}],"collection":[{"href":"https:\/\/fundacion-biodiversidad.es\/en\/wp-json\/wp\/v2\/actualidad_home"}],"about":[{"href":"https:\/\/fundacion-biodiversidad.es\/en\/wp-json\/wp\/v2\/types\/actualidad_home"}],"author":[{"embeddable":true,"href":"https:\/\/fundacion-biodiversidad.es\/en\/wp-json\/wp\/v2\/users\/11"}],"wp:attachment":[{"href":"https:\/\/fundacion-biodiversidad.es\/en\/wp-json\/wp\/v2\/media?parent=97857127"}],"wp:term":[{"taxonomy":"palabras_clave","embeddable":true,"href":"https:\/\/fundacion-biodiversidad.es\/en\/wp-json\/wp\/v2\/palabras_clave?post=97857127"}],"curies":[{"name":"wp","href":"https:\/\/api.w.org\/{rel}","templated":true}]}}