{"id":97857128,"date":"2014-03-24T16:22:24","date_gmt":"2014-03-24T15:22:24","guid":{"rendered":"https:\/\/fundacion-biodiversidad.es\/actualidad_home\/exhibition-the-writing-of-animals-stops-in-madrid\/"},"modified":"2014-03-24T16:22:24","modified_gmt":"2014-03-24T15:22:24","slug":"exhibition-the-writing-of-animals-stops-in-madrid","status":"publish","type":"actualidad_home","link":"https:\/\/fundacion-biodiversidad.es\/en\/actualidad_home\/exhibition-the-writing-of-animals-stops-in-madrid\/","title":{"rendered":"Exhibition &#8220;The Writing of Animals&#8221; Stops in Madrid"},"content":{"rendered":"<p>Until the end of the year, it can be visited in the Orangery of the Palacio de Cristal de Arganzuela.<\/p>\n<p><!--more--><\/p>\n<p>The Director of Natural Environment and Forest Policy of the Ministry of the Environment and Rural and Marine Affairs (MARM), Jos\u00e9 Jim\u00e9nez, participated, on October 19, in the inauguration of the exhibition &#8220;The writing of animals&#8221;, which stops until the end of December in Madrid, specifically in the Greenhouse of the Palacio de Cristal de Arganzuela (Paseo de la Chopera,  10).<\/p>\n<p>As part of the celebrations for the International Year of Biodiversity, the Biodiversity Foundation has been presenting this exhibition in different locations throughout Spain, which had begun its journey in 2006 at the Foundation&#8217;s headquarters in Seville, and of which a support book has been published.<\/p>\n<p>It is a travelling exhibition that aims to communicate the concepts of biodiversity and ecosystem, as well as the need to conserve each species and each space, using, for this purpose, the language of nature itself: the signs of life.<\/p>\n<p>Joaqu\u00edn Araujo, popularizer and naturalist, is the curator of &#8220;The Writing of Animals&#8221;, which seeks to bring the public closer to the diversity of the ecosystems of the Iberian Peninsula, and to do so he proposes to interpret the footprints and signs that animals leave in their wake.<\/p>\n<p>Whoever visits it will find an exhibition that is structured in five large spatial areas: a first, called &#8216;We are not alone&#8217;; three dedicated to the ecosystems of the Iberian Peninsula and a fifth, on endangered species.<br \/>\n&nbsp;<\/p>\n","protected":false},"author":11,"featured_media":0,"template":"","meta":{"_acf_changed":false},"palabras_clave":[],"class_list":["post-97857128","actualidad_home","type-actualidad_home","status-publish","hentry"],"acf":[],"yoast_head":"<!-- This site is optimized with the Yoast SEO plugin v26.9 - https:\/\/yoast.com\/product\/yoast-seo-wordpress\/ -->\n<title>Exhibition &quot;The Writing of Animals&quot; Stops in Madrid - Fundaci\u00f3n Biodiversidad<\/title>\n<meta name=\"robots\" content=\"index, follow, max-snippet:-1, max-image-preview:large, max-video-preview:-1\" \/>\n<link rel=\"canonical\" href=\"https:\/\/fundacion-biodiversidad.es\/en\/actualidad_home\/exhibition-the-writing-of-animals-stops-in-madrid\/\" \/>\n<meta property=\"og:locale\" content=\"en_US\" \/>\n<meta property=\"og:type\" content=\"article\" \/>\n<meta property=\"og:title\" content=\"Exhibition &quot;The Writing of Animals&quot; Stops in Madrid - Fundaci\u00f3n Biodiversidad\" \/>\n<meta property=\"og:description\" content=\"Until the end of the year, it can be visited in the Orangery of the Palacio de Cristal de Arganzuela.\" \/>\n<meta property=\"og:url\" content=\"https:\/\/fundacion-biodiversidad.es\/en\/actualidad_home\/exhibition-the-writing-of-animals-stops-in-madrid\/\" \/>\n<meta property=\"og:site_name\" content=\"Fundaci\u00f3n Biodiversidad\" \/>\n<meta property=\"og:image\" content=\"https:\/\/fundacion-biodiversidad.es\/wp-content\/uploads\/2023\/01\/2487661294_35330241_720x405.png\" \/>\n\t<meta property=\"og:image:width\" content=\"720\" \/>\n\t<meta property=\"og:image:height\" content=\"405\" \/>\n\t<meta property=\"og:image:type\" content=\"image\/png\" \/>\n<meta name=\"twitter:card\" content=\"summary_large_image\" \/>\n<meta name=\"twitter:label1\" content=\"Est. reading time\" \/>\n\t<meta name=\"twitter:data1\" content=\"1 minute\" \/>\n<script type=\"application\/ld+json\" class=\"yoast-schema-graph\">{\"@context\":\"https:\/\/schema.org\",\"@graph\":[{\"@type\":\"WebPage\",\"@id\":\"https:\/\/fundacion-biodiversidad.es\/en\/actualidad_home\/exhibition-the-writing-of-animals-stops-in-madrid\/\",\"url\":\"https:\/\/fundacion-biodiversidad.es\/en\/actualidad_home\/exhibition-the-writing-of-animals-stops-in-madrid\/\",\"name\":\"Exhibition \\\"The Writing of Animals\\\" Stops in Madrid - Fundaci\u00f3n Biodiversidad\",\"isPartOf\":{\"@id\":\"https:\/\/fundacion-biodiversidad.es\/en\/#website\"},\"datePublished\":\"2014-03-24T15:22:24+00:00\",\"breadcrumb\":{\"@id\":\"https:\/\/fundacion-biodiversidad.es\/en\/actualidad_home\/exhibition-the-writing-of-animals-stops-in-madrid\/#breadcrumb\"},\"inLanguage\":\"en-US\",\"potentialAction\":[{\"@type\":\"ReadAction\",\"target\":[\"https:\/\/fundacion-biodiversidad.es\/en\/actualidad_home\/exhibition-the-writing-of-animals-stops-in-madrid\/\"]}]},{\"@type\":\"BreadcrumbList\",\"@id\":\"https:\/\/fundacion-biodiversidad.es\/en\/actualidad_home\/exhibition-the-writing-of-animals-stops-in-madrid\/#breadcrumb\",\"itemListElement\":[{\"@type\":\"ListItem\",\"position\":1,\"name\":\"Portada\",\"item\":\"https:\/\/fundacion-biodiversidad.es\/en\/inicio\/\"},{\"@type\":\"ListItem\",\"position\":2,\"name\":\"Noticias de actualidad\",\"item\":\"https:\/\/fundacion-biodiversidad.es\/en\/actualidad_home\/\"},{\"@type\":\"ListItem\",\"position\":3,\"name\":\"Exhibition &#8220;The Writing of Animals&#8221; Stops in Madrid\"}]},{\"@type\":\"WebSite\",\"@id\":\"https:\/\/fundacion-biodiversidad.es\/en\/#website\",\"url\":\"https:\/\/fundacion-biodiversidad.es\/en\/\",\"name\":\"Fundaci\u00f3n Biodiversidad\",\"description\":\"Fundaci\u00f3n p\u00fablica adscrita al Ministerio para la Transici\u00f3n Ecol\u00f3gica\",\"potentialAction\":[{\"@type\":\"SearchAction\",\"target\":{\"@type\":\"EntryPoint\",\"urlTemplate\":\"https:\/\/fundacion-biodiversidad.es\/en\/?s={search_term_string}\"},\"query-input\":{\"@type\":\"PropertyValueSpecification\",\"valueRequired\":true,\"valueName\":\"search_term_string\"}}],\"inLanguage\":\"en-US\"}]}<\/script>\n<!-- \/ Yoast SEO plugin. -->","yoast_head_json":{"title":"Exhibition \"The Writing of Animals\" Stops in Madrid - Fundaci\u00f3n Biodiversidad","robots":{"index":"index","follow":"follow","max-snippet":"max-snippet:-1","max-image-preview":"max-image-preview:large","max-video-preview":"max-video-preview:-1"},"canonical":"https:\/\/fundacion-biodiversidad.es\/en\/actualidad_home\/exhibition-the-writing-of-animals-stops-in-madrid\/","og_locale":"en_US","og_type":"article","og_title":"Exhibition \"The Writing of Animals\" Stops in Madrid - Fundaci\u00f3n Biodiversidad","og_description":"Until the end of the year, it can be visited in the Orangery of the Palacio de Cristal de Arganzuela.","og_url":"https:\/\/fundacion-biodiversidad.es\/en\/actualidad_home\/exhibition-the-writing-of-animals-stops-in-madrid\/","og_site_name":"Fundaci\u00f3n Biodiversidad","og_image":[{"width":720,"height":405,"url":"https:\/\/fundacion-biodiversidad.es\/wp-content\/uploads\/2023\/01\/2487661294_35330241_720x405.png","type":"image\/png"}],"twitter_card":"summary_large_image","twitter_misc":{"Est. reading time":"1 minute"},"schema":{"@context":"https:\/\/schema.org","@graph":[{"@type":"WebPage","@id":"https:\/\/fundacion-biodiversidad.es\/en\/actualidad_home\/exhibition-the-writing-of-animals-stops-in-madrid\/","url":"https:\/\/fundacion-biodiversidad.es\/en\/actualidad_home\/exhibition-the-writing-of-animals-stops-in-madrid\/","name":"Exhibition \"The Writing of Animals\" Stops in Madrid - Fundaci\u00f3n Biodiversidad","isPartOf":{"@id":"https:\/\/fundacion-biodiversidad.es\/en\/#website"},"datePublished":"2014-03-24T15:22:24+00:00","breadcrumb":{"@id":"https:\/\/fundacion-biodiversidad.es\/en\/actualidad_home\/exhibition-the-writing-of-animals-stops-in-madrid\/#breadcrumb"},"inLanguage":"en-US","potentialAction":[{"@type":"ReadAction","target":["https:\/\/fundacion-biodiversidad.es\/en\/actualidad_home\/exhibition-the-writing-of-animals-stops-in-madrid\/"]}]},{"@type":"BreadcrumbList","@id":"https:\/\/fundacion-biodiversidad.es\/en\/actualidad_home\/exhibition-the-writing-of-animals-stops-in-madrid\/#breadcrumb","itemListElement":[{"@type":"ListItem","position":1,"name":"Portada","item":"https:\/\/fundacion-biodiversidad.es\/en\/inicio\/"},{"@type":"ListItem","position":2,"name":"Noticias de actualidad","item":"https:\/\/fundacion-biodiversidad.es\/en\/actualidad_home\/"},{"@type":"ListItem","position":3,"name":"Exhibition &#8220;The Writing of Animals&#8221; Stops in Madrid"}]},{"@type":"WebSite","@id":"https:\/\/fundacion-biodiversidad.es\/en\/#website","url":"https:\/\/fundacion-biodiversidad.es\/en\/","name":"Fundaci\u00f3n Biodiversidad","description":"Fundaci\u00f3n p\u00fablica adscrita al Ministerio para la Transici\u00f3n Ecol\u00f3gica","potentialAction":[{"@type":"SearchAction","target":{"@type":"EntryPoint","urlTemplate":"https:\/\/fundacion-biodiversidad.es\/en\/?s={search_term_string}"},"query-input":{"@type":"PropertyValueSpecification","valueRequired":true,"valueName":"search_term_string"}}],"inLanguage":"en-US"}]}},"_links":{"self":[{"href":"https:\/\/fundacion-biodiversidad.es\/en\/wp-json\/wp\/v2\/actualidad_home\/97857128","targetHints":{"allow":["GET"]}}],"collection":[{"href":"https:\/\/fundacion-biodiversidad.es\/en\/wp-json\/wp\/v2\/actualidad_home"}],"about":[{"href":"https:\/\/fundacion-biodiversidad.es\/en\/wp-json\/wp\/v2\/types\/actualidad_home"}],"author":[{"embeddable":true,"href":"https:\/\/fundacion-biodiversidad.es\/en\/wp-json\/wp\/v2\/users\/11"}],"wp:attachment":[{"href":"https:\/\/fundacion-biodiversidad.es\/en\/wp-json\/wp\/v2\/media?parent=97857128"}],"wp:term":[{"taxonomy":"palabras_clave","embeddable":true,"href":"https:\/\/fundacion-biodiversidad.es\/en\/wp-json\/wp\/v2\/palabras_clave?post=97857128"}],"curies":[{"name":"wp","href":"https:\/\/api.w.org\/{rel}","templated":true}]}}