{"id":97857129,"date":"2014-03-24T16:22:24","date_gmt":"2014-03-24T15:22:24","guid":{"rendered":"https:\/\/fundacion-biodiversidad.es\/actualidad_home\/europarc-spain-presents-its-yearbook-at-the-headquarters-of-the-biodiversity-foundation\/"},"modified":"2014-03-24T16:22:24","modified_gmt":"2014-03-24T15:22:24","slug":"europarc-spain-presents-its-yearbook-at-the-headquarters-of-the-biodiversity-foundation","status":"publish","type":"actualidad_home","link":"https:\/\/fundacion-biodiversidad.es\/en\/actualidad_home\/europarc-spain-presents-its-yearbook-at-the-headquarters-of-the-biodiversity-foundation\/","title":{"rendered":"EUROPARC-Spain presents its yearbook at the headquarters of the Biodiversity Foundation"},"content":{"rendered":"<p>This publication, whose first edition dates back to 1999, allows us to share updated information to advance towards the conservation of our natural heritage.<\/p>\n<p><!--more--><\/p>\n<p>This publication, whose first edition dates back to 1999, allows us to share updated information to advance towards the conservation of our natural heritage.<\/p>\n<p>The Director of the Autonomous Agency for National Parks (OAPN) of the Ministry of the Environment and Rural and Marine Affairs, Olga Baniandr\u00e9s, participated on Thursday, October 21, at the headquarters of the Biodiversity Foundation, in the presentation of the EUROPARC-Spain Yearbook on the State of Protected Natural Areas 2009, together with Hermelindo Castro, President of EUROPARC-Spain and the Director of Training,  Communication and Awareness of the Biodiversity Foundation, Julia Vera (center of the photo).<\/p>\n<p>The Director of the OAPN has pointed out as a challenge for the future to complete the natural systems that remain to be represented in the Network of National Parks. He also stressed the importance of highlighting the benefits for society of protected areas. In this sense, he said that it is essential to transmit to society the importance of nature conservation for its social well-being and development.  <\/p>\n<p>It has also been commented that for the Autonomous National Parks Body, monitoring and evolution in the National Parks Network is a priority. Thus, there are already four national parks (Aig\u00fcestortes, Archipi\u00e9lago de Cabrera, Teide and Timanfaya) that are applying the Community Regulation on Ecomanagement and Eco-auditing known as the EMAS Regulation. <\/p>\n<p>The Yearbook presented has established itself as a valuable instrument for sharing information and, ultimately, finding common references that allow us to move effectively towards the conservation of our natural heritage.<\/p>\n<p>With this publication, there are now five X-rays carried out for the analysis of the evolution and development of protected natural areas in Spain (1999, 2003, 2005, 2007 and 2009). The 2009 edition of the Yearbook has been produced with the support of the Biodiversity Foundation. <\/p>\n<p>EUROPARC-Spain and the Biodiversity Foundation contribute, with this work, to disseminate a diagnosis of the state of implementation of protected areas in Spain, evaluating a powerful set of indicators that include fundamental aspects of their characterization, degree of planning and management development.<\/p>\n<p>To read the <strong>EUROPARC-Spain Yearbook 2009 <\/strong>in electronic format, click <strong><a target=\"_blank\" href=\"http:\/\/www.redeuroparc.org\/publicaciones\/Anuario2009.pdf\" rel=\"noopener\">here<\/a><\/strong>.<\/p>\n","protected":false},"author":11,"featured_media":35297,"template":"","meta":{"_acf_changed":false},"palabras_clave":[],"class_list":["post-97857129","actualidad_home","type-actualidad_home","status-publish","has-post-thumbnail","hentry"],"acf":[],"yoast_head":"<!-- This site is optimized with the Yoast SEO plugin v26.9 - https:\/\/yoast.com\/product\/yoast-seo-wordpress\/ -->\n<title>EUROPARC-Spain presents its yearbook at the headquarters of the Biodiversity Foundation - Fundaci\u00f3n Biodiversidad<\/title>\n<meta name=\"robots\" content=\"index, follow, max-snippet:-1, max-image-preview:large, max-video-preview:-1\" \/>\n<link rel=\"canonical\" href=\"https:\/\/fundacion-biodiversidad.es\/en\/actualidad_home\/europarc-spain-presents-its-yearbook-at-the-headquarters-of-the-biodiversity-foundation\/\" \/>\n<meta property=\"og:locale\" content=\"en_US\" \/>\n<meta property=\"og:type\" content=\"article\" \/>\n<meta property=\"og:title\" content=\"EUROPARC-Spain presents its yearbook at the headquarters of the Biodiversity Foundation - Fundaci\u00f3n Biodiversidad\" \/>\n<meta property=\"og:description\" content=\"This publication, whose first edition dates back to 1999, allows us to share updated information to advance towards the conservation of our natural heritage.\" \/>\n<meta property=\"og:url\" content=\"https:\/\/fundacion-biodiversidad.es\/en\/actualidad_home\/europarc-spain-presents-its-yearbook-at-the-headquarters-of-the-biodiversity-foundation\/\" \/>\n<meta property=\"og:site_name\" content=\"Fundaci\u00f3n Biodiversidad\" \/>\n<meta property=\"og:image\" content=\"https:\/\/fundacion-biodiversidad.es\/wp-content\/uploads\/2023\/01\/2487661294_35330241_720x405.png\" \/>\n\t<meta property=\"og:image:width\" content=\"720\" \/>\n\t<meta property=\"og:image:height\" content=\"405\" \/>\n\t<meta property=\"og:image:type\" content=\"image\/png\" \/>\n<meta name=\"twitter:card\" content=\"summary_large_image\" \/>\n<meta name=\"twitter:label1\" content=\"Est. reading time\" \/>\n\t<meta name=\"twitter:data1\" content=\"2 minutes\" \/>\n<script type=\"application\/ld+json\" class=\"yoast-schema-graph\">{\"@context\":\"https:\/\/schema.org\",\"@graph\":[{\"@type\":\"WebPage\",\"@id\":\"https:\/\/fundacion-biodiversidad.es\/en\/actualidad_home\/europarc-spain-presents-its-yearbook-at-the-headquarters-of-the-biodiversity-foundation\/\",\"url\":\"https:\/\/fundacion-biodiversidad.es\/en\/actualidad_home\/europarc-spain-presents-its-yearbook-at-the-headquarters-of-the-biodiversity-foundation\/\",\"name\":\"EUROPARC-Spain presents its yearbook at the headquarters of the Biodiversity Foundation - Fundaci\u00f3n Biodiversidad\",\"isPartOf\":{\"@id\":\"https:\/\/fundacion-biodiversidad.es\/en\/#website\"},\"primaryImageOfPage\":{\"@id\":\"https:\/\/fundacion-biodiversidad.es\/en\/actualidad_home\/europarc-spain-presents-its-yearbook-at-the-headquarters-of-the-biodiversity-foundation\/#primaryimage\"},\"image\":{\"@id\":\"https:\/\/fundacion-biodiversidad.es\/en\/actualidad_home\/europarc-spain-presents-its-yearbook-at-the-headquarters-of-the-biodiversity-foundation\/#primaryimage\"},\"thumbnailUrl\":\"https:\/\/fundacion-biodiversidad.es\/wp-content\/uploads\/2014\/05\/europarc_0.jpg\",\"datePublished\":\"2014-03-24T15:22:24+00:00\",\"breadcrumb\":{\"@id\":\"https:\/\/fundacion-biodiversidad.es\/en\/actualidad_home\/europarc-spain-presents-its-yearbook-at-the-headquarters-of-the-biodiversity-foundation\/#breadcrumb\"},\"inLanguage\":\"en-US\",\"potentialAction\":[{\"@type\":\"ReadAction\",\"target\":[\"https:\/\/fundacion-biodiversidad.es\/en\/actualidad_home\/europarc-spain-presents-its-yearbook-at-the-headquarters-of-the-biodiversity-foundation\/\"]}]},{\"@type\":\"ImageObject\",\"inLanguage\":\"en-US\",\"@id\":\"https:\/\/fundacion-biodiversidad.es\/en\/actualidad_home\/europarc-spain-presents-its-yearbook-at-the-headquarters-of-the-biodiversity-foundation\/#primaryimage\",\"url\":\"https:\/\/fundacion-biodiversidad.es\/wp-content\/uploads\/2014\/05\/europarc_0.jpg\",\"contentUrl\":\"https:\/\/fundacion-biodiversidad.es\/wp-content\/uploads\/2014\/05\/europarc_0.jpg\",\"width\":220,\"height\":155},{\"@type\":\"BreadcrumbList\",\"@id\":\"https:\/\/fundacion-biodiversidad.es\/en\/actualidad_home\/europarc-spain-presents-its-yearbook-at-the-headquarters-of-the-biodiversity-foundation\/#breadcrumb\",\"itemListElement\":[{\"@type\":\"ListItem\",\"position\":1,\"name\":\"Portada\",\"item\":\"https:\/\/fundacion-biodiversidad.es\/en\/inicio\/\"},{\"@type\":\"ListItem\",\"position\":2,\"name\":\"Noticias de actualidad\",\"item\":\"https:\/\/fundacion-biodiversidad.es\/en\/actualidad_home\/\"},{\"@type\":\"ListItem\",\"position\":3,\"name\":\"EUROPARC-Spain presents its yearbook at the headquarters of the Biodiversity Foundation\"}]},{\"@type\":\"WebSite\",\"@id\":\"https:\/\/fundacion-biodiversidad.es\/en\/#website\",\"url\":\"https:\/\/fundacion-biodiversidad.es\/en\/\",\"name\":\"Fundaci\u00f3n Biodiversidad\",\"description\":\"Fundaci\u00f3n p\u00fablica adscrita al Ministerio para la Transici\u00f3n Ecol\u00f3gica\",\"potentialAction\":[{\"@type\":\"SearchAction\",\"target\":{\"@type\":\"EntryPoint\",\"urlTemplate\":\"https:\/\/fundacion-biodiversidad.es\/en\/?s={search_term_string}\"},\"query-input\":{\"@type\":\"PropertyValueSpecification\",\"valueRequired\":true,\"valueName\":\"search_term_string\"}}],\"inLanguage\":\"en-US\"}]}<\/script>\n<!-- \/ Yoast SEO plugin. -->","yoast_head_json":{"title":"EUROPARC-Spain presents its yearbook at the headquarters of the Biodiversity Foundation - Fundaci\u00f3n Biodiversidad","robots":{"index":"index","follow":"follow","max-snippet":"max-snippet:-1","max-image-preview":"max-image-preview:large","max-video-preview":"max-video-preview:-1"},"canonical":"https:\/\/fundacion-biodiversidad.es\/en\/actualidad_home\/europarc-spain-presents-its-yearbook-at-the-headquarters-of-the-biodiversity-foundation\/","og_locale":"en_US","og_type":"article","og_title":"EUROPARC-Spain presents its yearbook at the headquarters of the Biodiversity Foundation - Fundaci\u00f3n Biodiversidad","og_description":"This publication, whose first edition dates back to 1999, allows us to share updated information to advance towards the conservation of our natural heritage.","og_url":"https:\/\/fundacion-biodiversidad.es\/en\/actualidad_home\/europarc-spain-presents-its-yearbook-at-the-headquarters-of-the-biodiversity-foundation\/","og_site_name":"Fundaci\u00f3n Biodiversidad","og_image":[{"width":720,"height":405,"url":"https:\/\/fundacion-biodiversidad.es\/wp-content\/uploads\/2023\/01\/2487661294_35330241_720x405.png","type":"image\/png"}],"twitter_card":"summary_large_image","twitter_misc":{"Est. reading time":"2 minutes"},"schema":{"@context":"https:\/\/schema.org","@graph":[{"@type":"WebPage","@id":"https:\/\/fundacion-biodiversidad.es\/en\/actualidad_home\/europarc-spain-presents-its-yearbook-at-the-headquarters-of-the-biodiversity-foundation\/","url":"https:\/\/fundacion-biodiversidad.es\/en\/actualidad_home\/europarc-spain-presents-its-yearbook-at-the-headquarters-of-the-biodiversity-foundation\/","name":"EUROPARC-Spain presents its yearbook at the headquarters of the Biodiversity Foundation - Fundaci\u00f3n Biodiversidad","isPartOf":{"@id":"https:\/\/fundacion-biodiversidad.es\/en\/#website"},"primaryImageOfPage":{"@id":"https:\/\/fundacion-biodiversidad.es\/en\/actualidad_home\/europarc-spain-presents-its-yearbook-at-the-headquarters-of-the-biodiversity-foundation\/#primaryimage"},"image":{"@id":"https:\/\/fundacion-biodiversidad.es\/en\/actualidad_home\/europarc-spain-presents-its-yearbook-at-the-headquarters-of-the-biodiversity-foundation\/#primaryimage"},"thumbnailUrl":"https:\/\/fundacion-biodiversidad.es\/wp-content\/uploads\/2014\/05\/europarc_0.jpg","datePublished":"2014-03-24T15:22:24+00:00","breadcrumb":{"@id":"https:\/\/fundacion-biodiversidad.es\/en\/actualidad_home\/europarc-spain-presents-its-yearbook-at-the-headquarters-of-the-biodiversity-foundation\/#breadcrumb"},"inLanguage":"en-US","potentialAction":[{"@type":"ReadAction","target":["https:\/\/fundacion-biodiversidad.es\/en\/actualidad_home\/europarc-spain-presents-its-yearbook-at-the-headquarters-of-the-biodiversity-foundation\/"]}]},{"@type":"ImageObject","inLanguage":"en-US","@id":"https:\/\/fundacion-biodiversidad.es\/en\/actualidad_home\/europarc-spain-presents-its-yearbook-at-the-headquarters-of-the-biodiversity-foundation\/#primaryimage","url":"https:\/\/fundacion-biodiversidad.es\/wp-content\/uploads\/2014\/05\/europarc_0.jpg","contentUrl":"https:\/\/fundacion-biodiversidad.es\/wp-content\/uploads\/2014\/05\/europarc_0.jpg","width":220,"height":155},{"@type":"BreadcrumbList","@id":"https:\/\/fundacion-biodiversidad.es\/en\/actualidad_home\/europarc-spain-presents-its-yearbook-at-the-headquarters-of-the-biodiversity-foundation\/#breadcrumb","itemListElement":[{"@type":"ListItem","position":1,"name":"Portada","item":"https:\/\/fundacion-biodiversidad.es\/en\/inicio\/"},{"@type":"ListItem","position":2,"name":"Noticias de actualidad","item":"https:\/\/fundacion-biodiversidad.es\/en\/actualidad_home\/"},{"@type":"ListItem","position":3,"name":"EUROPARC-Spain presents its yearbook at the headquarters of the Biodiversity Foundation"}]},{"@type":"WebSite","@id":"https:\/\/fundacion-biodiversidad.es\/en\/#website","url":"https:\/\/fundacion-biodiversidad.es\/en\/","name":"Fundaci\u00f3n Biodiversidad","description":"Fundaci\u00f3n p\u00fablica adscrita al Ministerio para la Transici\u00f3n Ecol\u00f3gica","potentialAction":[{"@type":"SearchAction","target":{"@type":"EntryPoint","urlTemplate":"https:\/\/fundacion-biodiversidad.es\/en\/?s={search_term_string}"},"query-input":{"@type":"PropertyValueSpecification","valueRequired":true,"valueName":"search_term_string"}}],"inLanguage":"en-US"}]}},"_links":{"self":[{"href":"https:\/\/fundacion-biodiversidad.es\/en\/wp-json\/wp\/v2\/actualidad_home\/97857129","targetHints":{"allow":["GET"]}}],"collection":[{"href":"https:\/\/fundacion-biodiversidad.es\/en\/wp-json\/wp\/v2\/actualidad_home"}],"about":[{"href":"https:\/\/fundacion-biodiversidad.es\/en\/wp-json\/wp\/v2\/types\/actualidad_home"}],"author":[{"embeddable":true,"href":"https:\/\/fundacion-biodiversidad.es\/en\/wp-json\/wp\/v2\/users\/11"}],"wp:featuredmedia":[{"embeddable":true,"href":"https:\/\/fundacion-biodiversidad.es\/en\/wp-json\/wp\/v2\/media\/35297"}],"wp:attachment":[{"href":"https:\/\/fundacion-biodiversidad.es\/en\/wp-json\/wp\/v2\/media?parent=97857129"}],"wp:term":[{"taxonomy":"palabras_clave","embeddable":true,"href":"https:\/\/fundacion-biodiversidad.es\/en\/wp-json\/wp\/v2\/palabras_clave?post=97857129"}],"curies":[{"name":"wp","href":"https:\/\/api.w.org\/{rel}","templated":true}]}}