{"id":97857133,"date":"2014-03-24T16:22:24","date_gmt":"2014-03-24T15:22:24","guid":{"rendered":"https:\/\/fundacion-biodiversidad.es\/actualidad_home\/the-marm-brings-sustainable-rural-development-to-the-first-ibero-american-conference-of-biosphere-reserves\/"},"modified":"2014-03-24T16:22:24","modified_gmt":"2014-03-24T15:22:24","slug":"the-marm-brings-sustainable-rural-development-to-the-first-ibero-american-conference-of-biosphere-reserves","status":"publish","type":"actualidad_home","link":"https:\/\/fundacion-biodiversidad.es\/en\/actualidad_home\/the-marm-brings-sustainable-rural-development-to-the-first-ibero-american-conference-of-biosphere-reserves\/","title":{"rendered":"The MARM brings sustainable rural development to the First Ibero-American Conference of Biosphere Reserves"},"content":{"rendered":"<p>The meeting takes place in Puerto Morelos, Mexico, and closes today with the presence of the Director of the Biodiversity Foundation.  <\/p>\n<p><!--more--><\/p>\n<p>The Ministry of the Environment, Rural and Marine Affairs (MARM) has presented, in Puerto Morelos (Mexico), within the framework of the First Ibero-American Conference of Biosphere Reserves, the sustainable rural development programmes launched in these territories of the Spanish Network, as an example of the application of the Action Plan adopted by the MaB Programme (Man and the Biosphere) for all the biosphere reserves of the World Network.<\/p>\n<p>At the meeting, which closes today with the presence of the director of the Biodiversity Foundation, Ana Leiva, the MARM presented, a few days ago, the framework for financial support for the management and sustainable development of the Network&#8217;s reserves, which is driving significant progress in all the reserves in the different areas of work provided for by the Action Plan.<\/p>\n<p>Spain is a leading country in the assumption of this Action Plan, which was approved in Madrid in 2008, and which contains the strategic lines and actions to ensure that biosphere reserves fulfil their functions of biodiversity conservation and promotion of sustainable development models.<\/p>\n<p>For the past three years, the MARM has been using the 40 existing biosphere reserves in Spain as a conceptual reference in the implementation of the Law for the Sustainable Development of the Rural Environment, through<br \/> specific programmes designed for these natural spaces and the signing of agreements with the public or private institutions responsible for their management. So far, the programme of actions for sustainable development in biosphere reserves has led to the signing of 36 agreements on the<br \/> collaboration, with an investment by the MARM of 25,169,842 euros, out of a total public expenditure of 38,522,201 euros. <\/p>\n<p>The Spanish case has been recognized as an example of great interest in terms of establishing alliances between policies of different natures that share the same objective of sustainability of the<br \/> Territories.<\/p>\n<p>For this reason, the synergies and similarities between the development strategy of the Network of Reserves of the IberoMab space, and of the MaB Programme itself, and that contained in the Spanish Sustainable Rural Development Programme, with which they share numerous principles, approaches, objectives and methods, such as public participation, the territorial approach,  the search for sustainability in development and the improvement of the standard of living of the population.<\/p>\n","protected":false},"author":11,"featured_media":0,"template":"","meta":{"_acf_changed":false},"palabras_clave":[],"class_list":["post-97857133","actualidad_home","type-actualidad_home","status-publish","hentry"],"acf":[],"yoast_head":"<!-- This site is optimized with the Yoast SEO plugin v26.9 - https:\/\/yoast.com\/product\/yoast-seo-wordpress\/ -->\n<title>The MARM brings sustainable rural development to the First Ibero-American Conference of Biosphere Reserves - Fundaci\u00f3n Biodiversidad<\/title>\n<meta name=\"robots\" content=\"index, follow, max-snippet:-1, max-image-preview:large, max-video-preview:-1\" \/>\n<link rel=\"canonical\" href=\"https:\/\/fundacion-biodiversidad.es\/en\/actualidad_home\/the-marm-brings-sustainable-rural-development-to-the-first-ibero-american-conference-of-biosphere-reserves\/\" \/>\n<meta property=\"og:locale\" content=\"en_US\" \/>\n<meta property=\"og:type\" content=\"article\" \/>\n<meta property=\"og:title\" content=\"The MARM brings sustainable rural development to the First Ibero-American Conference of Biosphere Reserves - Fundaci\u00f3n Biodiversidad\" \/>\n<meta property=\"og:description\" content=\"The meeting takes place in Puerto Morelos, Mexico, and closes today with the presence of the Director of the Biodiversity Foundation.\" \/>\n<meta property=\"og:url\" content=\"https:\/\/fundacion-biodiversidad.es\/en\/actualidad_home\/the-marm-brings-sustainable-rural-development-to-the-first-ibero-american-conference-of-biosphere-reserves\/\" \/>\n<meta property=\"og:site_name\" content=\"Fundaci\u00f3n Biodiversidad\" \/>\n<meta property=\"og:image\" content=\"https:\/\/fundacion-biodiversidad.es\/wp-content\/uploads\/2023\/01\/2487661294_35330241_720x405.png\" \/>\n\t<meta property=\"og:image:width\" content=\"720\" \/>\n\t<meta property=\"og:image:height\" content=\"405\" \/>\n\t<meta property=\"og:image:type\" content=\"image\/png\" \/>\n<meta name=\"twitter:card\" content=\"summary_large_image\" \/>\n<meta name=\"twitter:label1\" content=\"Est. reading time\" \/>\n\t<meta name=\"twitter:data1\" content=\"2 minutes\" \/>\n<script type=\"application\/ld+json\" class=\"yoast-schema-graph\">{\"@context\":\"https:\/\/schema.org\",\"@graph\":[{\"@type\":\"WebPage\",\"@id\":\"https:\/\/fundacion-biodiversidad.es\/en\/actualidad_home\/the-marm-brings-sustainable-rural-development-to-the-first-ibero-american-conference-of-biosphere-reserves\/\",\"url\":\"https:\/\/fundacion-biodiversidad.es\/en\/actualidad_home\/the-marm-brings-sustainable-rural-development-to-the-first-ibero-american-conference-of-biosphere-reserves\/\",\"name\":\"The MARM brings sustainable rural development to the First Ibero-American Conference of Biosphere Reserves - Fundaci\u00f3n Biodiversidad\",\"isPartOf\":{\"@id\":\"https:\/\/fundacion-biodiversidad.es\/en\/#website\"},\"datePublished\":\"2014-03-24T15:22:24+00:00\",\"breadcrumb\":{\"@id\":\"https:\/\/fundacion-biodiversidad.es\/en\/actualidad_home\/the-marm-brings-sustainable-rural-development-to-the-first-ibero-american-conference-of-biosphere-reserves\/#breadcrumb\"},\"inLanguage\":\"en-US\",\"potentialAction\":[{\"@type\":\"ReadAction\",\"target\":[\"https:\/\/fundacion-biodiversidad.es\/en\/actualidad_home\/the-marm-brings-sustainable-rural-development-to-the-first-ibero-american-conference-of-biosphere-reserves\/\"]}]},{\"@type\":\"BreadcrumbList\",\"@id\":\"https:\/\/fundacion-biodiversidad.es\/en\/actualidad_home\/the-marm-brings-sustainable-rural-development-to-the-first-ibero-american-conference-of-biosphere-reserves\/#breadcrumb\",\"itemListElement\":[{\"@type\":\"ListItem\",\"position\":1,\"name\":\"Portada\",\"item\":\"https:\/\/fundacion-biodiversidad.es\/en\/inicio\/\"},{\"@type\":\"ListItem\",\"position\":2,\"name\":\"Noticias de actualidad\",\"item\":\"https:\/\/fundacion-biodiversidad.es\/en\/actualidad_home\/\"},{\"@type\":\"ListItem\",\"position\":3,\"name\":\"The MARM brings sustainable rural development to the First Ibero-American Conference of Biosphere Reserves\"}]},{\"@type\":\"WebSite\",\"@id\":\"https:\/\/fundacion-biodiversidad.es\/en\/#website\",\"url\":\"https:\/\/fundacion-biodiversidad.es\/en\/\",\"name\":\"Fundaci\u00f3n Biodiversidad\",\"description\":\"Fundaci\u00f3n p\u00fablica adscrita al Ministerio para la Transici\u00f3n Ecol\u00f3gica\",\"potentialAction\":[{\"@type\":\"SearchAction\",\"target\":{\"@type\":\"EntryPoint\",\"urlTemplate\":\"https:\/\/fundacion-biodiversidad.es\/en\/?s={search_term_string}\"},\"query-input\":{\"@type\":\"PropertyValueSpecification\",\"valueRequired\":true,\"valueName\":\"search_term_string\"}}],\"inLanguage\":\"en-US\"}]}<\/script>\n<!-- \/ Yoast SEO plugin. -->","yoast_head_json":{"title":"The MARM brings sustainable rural development to the First Ibero-American Conference of Biosphere Reserves - Fundaci\u00f3n Biodiversidad","robots":{"index":"index","follow":"follow","max-snippet":"max-snippet:-1","max-image-preview":"max-image-preview:large","max-video-preview":"max-video-preview:-1"},"canonical":"https:\/\/fundacion-biodiversidad.es\/en\/actualidad_home\/the-marm-brings-sustainable-rural-development-to-the-first-ibero-american-conference-of-biosphere-reserves\/","og_locale":"en_US","og_type":"article","og_title":"The MARM brings sustainable rural development to the First Ibero-American Conference of Biosphere Reserves - Fundaci\u00f3n Biodiversidad","og_description":"The meeting takes place in Puerto Morelos, Mexico, and closes today with the presence of the Director of the Biodiversity Foundation.","og_url":"https:\/\/fundacion-biodiversidad.es\/en\/actualidad_home\/the-marm-brings-sustainable-rural-development-to-the-first-ibero-american-conference-of-biosphere-reserves\/","og_site_name":"Fundaci\u00f3n Biodiversidad","og_image":[{"width":720,"height":405,"url":"https:\/\/fundacion-biodiversidad.es\/wp-content\/uploads\/2023\/01\/2487661294_35330241_720x405.png","type":"image\/png"}],"twitter_card":"summary_large_image","twitter_misc":{"Est. reading time":"2 minutes"},"schema":{"@context":"https:\/\/schema.org","@graph":[{"@type":"WebPage","@id":"https:\/\/fundacion-biodiversidad.es\/en\/actualidad_home\/the-marm-brings-sustainable-rural-development-to-the-first-ibero-american-conference-of-biosphere-reserves\/","url":"https:\/\/fundacion-biodiversidad.es\/en\/actualidad_home\/the-marm-brings-sustainable-rural-development-to-the-first-ibero-american-conference-of-biosphere-reserves\/","name":"The MARM brings sustainable rural development to the First Ibero-American Conference of Biosphere Reserves - Fundaci\u00f3n Biodiversidad","isPartOf":{"@id":"https:\/\/fundacion-biodiversidad.es\/en\/#website"},"datePublished":"2014-03-24T15:22:24+00:00","breadcrumb":{"@id":"https:\/\/fundacion-biodiversidad.es\/en\/actualidad_home\/the-marm-brings-sustainable-rural-development-to-the-first-ibero-american-conference-of-biosphere-reserves\/#breadcrumb"},"inLanguage":"en-US","potentialAction":[{"@type":"ReadAction","target":["https:\/\/fundacion-biodiversidad.es\/en\/actualidad_home\/the-marm-brings-sustainable-rural-development-to-the-first-ibero-american-conference-of-biosphere-reserves\/"]}]},{"@type":"BreadcrumbList","@id":"https:\/\/fundacion-biodiversidad.es\/en\/actualidad_home\/the-marm-brings-sustainable-rural-development-to-the-first-ibero-american-conference-of-biosphere-reserves\/#breadcrumb","itemListElement":[{"@type":"ListItem","position":1,"name":"Portada","item":"https:\/\/fundacion-biodiversidad.es\/en\/inicio\/"},{"@type":"ListItem","position":2,"name":"Noticias de actualidad","item":"https:\/\/fundacion-biodiversidad.es\/en\/actualidad_home\/"},{"@type":"ListItem","position":3,"name":"The MARM brings sustainable rural development to the First Ibero-American Conference of Biosphere Reserves"}]},{"@type":"WebSite","@id":"https:\/\/fundacion-biodiversidad.es\/en\/#website","url":"https:\/\/fundacion-biodiversidad.es\/en\/","name":"Fundaci\u00f3n Biodiversidad","description":"Fundaci\u00f3n p\u00fablica adscrita al Ministerio para la Transici\u00f3n Ecol\u00f3gica","potentialAction":[{"@type":"SearchAction","target":{"@type":"EntryPoint","urlTemplate":"https:\/\/fundacion-biodiversidad.es\/en\/?s={search_term_string}"},"query-input":{"@type":"PropertyValueSpecification","valueRequired":true,"valueName":"search_term_string"}}],"inLanguage":"en-US"}]}},"_links":{"self":[{"href":"https:\/\/fundacion-biodiversidad.es\/en\/wp-json\/wp\/v2\/actualidad_home\/97857133","targetHints":{"allow":["GET"]}}],"collection":[{"href":"https:\/\/fundacion-biodiversidad.es\/en\/wp-json\/wp\/v2\/actualidad_home"}],"about":[{"href":"https:\/\/fundacion-biodiversidad.es\/en\/wp-json\/wp\/v2\/types\/actualidad_home"}],"author":[{"embeddable":true,"href":"https:\/\/fundacion-biodiversidad.es\/en\/wp-json\/wp\/v2\/users\/11"}],"wp:attachment":[{"href":"https:\/\/fundacion-biodiversidad.es\/en\/wp-json\/wp\/v2\/media?parent=97857133"}],"wp:term":[{"taxonomy":"palabras_clave","embeddable":true,"href":"https:\/\/fundacion-biodiversidad.es\/en\/wp-json\/wp\/v2\/palabras_clave?post=97857133"}],"curies":[{"name":"wp","href":"https:\/\/api.w.org\/{rel}","templated":true}]}}