{"id":97857139,"date":"2014-03-24T16:22:24","date_gmt":"2014-03-24T15:22:24","guid":{"rendered":"https:\/\/fundacion-biodiversidad.es\/actualidad_home\/today-the-documentary-invasores-co-produced-by-the-biodiversity-foundation-tve-tv3-and-avatar-wildlife-is-released-in-spanish-cinemas\/"},"modified":"2014-03-24T16:22:24","modified_gmt":"2014-03-24T15:22:24","slug":"today-the-documentary-invasores-co-produced-by-the-biodiversity-foundation-tve-tv3-and-avatar-wildlife-is-released-in-spanish-cinemas","status":"publish","type":"actualidad_home","link":"https:\/\/fundacion-biodiversidad.es\/en\/actualidad_home\/today-the-documentary-invasores-co-produced-by-the-biodiversity-foundation-tve-tv3-and-avatar-wildlife-is-released-in-spanish-cinemas\/","title":{"rendered":"Today the documentary &#8216;Invasores&#8217;, co-produced by the Biodiversity Foundation, TVE, TV3 and Avatar Wildlife, is released in Spanish cinemas"},"content":{"rendered":"<p>The feature film seeks to raise awareness in society about the impact that certain species from other latitudes have on ecosystems, the economy and people&#8217;s health.<\/p>\n<p><!--more--><\/p>\n<p>The Director General of the Natural Environment and Forest Policy of the Ministry of the Environment, Rural and Marine Affairs, Jos\u00e9 Jim\u00e9nez, and the Director of the Biodiversity Foundation, a public foundation dependent on the MARM, Ana Leiva, attended this morning the press screening of the documentary &#8216;Invasores&#8217;, at the Peque\u00f1o Cine Estudio, in Madrid. The naturalist Luis Miguel Dom\u00ednguez, director, director and screenwriter of the feature film, was also at this event to explain some keys to the audiovisual that accounts for the invasive exotic species present in Spain and the risk they pose to biodiversity. <\/p>\n<p>&#8216;Invasores&#8217; is a tool to raise awareness in Spanish society about a complex problem, informing about the damage caused by foreign species and the consequences that derive from it. It also highlights the importance of environmental education in influencing the population&#8217;s environmental knowledge and attitudes, as an essential element in preventing further introductions. <\/p>\n<p>The Biodiversity Foundation has supported the making of this documentary that premieres today in cinemas.<\/p>\n<p>The feature film &#8216;Invasores&#8217; has been nourished by numerous interviews with experts in biological invasions of the country, including, among others, Jos\u00e9 Jim\u00e9nez and Luis Mariano Gonz\u00e1lez, from the General Directorate of Natural Environment and Forest Policy of the Ministry of the Environment, Rural and Marine Affairs. It is co-produced by Avatar Wildlife and TVE, with the collaboration of the Biodiversity Foundation and the participation of Televisi\u00f3 de Catalunya (TV3). <\/p>\n","protected":false},"author":11,"featured_media":0,"template":"","meta":{"_acf_changed":false},"palabras_clave":[],"class_list":["post-97857139","actualidad_home","type-actualidad_home","status-publish","hentry"],"acf":[],"yoast_head":"<!-- This site is optimized with the Yoast SEO plugin v26.9 - https:\/\/yoast.com\/product\/yoast-seo-wordpress\/ -->\n<title>Today the documentary &#039;Invasores&#039;, co-produced by the Biodiversity Foundation, TVE, TV3 and Avatar Wildlife, is released in Spanish cinemas - Fundaci\u00f3n Biodiversidad<\/title>\n<meta name=\"robots\" content=\"index, follow, max-snippet:-1, max-image-preview:large, max-video-preview:-1\" \/>\n<link rel=\"canonical\" href=\"https:\/\/fundacion-biodiversidad.es\/en\/actualidad_home\/today-the-documentary-invasores-co-produced-by-the-biodiversity-foundation-tve-tv3-and-avatar-wildlife-is-released-in-spanish-cinemas\/\" \/>\n<meta property=\"og:locale\" content=\"en_US\" \/>\n<meta property=\"og:type\" content=\"article\" \/>\n<meta property=\"og:title\" content=\"Today the documentary &#039;Invasores&#039;, co-produced by the Biodiversity Foundation, TVE, TV3 and Avatar Wildlife, is released in Spanish cinemas - Fundaci\u00f3n Biodiversidad\" \/>\n<meta property=\"og:description\" content=\"The feature film seeks to raise awareness in society about the impact that certain species from other latitudes have on ecosystems, the economy and people&#8217;s [&hellip;]\" \/>\n<meta property=\"og:url\" content=\"https:\/\/fundacion-biodiversidad.es\/en\/actualidad_home\/today-the-documentary-invasores-co-produced-by-the-biodiversity-foundation-tve-tv3-and-avatar-wildlife-is-released-in-spanish-cinemas\/\" \/>\n<meta property=\"og:site_name\" content=\"Fundaci\u00f3n Biodiversidad\" \/>\n<meta property=\"og:image\" content=\"https:\/\/fundacion-biodiversidad.es\/wp-content\/uploads\/2023\/01\/2487661294_35330241_720x405.png\" \/>\n\t<meta property=\"og:image:width\" content=\"720\" \/>\n\t<meta property=\"og:image:height\" content=\"405\" \/>\n\t<meta property=\"og:image:type\" content=\"image\/png\" \/>\n<meta name=\"twitter:card\" content=\"summary_large_image\" \/>\n<meta name=\"twitter:label1\" content=\"Est. reading time\" \/>\n\t<meta name=\"twitter:data1\" content=\"1 minute\" \/>\n<script type=\"application\/ld+json\" class=\"yoast-schema-graph\">{\"@context\":\"https:\/\/schema.org\",\"@graph\":[{\"@type\":\"WebPage\",\"@id\":\"https:\/\/fundacion-biodiversidad.es\/en\/actualidad_home\/today-the-documentary-invasores-co-produced-by-the-biodiversity-foundation-tve-tv3-and-avatar-wildlife-is-released-in-spanish-cinemas\/\",\"url\":\"https:\/\/fundacion-biodiversidad.es\/en\/actualidad_home\/today-the-documentary-invasores-co-produced-by-the-biodiversity-foundation-tve-tv3-and-avatar-wildlife-is-released-in-spanish-cinemas\/\",\"name\":\"Today the documentary 'Invasores', co-produced by the Biodiversity Foundation, TVE, TV3 and Avatar Wildlife, is released in Spanish cinemas - Fundaci\u00f3n Biodiversidad\",\"isPartOf\":{\"@id\":\"https:\/\/fundacion-biodiversidad.es\/en\/#website\"},\"datePublished\":\"2014-03-24T15:22:24+00:00\",\"breadcrumb\":{\"@id\":\"https:\/\/fundacion-biodiversidad.es\/en\/actualidad_home\/today-the-documentary-invasores-co-produced-by-the-biodiversity-foundation-tve-tv3-and-avatar-wildlife-is-released-in-spanish-cinemas\/#breadcrumb\"},\"inLanguage\":\"en-US\",\"potentialAction\":[{\"@type\":\"ReadAction\",\"target\":[\"https:\/\/fundacion-biodiversidad.es\/en\/actualidad_home\/today-the-documentary-invasores-co-produced-by-the-biodiversity-foundation-tve-tv3-and-avatar-wildlife-is-released-in-spanish-cinemas\/\"]}]},{\"@type\":\"BreadcrumbList\",\"@id\":\"https:\/\/fundacion-biodiversidad.es\/en\/actualidad_home\/today-the-documentary-invasores-co-produced-by-the-biodiversity-foundation-tve-tv3-and-avatar-wildlife-is-released-in-spanish-cinemas\/#breadcrumb\",\"itemListElement\":[{\"@type\":\"ListItem\",\"position\":1,\"name\":\"Portada\",\"item\":\"https:\/\/fundacion-biodiversidad.es\/en\/inicio\/\"},{\"@type\":\"ListItem\",\"position\":2,\"name\":\"Noticias de actualidad\",\"item\":\"https:\/\/fundacion-biodiversidad.es\/en\/actualidad_home\/\"},{\"@type\":\"ListItem\",\"position\":3,\"name\":\"Today the documentary &#8216;Invasores&#8217;, co-produced by the Biodiversity Foundation, TVE, TV3 and Avatar Wildlife, is released in Spanish cinemas\"}]},{\"@type\":\"WebSite\",\"@id\":\"https:\/\/fundacion-biodiversidad.es\/en\/#website\",\"url\":\"https:\/\/fundacion-biodiversidad.es\/en\/\",\"name\":\"Fundaci\u00f3n Biodiversidad\",\"description\":\"Fundaci\u00f3n p\u00fablica adscrita al Ministerio para la Transici\u00f3n Ecol\u00f3gica\",\"potentialAction\":[{\"@type\":\"SearchAction\",\"target\":{\"@type\":\"EntryPoint\",\"urlTemplate\":\"https:\/\/fundacion-biodiversidad.es\/en\/?s={search_term_string}\"},\"query-input\":{\"@type\":\"PropertyValueSpecification\",\"valueRequired\":true,\"valueName\":\"search_term_string\"}}],\"inLanguage\":\"en-US\"}]}<\/script>\n<!-- \/ Yoast SEO plugin. -->","yoast_head_json":{"title":"Today the documentary 'Invasores', co-produced by the Biodiversity Foundation, TVE, TV3 and Avatar Wildlife, is released in Spanish cinemas - Fundaci\u00f3n Biodiversidad","robots":{"index":"index","follow":"follow","max-snippet":"max-snippet:-1","max-image-preview":"max-image-preview:large","max-video-preview":"max-video-preview:-1"},"canonical":"https:\/\/fundacion-biodiversidad.es\/en\/actualidad_home\/today-the-documentary-invasores-co-produced-by-the-biodiversity-foundation-tve-tv3-and-avatar-wildlife-is-released-in-spanish-cinemas\/","og_locale":"en_US","og_type":"article","og_title":"Today the documentary 'Invasores', co-produced by the Biodiversity Foundation, TVE, TV3 and Avatar Wildlife, is released in Spanish cinemas - Fundaci\u00f3n Biodiversidad","og_description":"The feature film seeks to raise awareness in society about the impact that certain species from other latitudes have on ecosystems, the economy and people&#8217;s [&hellip;]","og_url":"https:\/\/fundacion-biodiversidad.es\/en\/actualidad_home\/today-the-documentary-invasores-co-produced-by-the-biodiversity-foundation-tve-tv3-and-avatar-wildlife-is-released-in-spanish-cinemas\/","og_site_name":"Fundaci\u00f3n Biodiversidad","og_image":[{"width":720,"height":405,"url":"https:\/\/fundacion-biodiversidad.es\/wp-content\/uploads\/2023\/01\/2487661294_35330241_720x405.png","type":"image\/png"}],"twitter_card":"summary_large_image","twitter_misc":{"Est. reading time":"1 minute"},"schema":{"@context":"https:\/\/schema.org","@graph":[{"@type":"WebPage","@id":"https:\/\/fundacion-biodiversidad.es\/en\/actualidad_home\/today-the-documentary-invasores-co-produced-by-the-biodiversity-foundation-tve-tv3-and-avatar-wildlife-is-released-in-spanish-cinemas\/","url":"https:\/\/fundacion-biodiversidad.es\/en\/actualidad_home\/today-the-documentary-invasores-co-produced-by-the-biodiversity-foundation-tve-tv3-and-avatar-wildlife-is-released-in-spanish-cinemas\/","name":"Today the documentary 'Invasores', co-produced by the Biodiversity Foundation, TVE, TV3 and Avatar Wildlife, is released in Spanish cinemas - Fundaci\u00f3n Biodiversidad","isPartOf":{"@id":"https:\/\/fundacion-biodiversidad.es\/en\/#website"},"datePublished":"2014-03-24T15:22:24+00:00","breadcrumb":{"@id":"https:\/\/fundacion-biodiversidad.es\/en\/actualidad_home\/today-the-documentary-invasores-co-produced-by-the-biodiversity-foundation-tve-tv3-and-avatar-wildlife-is-released-in-spanish-cinemas\/#breadcrumb"},"inLanguage":"en-US","potentialAction":[{"@type":"ReadAction","target":["https:\/\/fundacion-biodiversidad.es\/en\/actualidad_home\/today-the-documentary-invasores-co-produced-by-the-biodiversity-foundation-tve-tv3-and-avatar-wildlife-is-released-in-spanish-cinemas\/"]}]},{"@type":"BreadcrumbList","@id":"https:\/\/fundacion-biodiversidad.es\/en\/actualidad_home\/today-the-documentary-invasores-co-produced-by-the-biodiversity-foundation-tve-tv3-and-avatar-wildlife-is-released-in-spanish-cinemas\/#breadcrumb","itemListElement":[{"@type":"ListItem","position":1,"name":"Portada","item":"https:\/\/fundacion-biodiversidad.es\/en\/inicio\/"},{"@type":"ListItem","position":2,"name":"Noticias de actualidad","item":"https:\/\/fundacion-biodiversidad.es\/en\/actualidad_home\/"},{"@type":"ListItem","position":3,"name":"Today the documentary &#8216;Invasores&#8217;, co-produced by the Biodiversity Foundation, TVE, TV3 and Avatar Wildlife, is released in Spanish cinemas"}]},{"@type":"WebSite","@id":"https:\/\/fundacion-biodiversidad.es\/en\/#website","url":"https:\/\/fundacion-biodiversidad.es\/en\/","name":"Fundaci\u00f3n Biodiversidad","description":"Fundaci\u00f3n p\u00fablica adscrita al Ministerio para la Transici\u00f3n Ecol\u00f3gica","potentialAction":[{"@type":"SearchAction","target":{"@type":"EntryPoint","urlTemplate":"https:\/\/fundacion-biodiversidad.es\/en\/?s={search_term_string}"},"query-input":{"@type":"PropertyValueSpecification","valueRequired":true,"valueName":"search_term_string"}}],"inLanguage":"en-US"}]}},"_links":{"self":[{"href":"https:\/\/fundacion-biodiversidad.es\/en\/wp-json\/wp\/v2\/actualidad_home\/97857139","targetHints":{"allow":["GET"]}}],"collection":[{"href":"https:\/\/fundacion-biodiversidad.es\/en\/wp-json\/wp\/v2\/actualidad_home"}],"about":[{"href":"https:\/\/fundacion-biodiversidad.es\/en\/wp-json\/wp\/v2\/types\/actualidad_home"}],"author":[{"embeddable":true,"href":"https:\/\/fundacion-biodiversidad.es\/en\/wp-json\/wp\/v2\/users\/11"}],"wp:attachment":[{"href":"https:\/\/fundacion-biodiversidad.es\/en\/wp-json\/wp\/v2\/media?parent=97857139"}],"wp:term":[{"taxonomy":"palabras_clave","embeddable":true,"href":"https:\/\/fundacion-biodiversidad.es\/en\/wp-json\/wp\/v2\/palabras_clave?post=97857139"}],"curies":[{"name":"wp","href":"https:\/\/api.w.org\/{rel}","templated":true}]}}