{"id":97857140,"date":"2014-03-24T16:22:21","date_gmt":"2014-03-24T15:22:21","guid":{"rendered":"https:\/\/fundacion-biodiversidad.es\/actualidad_home\/the-2010-edition-of-the-tree-and-forest-of-the-year-awards-is-announced\/"},"modified":"2014-03-24T16:22:21","modified_gmt":"2014-03-24T15:22:21","slug":"the-2010-edition-of-the-tree-and-forest-of-the-year-awards-is-announced","status":"publish","type":"actualidad_home","link":"https:\/\/fundacion-biodiversidad.es\/en\/actualidad_home\/the-2010-edition-of-the-tree-and-forest-of-the-year-awards-is-announced\/","title":{"rendered":"The 2010 Edition of the Tree and Forest of the Year Awards is announced"},"content":{"rendered":"<p>Presented by the NGO Forests without Borders in collaboration with the Biodiversity Foundation, these awards have distinguished seven outstanding trees and forests in the Spanish territory.  <\/p>\n<p><!--more--><\/p>\n<p>Presented by the NGO Forests without Borders in collaboration with the Biodiversity Foundation, these awards have distinguished seven outstanding trees and forests in the Spanish territory.<\/p>\n<p>The Tree and Forest of the Year Awards ceremony took place on Friday, November 19, in the Assembly Hall of the Ministry of the Environment, Rural and Marine Affairs, and was attended by the athlete Nuria Fern\u00e1ndez (current European champion of 1,500 meters), as Godmother of the Awards; the Director General of the Natural Environment and Forest Policy of the Ministry of the Environment, Jos\u00e9 Jim\u00e9nez; the director of the Biodiversity Foundation, Ana Leiva, and the president of Forests without Borders, Susana Dom\u00ednguez.<\/p>\n<p>The event was also attended by the general director of nature conservation of the Xunta de Galicia, Ricardo Garc\u00eda-Borreg\u00f3n, and the actress Maber Rivera, &#8216;Goya&#8217; award for her role in the film &#8216;Mar Adentro&#8217;.<\/p>\n<p>The jury of the Awards was made up of a committee of experts professionally and\/or academically linked to the forestry world, who have independently and autonomously reviewed the candidatures submitted and have established the final list of the winners.<\/p>\n<p>They have distinguished the tallest eucalyptus in Europe (Abuelo de Chav\u00edn), an oak tree over 600 years old (Encina de Ambite), the elm of a historic town in Toledo (Olmo de Layos), a well-kept Valencian mulberry tree (La Matriarca), the southernmost beech forest in Europe (Hayedo de Montejo de la Sierra) and an emblematic chestnut tree (Casta\u00f1o Santo). The Category of Threatened Forest recognizes the fight against aggressions suffered by the Souto de Santa Eufemia, in the province of Lugo. <\/p>\n<p>The amount of the prize (2,000 euros for each of the established categories) must be allocated, in all cases, to the improvement of the conservation and knowledge of the winning specimens.<\/p>\n<p>In this 2010 edition, 57 nominations were received. Galicia has been the Autonomous Community that has submitted the most trees and groves to the competition (a total of 12), followed by Castilla y Le\u00f3n (11 specimens), Catalonia (9), Madrid (8), Castilla la Mancha (4), Canary Islands (4), Valencia (3), Murcia (2), Cantabria (2), Asturias (1) and Andalusia (1). Of the six categories into which the Awards are divided, the Tree and Emblematic Forest has been the most popular, with 20 nominations.  <\/p>\n<p>To learn about the trees and groves recognized on this occasion, click <strong><a target=\"_blank\" href=\"http:\/\/www.fundacion-biodiversidad.es\/images\/stories\/recursos\/prensa\/2010\/notasdeprensa\/np_20101119_01.pdf\" rel=\"noopener\">here<\/a><\/strong>.&nbsp;<\/p>\n","protected":false},"author":11,"featured_media":35294,"template":"","meta":{"_acf_changed":false},"palabras_clave":[],"class_list":["post-97857140","actualidad_home","type-actualidad_home","status-publish","has-post-thumbnail","hentry"],"acf":[],"yoast_head":"<!-- This site is optimized with the Yoast SEO plugin v26.9 - https:\/\/yoast.com\/product\/yoast-seo-wordpress\/ -->\n<title>The 2010 Edition of the Tree and Forest of the Year Awards is announced - Fundaci\u00f3n Biodiversidad<\/title>\n<meta name=\"robots\" content=\"index, follow, max-snippet:-1, max-image-preview:large, max-video-preview:-1\" \/>\n<link rel=\"canonical\" href=\"https:\/\/fundacion-biodiversidad.es\/en\/actualidad_home\/the-2010-edition-of-the-tree-and-forest-of-the-year-awards-is-announced\/\" \/>\n<meta property=\"og:locale\" content=\"en_US\" \/>\n<meta property=\"og:type\" content=\"article\" \/>\n<meta property=\"og:title\" content=\"The 2010 Edition of the Tree and Forest of the Year Awards is announced - Fundaci\u00f3n Biodiversidad\" \/>\n<meta property=\"og:description\" content=\"Presented by the NGO Forests without Borders in collaboration with the Biodiversity Foundation, these awards have distinguished seven outstanding trees and forests in the Spanish [&hellip;]\" \/>\n<meta property=\"og:url\" content=\"https:\/\/fundacion-biodiversidad.es\/en\/actualidad_home\/the-2010-edition-of-the-tree-and-forest-of-the-year-awards-is-announced\/\" \/>\n<meta property=\"og:site_name\" content=\"Fundaci\u00f3n Biodiversidad\" \/>\n<meta property=\"og:image\" content=\"https:\/\/fundacion-biodiversidad.es\/wp-content\/uploads\/2023\/01\/2487661294_35330241_720x405.png\" \/>\n\t<meta property=\"og:image:width\" content=\"720\" \/>\n\t<meta property=\"og:image:height\" content=\"405\" \/>\n\t<meta property=\"og:image:type\" content=\"image\/png\" \/>\n<meta name=\"twitter:card\" content=\"summary_large_image\" \/>\n<meta name=\"twitter:label1\" content=\"Est. reading time\" \/>\n\t<meta name=\"twitter:data1\" content=\"2 minutes\" \/>\n<script type=\"application\/ld+json\" class=\"yoast-schema-graph\">{\"@context\":\"https:\/\/schema.org\",\"@graph\":[{\"@type\":\"WebPage\",\"@id\":\"https:\/\/fundacion-biodiversidad.es\/en\/actualidad_home\/the-2010-edition-of-the-tree-and-forest-of-the-year-awards-is-announced\/\",\"url\":\"https:\/\/fundacion-biodiversidad.es\/en\/actualidad_home\/the-2010-edition-of-the-tree-and-forest-of-the-year-awards-is-announced\/\",\"name\":\"The 2010 Edition of the Tree and Forest of the Year Awards is announced - Fundaci\u00f3n Biodiversidad\",\"isPartOf\":{\"@id\":\"https:\/\/fundacion-biodiversidad.es\/en\/#website\"},\"primaryImageOfPage\":{\"@id\":\"https:\/\/fundacion-biodiversidad.es\/en\/actualidad_home\/the-2010-edition-of-the-tree-and-forest-of-the-year-awards-is-announced\/#primaryimage\"},\"image\":{\"@id\":\"https:\/\/fundacion-biodiversidad.es\/en\/actualidad_home\/the-2010-edition-of-the-tree-and-forest-of-the-year-awards-is-announced\/#primaryimage\"},\"thumbnailUrl\":\"https:\/\/fundacion-biodiversidad.es\/wp-content\/uploads\/2014\/05\/arbolybosque_0.jpg\",\"datePublished\":\"2014-03-24T15:22:21+00:00\",\"breadcrumb\":{\"@id\":\"https:\/\/fundacion-biodiversidad.es\/en\/actualidad_home\/the-2010-edition-of-the-tree-and-forest-of-the-year-awards-is-announced\/#breadcrumb\"},\"inLanguage\":\"en-US\",\"potentialAction\":[{\"@type\":\"ReadAction\",\"target\":[\"https:\/\/fundacion-biodiversidad.es\/en\/actualidad_home\/the-2010-edition-of-the-tree-and-forest-of-the-year-awards-is-announced\/\"]}]},{\"@type\":\"ImageObject\",\"inLanguage\":\"en-US\",\"@id\":\"https:\/\/fundacion-biodiversidad.es\/en\/actualidad_home\/the-2010-edition-of-the-tree-and-forest-of-the-year-awards-is-announced\/#primaryimage\",\"url\":\"https:\/\/fundacion-biodiversidad.es\/wp-content\/uploads\/2014\/05\/arbolybosque_0.jpg\",\"contentUrl\":\"https:\/\/fundacion-biodiversidad.es\/wp-content\/uploads\/2014\/05\/arbolybosque_0.jpg\",\"width\":220,\"height\":155},{\"@type\":\"BreadcrumbList\",\"@id\":\"https:\/\/fundacion-biodiversidad.es\/en\/actualidad_home\/the-2010-edition-of-the-tree-and-forest-of-the-year-awards-is-announced\/#breadcrumb\",\"itemListElement\":[{\"@type\":\"ListItem\",\"position\":1,\"name\":\"Portada\",\"item\":\"https:\/\/fundacion-biodiversidad.es\/en\/inicio\/\"},{\"@type\":\"ListItem\",\"position\":2,\"name\":\"Noticias de actualidad\",\"item\":\"https:\/\/fundacion-biodiversidad.es\/en\/actualidad_home\/\"},{\"@type\":\"ListItem\",\"position\":3,\"name\":\"The 2010 Edition of the Tree and Forest of the Year Awards is announced\"}]},{\"@type\":\"WebSite\",\"@id\":\"https:\/\/fundacion-biodiversidad.es\/en\/#website\",\"url\":\"https:\/\/fundacion-biodiversidad.es\/en\/\",\"name\":\"Fundaci\u00f3n Biodiversidad\",\"description\":\"Fundaci\u00f3n p\u00fablica adscrita al Ministerio para la Transici\u00f3n Ecol\u00f3gica\",\"potentialAction\":[{\"@type\":\"SearchAction\",\"target\":{\"@type\":\"EntryPoint\",\"urlTemplate\":\"https:\/\/fundacion-biodiversidad.es\/en\/?s={search_term_string}\"},\"query-input\":{\"@type\":\"PropertyValueSpecification\",\"valueRequired\":true,\"valueName\":\"search_term_string\"}}],\"inLanguage\":\"en-US\"}]}<\/script>\n<!-- \/ Yoast SEO plugin. -->","yoast_head_json":{"title":"The 2010 Edition of the Tree and Forest of the Year Awards is announced - Fundaci\u00f3n Biodiversidad","robots":{"index":"index","follow":"follow","max-snippet":"max-snippet:-1","max-image-preview":"max-image-preview:large","max-video-preview":"max-video-preview:-1"},"canonical":"https:\/\/fundacion-biodiversidad.es\/en\/actualidad_home\/the-2010-edition-of-the-tree-and-forest-of-the-year-awards-is-announced\/","og_locale":"en_US","og_type":"article","og_title":"The 2010 Edition of the Tree and Forest of the Year Awards is announced - Fundaci\u00f3n Biodiversidad","og_description":"Presented by the NGO Forests without Borders in collaboration with the Biodiversity Foundation, these awards have distinguished seven outstanding trees and forests in the Spanish [&hellip;]","og_url":"https:\/\/fundacion-biodiversidad.es\/en\/actualidad_home\/the-2010-edition-of-the-tree-and-forest-of-the-year-awards-is-announced\/","og_site_name":"Fundaci\u00f3n Biodiversidad","og_image":[{"width":720,"height":405,"url":"https:\/\/fundacion-biodiversidad.es\/wp-content\/uploads\/2023\/01\/2487661294_35330241_720x405.png","type":"image\/png"}],"twitter_card":"summary_large_image","twitter_misc":{"Est. reading time":"2 minutes"},"schema":{"@context":"https:\/\/schema.org","@graph":[{"@type":"WebPage","@id":"https:\/\/fundacion-biodiversidad.es\/en\/actualidad_home\/the-2010-edition-of-the-tree-and-forest-of-the-year-awards-is-announced\/","url":"https:\/\/fundacion-biodiversidad.es\/en\/actualidad_home\/the-2010-edition-of-the-tree-and-forest-of-the-year-awards-is-announced\/","name":"The 2010 Edition of the Tree and Forest of the Year Awards is announced - Fundaci\u00f3n Biodiversidad","isPartOf":{"@id":"https:\/\/fundacion-biodiversidad.es\/en\/#website"},"primaryImageOfPage":{"@id":"https:\/\/fundacion-biodiversidad.es\/en\/actualidad_home\/the-2010-edition-of-the-tree-and-forest-of-the-year-awards-is-announced\/#primaryimage"},"image":{"@id":"https:\/\/fundacion-biodiversidad.es\/en\/actualidad_home\/the-2010-edition-of-the-tree-and-forest-of-the-year-awards-is-announced\/#primaryimage"},"thumbnailUrl":"https:\/\/fundacion-biodiversidad.es\/wp-content\/uploads\/2014\/05\/arbolybosque_0.jpg","datePublished":"2014-03-24T15:22:21+00:00","breadcrumb":{"@id":"https:\/\/fundacion-biodiversidad.es\/en\/actualidad_home\/the-2010-edition-of-the-tree-and-forest-of-the-year-awards-is-announced\/#breadcrumb"},"inLanguage":"en-US","potentialAction":[{"@type":"ReadAction","target":["https:\/\/fundacion-biodiversidad.es\/en\/actualidad_home\/the-2010-edition-of-the-tree-and-forest-of-the-year-awards-is-announced\/"]}]},{"@type":"ImageObject","inLanguage":"en-US","@id":"https:\/\/fundacion-biodiversidad.es\/en\/actualidad_home\/the-2010-edition-of-the-tree-and-forest-of-the-year-awards-is-announced\/#primaryimage","url":"https:\/\/fundacion-biodiversidad.es\/wp-content\/uploads\/2014\/05\/arbolybosque_0.jpg","contentUrl":"https:\/\/fundacion-biodiversidad.es\/wp-content\/uploads\/2014\/05\/arbolybosque_0.jpg","width":220,"height":155},{"@type":"BreadcrumbList","@id":"https:\/\/fundacion-biodiversidad.es\/en\/actualidad_home\/the-2010-edition-of-the-tree-and-forest-of-the-year-awards-is-announced\/#breadcrumb","itemListElement":[{"@type":"ListItem","position":1,"name":"Portada","item":"https:\/\/fundacion-biodiversidad.es\/en\/inicio\/"},{"@type":"ListItem","position":2,"name":"Noticias de actualidad","item":"https:\/\/fundacion-biodiversidad.es\/en\/actualidad_home\/"},{"@type":"ListItem","position":3,"name":"The 2010 Edition of the Tree and Forest of the Year Awards is announced"}]},{"@type":"WebSite","@id":"https:\/\/fundacion-biodiversidad.es\/en\/#website","url":"https:\/\/fundacion-biodiversidad.es\/en\/","name":"Fundaci\u00f3n Biodiversidad","description":"Fundaci\u00f3n p\u00fablica adscrita al Ministerio para la Transici\u00f3n Ecol\u00f3gica","potentialAction":[{"@type":"SearchAction","target":{"@type":"EntryPoint","urlTemplate":"https:\/\/fundacion-biodiversidad.es\/en\/?s={search_term_string}"},"query-input":{"@type":"PropertyValueSpecification","valueRequired":true,"valueName":"search_term_string"}}],"inLanguage":"en-US"}]}},"_links":{"self":[{"href":"https:\/\/fundacion-biodiversidad.es\/en\/wp-json\/wp\/v2\/actualidad_home\/97857140","targetHints":{"allow":["GET"]}}],"collection":[{"href":"https:\/\/fundacion-biodiversidad.es\/en\/wp-json\/wp\/v2\/actualidad_home"}],"about":[{"href":"https:\/\/fundacion-biodiversidad.es\/en\/wp-json\/wp\/v2\/types\/actualidad_home"}],"author":[{"embeddable":true,"href":"https:\/\/fundacion-biodiversidad.es\/en\/wp-json\/wp\/v2\/users\/11"}],"wp:featuredmedia":[{"embeddable":true,"href":"https:\/\/fundacion-biodiversidad.es\/en\/wp-json\/wp\/v2\/media\/35294"}],"wp:attachment":[{"href":"https:\/\/fundacion-biodiversidad.es\/en\/wp-json\/wp\/v2\/media?parent=97857140"}],"wp:term":[{"taxonomy":"palabras_clave","embeddable":true,"href":"https:\/\/fundacion-biodiversidad.es\/en\/wp-json\/wp\/v2\/palabras_clave?post=97857140"}],"curies":[{"name":"wp","href":"https:\/\/api.w.org\/{rel}","templated":true}]}}