{"id":97857143,"date":"2014-03-24T16:22:21","date_gmt":"2014-03-24T15:22:21","guid":{"rendered":"https:\/\/fundacion-biodiversidad.es\/actualidad_home\/iucn-spanish-committee-appoints-new-board-of-directors\/"},"modified":"2014-03-24T16:22:21","modified_gmt":"2014-03-24T15:22:21","slug":"iucn-spanish-committee-appoints-new-board-of-directors","status":"publish","type":"actualidad_home","link":"https:\/\/fundacion-biodiversidad.es\/en\/actualidad_home\/iucn-spanish-committee-appoints-new-board-of-directors\/","title":{"rendered":"IUCN Spanish Committee appoints new board of directors"},"content":{"rendered":"<p>The vice-presidency falls to Ana Leiva, director of the Biodiversity Foundation.<\/p>\n<p><!--more--><\/p>\n<p>The vice-presidency falls to Ana Leiva, director of the Biodiversity Foundation.<\/p>\n<p>The Assembly of members of the Spanish Committee of the International Union for Conservation of Nature (IUCN), the largest network of environmental organizations in the country, has unanimously re-elected Carlos S\u00e1nchez as president of the entity for a period of three more years.<\/p>\n<p>At this same meeting, held in Malaga, the Committee&#8217;s board of directors was renewed, maintaining the balance between public and private administrations, and ensuring that all the areas addressed by the various member entities are represented. Thus, the vice-presidency falls to Ana Leiva, director of the Biodiversity Foundation, and the permanent secretary to B\u00e1rbara Soto-Largo, from the Ministry of the Environment, Rural and Marine Affairs. <\/p>\n<p>As for the members, they have been restructured according to the criteria of the global IUCN. The Director General of Biodiversity of the Basque Government, Germ\u00e1n Alonso, will be in charge of Renewable Energies; the general director of Planning and Environmental Information of the Junta de Andaluc\u00eda, Esperanza Perea, joins the spokesperson for Global Change; the director of the Environment area of Obra Social Catalunya Caixa, Miquel Rafa, will be responsible for Biodiversity; the president of the Galician environmental education center Ceida, Carlos Vales, will assume the position of spokesperson for Green Economy; the president of the Spanish Association of Entomology, Eduardo Galante, will join Ecosystem Management, and Juan Antonio L\u00f3pez, head of Aula del Mar, will be in charge of the Marine Environment Conservation committee. <\/p>\n<p>Carlos S\u00e1nchez, also president of the Nature and Man Foundation, will be in charge of consolidating the IUCN Spanish Committee, which brings together 36 Spanish environmental entities. Although CeIUCN was created in 1988, it did not have a Technical Office until 2007. During S\u00e1nchez&#8217;s first presidency, this unit, located in El Astillero (Cantabria), was professionalized, so in the next three years the challenge will be to consolidate it.    <br \/>\n&nbsp;<\/p>\n","protected":false},"author":11,"featured_media":35289,"template":"","meta":{"_acf_changed":false},"palabras_clave":[],"class_list":["post-97857143","actualidad_home","type-actualidad_home","status-publish","has-post-thumbnail","hentry"],"acf":[],"yoast_head":"<!-- This site is optimized with the Yoast SEO plugin v26.9 - https:\/\/yoast.com\/product\/yoast-seo-wordpress\/ -->\n<title>IUCN Spanish Committee appoints new board of directors - Fundaci\u00f3n Biodiversidad<\/title>\n<meta name=\"robots\" content=\"index, follow, max-snippet:-1, max-image-preview:large, max-video-preview:-1\" \/>\n<link rel=\"canonical\" href=\"https:\/\/fundacion-biodiversidad.es\/en\/actualidad_home\/iucn-spanish-committee-appoints-new-board-of-directors\/\" \/>\n<meta property=\"og:locale\" content=\"en_US\" \/>\n<meta property=\"og:type\" content=\"article\" \/>\n<meta property=\"og:title\" content=\"IUCN Spanish Committee appoints new board of directors - Fundaci\u00f3n Biodiversidad\" \/>\n<meta property=\"og:description\" content=\"The vice-presidency falls to Ana Leiva, director of the Biodiversity Foundation.\" \/>\n<meta property=\"og:url\" content=\"https:\/\/fundacion-biodiversidad.es\/en\/actualidad_home\/iucn-spanish-committee-appoints-new-board-of-directors\/\" \/>\n<meta property=\"og:site_name\" content=\"Fundaci\u00f3n Biodiversidad\" \/>\n<meta property=\"og:image\" content=\"https:\/\/fundacion-biodiversidad.es\/wp-content\/uploads\/2023\/01\/2487661294_35330241_720x405.png\" \/>\n\t<meta property=\"og:image:width\" content=\"720\" \/>\n\t<meta property=\"og:image:height\" content=\"405\" \/>\n\t<meta property=\"og:image:type\" content=\"image\/png\" \/>\n<meta name=\"twitter:card\" content=\"summary_large_image\" \/>\n<meta name=\"twitter:label1\" content=\"Est. reading time\" \/>\n\t<meta name=\"twitter:data1\" content=\"2 minutes\" \/>\n<script type=\"application\/ld+json\" class=\"yoast-schema-graph\">{\"@context\":\"https:\/\/schema.org\",\"@graph\":[{\"@type\":\"WebPage\",\"@id\":\"https:\/\/fundacion-biodiversidad.es\/en\/actualidad_home\/iucn-spanish-committee-appoints-new-board-of-directors\/\",\"url\":\"https:\/\/fundacion-biodiversidad.es\/en\/actualidad_home\/iucn-spanish-committee-appoints-new-board-of-directors\/\",\"name\":\"IUCN Spanish Committee appoints new board of directors - Fundaci\u00f3n Biodiversidad\",\"isPartOf\":{\"@id\":\"https:\/\/fundacion-biodiversidad.es\/en\/#website\"},\"primaryImageOfPage\":{\"@id\":\"https:\/\/fundacion-biodiversidad.es\/en\/actualidad_home\/iucn-spanish-committee-appoints-new-board-of-directors\/#primaryimage\"},\"image\":{\"@id\":\"https:\/\/fundacion-biodiversidad.es\/en\/actualidad_home\/iucn-spanish-committee-appoints-new-board-of-directors\/#primaryimage\"},\"thumbnailUrl\":\"https:\/\/fundacion-biodiversidad.es\/wp-content\/uploads\/2014\/05\/uicn_1.jpg\",\"datePublished\":\"2014-03-24T15:22:21+00:00\",\"breadcrumb\":{\"@id\":\"https:\/\/fundacion-biodiversidad.es\/en\/actualidad_home\/iucn-spanish-committee-appoints-new-board-of-directors\/#breadcrumb\"},\"inLanguage\":\"en-US\",\"potentialAction\":[{\"@type\":\"ReadAction\",\"target\":[\"https:\/\/fundacion-biodiversidad.es\/en\/actualidad_home\/iucn-spanish-committee-appoints-new-board-of-directors\/\"]}]},{\"@type\":\"ImageObject\",\"inLanguage\":\"en-US\",\"@id\":\"https:\/\/fundacion-biodiversidad.es\/en\/actualidad_home\/iucn-spanish-committee-appoints-new-board-of-directors\/#primaryimage\",\"url\":\"https:\/\/fundacion-biodiversidad.es\/wp-content\/uploads\/2014\/05\/uicn_1.jpg\",\"contentUrl\":\"https:\/\/fundacion-biodiversidad.es\/wp-content\/uploads\/2014\/05\/uicn_1.jpg\",\"width\":220,\"height\":155},{\"@type\":\"BreadcrumbList\",\"@id\":\"https:\/\/fundacion-biodiversidad.es\/en\/actualidad_home\/iucn-spanish-committee-appoints-new-board-of-directors\/#breadcrumb\",\"itemListElement\":[{\"@type\":\"ListItem\",\"position\":1,\"name\":\"Portada\",\"item\":\"https:\/\/fundacion-biodiversidad.es\/en\/inicio\/\"},{\"@type\":\"ListItem\",\"position\":2,\"name\":\"Noticias de actualidad\",\"item\":\"https:\/\/fundacion-biodiversidad.es\/en\/actualidad_home\/\"},{\"@type\":\"ListItem\",\"position\":3,\"name\":\"IUCN Spanish Committee appoints new board of directors\"}]},{\"@type\":\"WebSite\",\"@id\":\"https:\/\/fundacion-biodiversidad.es\/en\/#website\",\"url\":\"https:\/\/fundacion-biodiversidad.es\/en\/\",\"name\":\"Fundaci\u00f3n Biodiversidad\",\"description\":\"Fundaci\u00f3n p\u00fablica adscrita al Ministerio para la Transici\u00f3n Ecol\u00f3gica\",\"potentialAction\":[{\"@type\":\"SearchAction\",\"target\":{\"@type\":\"EntryPoint\",\"urlTemplate\":\"https:\/\/fundacion-biodiversidad.es\/en\/?s={search_term_string}\"},\"query-input\":{\"@type\":\"PropertyValueSpecification\",\"valueRequired\":true,\"valueName\":\"search_term_string\"}}],\"inLanguage\":\"en-US\"}]}<\/script>\n<!-- \/ Yoast SEO plugin. -->","yoast_head_json":{"title":"IUCN Spanish Committee appoints new board of directors - Fundaci\u00f3n Biodiversidad","robots":{"index":"index","follow":"follow","max-snippet":"max-snippet:-1","max-image-preview":"max-image-preview:large","max-video-preview":"max-video-preview:-1"},"canonical":"https:\/\/fundacion-biodiversidad.es\/en\/actualidad_home\/iucn-spanish-committee-appoints-new-board-of-directors\/","og_locale":"en_US","og_type":"article","og_title":"IUCN Spanish Committee appoints new board of directors - Fundaci\u00f3n Biodiversidad","og_description":"The vice-presidency falls to Ana Leiva, director of the Biodiversity Foundation.","og_url":"https:\/\/fundacion-biodiversidad.es\/en\/actualidad_home\/iucn-spanish-committee-appoints-new-board-of-directors\/","og_site_name":"Fundaci\u00f3n Biodiversidad","og_image":[{"width":720,"height":405,"url":"https:\/\/fundacion-biodiversidad.es\/wp-content\/uploads\/2023\/01\/2487661294_35330241_720x405.png","type":"image\/png"}],"twitter_card":"summary_large_image","twitter_misc":{"Est. reading time":"2 minutes"},"schema":{"@context":"https:\/\/schema.org","@graph":[{"@type":"WebPage","@id":"https:\/\/fundacion-biodiversidad.es\/en\/actualidad_home\/iucn-spanish-committee-appoints-new-board-of-directors\/","url":"https:\/\/fundacion-biodiversidad.es\/en\/actualidad_home\/iucn-spanish-committee-appoints-new-board-of-directors\/","name":"IUCN Spanish Committee appoints new board of directors - Fundaci\u00f3n Biodiversidad","isPartOf":{"@id":"https:\/\/fundacion-biodiversidad.es\/en\/#website"},"primaryImageOfPage":{"@id":"https:\/\/fundacion-biodiversidad.es\/en\/actualidad_home\/iucn-spanish-committee-appoints-new-board-of-directors\/#primaryimage"},"image":{"@id":"https:\/\/fundacion-biodiversidad.es\/en\/actualidad_home\/iucn-spanish-committee-appoints-new-board-of-directors\/#primaryimage"},"thumbnailUrl":"https:\/\/fundacion-biodiversidad.es\/wp-content\/uploads\/2014\/05\/uicn_1.jpg","datePublished":"2014-03-24T15:22:21+00:00","breadcrumb":{"@id":"https:\/\/fundacion-biodiversidad.es\/en\/actualidad_home\/iucn-spanish-committee-appoints-new-board-of-directors\/#breadcrumb"},"inLanguage":"en-US","potentialAction":[{"@type":"ReadAction","target":["https:\/\/fundacion-biodiversidad.es\/en\/actualidad_home\/iucn-spanish-committee-appoints-new-board-of-directors\/"]}]},{"@type":"ImageObject","inLanguage":"en-US","@id":"https:\/\/fundacion-biodiversidad.es\/en\/actualidad_home\/iucn-spanish-committee-appoints-new-board-of-directors\/#primaryimage","url":"https:\/\/fundacion-biodiversidad.es\/wp-content\/uploads\/2014\/05\/uicn_1.jpg","contentUrl":"https:\/\/fundacion-biodiversidad.es\/wp-content\/uploads\/2014\/05\/uicn_1.jpg","width":220,"height":155},{"@type":"BreadcrumbList","@id":"https:\/\/fundacion-biodiversidad.es\/en\/actualidad_home\/iucn-spanish-committee-appoints-new-board-of-directors\/#breadcrumb","itemListElement":[{"@type":"ListItem","position":1,"name":"Portada","item":"https:\/\/fundacion-biodiversidad.es\/en\/inicio\/"},{"@type":"ListItem","position":2,"name":"Noticias de actualidad","item":"https:\/\/fundacion-biodiversidad.es\/en\/actualidad_home\/"},{"@type":"ListItem","position":3,"name":"IUCN Spanish Committee appoints new board of directors"}]},{"@type":"WebSite","@id":"https:\/\/fundacion-biodiversidad.es\/en\/#website","url":"https:\/\/fundacion-biodiversidad.es\/en\/","name":"Fundaci\u00f3n Biodiversidad","description":"Fundaci\u00f3n p\u00fablica adscrita al Ministerio para la Transici\u00f3n Ecol\u00f3gica","potentialAction":[{"@type":"SearchAction","target":{"@type":"EntryPoint","urlTemplate":"https:\/\/fundacion-biodiversidad.es\/en\/?s={search_term_string}"},"query-input":{"@type":"PropertyValueSpecification","valueRequired":true,"valueName":"search_term_string"}}],"inLanguage":"en-US"}]}},"_links":{"self":[{"href":"https:\/\/fundacion-biodiversidad.es\/en\/wp-json\/wp\/v2\/actualidad_home\/97857143","targetHints":{"allow":["GET"]}}],"collection":[{"href":"https:\/\/fundacion-biodiversidad.es\/en\/wp-json\/wp\/v2\/actualidad_home"}],"about":[{"href":"https:\/\/fundacion-biodiversidad.es\/en\/wp-json\/wp\/v2\/types\/actualidad_home"}],"author":[{"embeddable":true,"href":"https:\/\/fundacion-biodiversidad.es\/en\/wp-json\/wp\/v2\/users\/11"}],"wp:featuredmedia":[{"embeddable":true,"href":"https:\/\/fundacion-biodiversidad.es\/en\/wp-json\/wp\/v2\/media\/35289"}],"wp:attachment":[{"href":"https:\/\/fundacion-biodiversidad.es\/en\/wp-json\/wp\/v2\/media?parent=97857143"}],"wp:term":[{"taxonomy":"palabras_clave","embeddable":true,"href":"https:\/\/fundacion-biodiversidad.es\/en\/wp-json\/wp\/v2\/palabras_clave?post=97857143"}],"curies":[{"name":"wp","href":"https:\/\/api.w.org\/{rel}","templated":true}]}}