{"id":97857145,"date":"2014-03-24T16:22:21","date_gmt":"2014-03-24T15:22:21","guid":{"rendered":"https:\/\/fundacion-biodiversidad.es\/actualidad_home\/emisioncero-a-festival-of-documentaries-conferences-and-debates-for-sustainable-living-inaugurated-in-seville\/"},"modified":"2014-03-24T16:22:21","modified_gmt":"2014-03-24T15:22:21","slug":"emisioncero-a-festival-of-documentaries-conferences-and-debates-for-sustainable-living-inaugurated-in-seville","status":"publish","type":"actualidad_home","link":"https:\/\/fundacion-biodiversidad.es\/en\/actualidad_home\/emisioncero-a-festival-of-documentaries-conferences-and-debates-for-sustainable-living-inaugurated-in-seville\/","title":{"rendered":"Emisi\u00f3ncero, a festival of documentaries, conferences and debates for sustainable living, inaugurated in Seville"},"content":{"rendered":"<p>At the opening, which was attended by the mayor of Seville, Alfredo S\u00e1nchez Monteseir\u00edn, &#8220;Living Home&#8221; was also opened, a sample of domestic life products designed in an environmentally friendly way.<\/p>\n<p><!--more--><\/p>\n<p>On Friday, November 26, in Seville, the Casa de la Ciencia de Sevilla, of the Spanish National Research Council (CSIC), and the Biodiversity Foundation presented &#8220;Emisi\u00f3ncero&#8221;, a week of cinema and debates that, through the screening of documentaries, conferences and round tables, seeks solutions for a sustainable life.<\/p>\n<p>The presentation of the cycle was chaired by the mayor of Seville, Alfredo S\u00e1nchez Monteseir\u00edn, in the company of the institutional coordinator of the CSIC in Andalusia, Fernando Hiraldo; the director of &#8220;Emisi\u00f3ncero&#8221;, \u00c1ngel Cano; and the Director of Training, Awareness and Communication of the Biodiversity Foundation, Julia Vera.<\/p>\n<p>As part of the inauguration, an exhibition of products designed and manufactured following sustainable criteria has also been opened. The exhibition, which is called &#8220;Living Home&#8221;, aims to bring citizens closer to environmentally responsible domestic consumption alternatives. <\/p>\n<p>The Biodiversity Foundation collaborates in the organization of the cycle carried out by the Despierta Cultural Association, as it did in the previous edition, during June 2009, in four venues in Madrid.<\/p>\n<p>The House of Science is located in the Peru Pavilion, Avda. Mar\u00eda Luisa, s\/n, Seville. The complete programme of the cycle can be consulted on <strong><a target=\"_blank\" href=\"http:\/\/www.emisioncero.net\" rel=\"noopener\">www.emisioncero.net<\/a><\/strong>  <\/p>\n<p>\n&nbsp;<\/p>\n<p>&nbsp;<\/p>\n","protected":false},"author":11,"featured_media":0,"template":"","meta":{"_acf_changed":false},"palabras_clave":[],"class_list":["post-97857145","actualidad_home","type-actualidad_home","status-publish","hentry"],"acf":[],"yoast_head":"<!-- This site is optimized with the Yoast SEO plugin v26.9 - https:\/\/yoast.com\/product\/yoast-seo-wordpress\/ -->\n<title>Emisi\u00f3ncero, a festival of documentaries, conferences and debates for sustainable living, inaugurated in Seville - Fundaci\u00f3n Biodiversidad<\/title>\n<meta name=\"robots\" content=\"index, follow, max-snippet:-1, max-image-preview:large, max-video-preview:-1\" \/>\n<link rel=\"canonical\" href=\"https:\/\/fundacion-biodiversidad.es\/en\/actualidad_home\/emisioncero-a-festival-of-documentaries-conferences-and-debates-for-sustainable-living-inaugurated-in-seville\/\" \/>\n<meta property=\"og:locale\" content=\"en_US\" \/>\n<meta property=\"og:type\" content=\"article\" \/>\n<meta property=\"og:title\" content=\"Emisi\u00f3ncero, a festival of documentaries, conferences and debates for sustainable living, inaugurated in Seville - Fundaci\u00f3n Biodiversidad\" \/>\n<meta property=\"og:description\" content=\"At the opening, which was attended by the mayor of Seville, Alfredo S\u00e1nchez Monteseir\u00edn, &#8220;Living Home&#8221; was also opened, a sample of domestic life products [&hellip;]\" \/>\n<meta property=\"og:url\" content=\"https:\/\/fundacion-biodiversidad.es\/en\/actualidad_home\/emisioncero-a-festival-of-documentaries-conferences-and-debates-for-sustainable-living-inaugurated-in-seville\/\" \/>\n<meta property=\"og:site_name\" content=\"Fundaci\u00f3n Biodiversidad\" \/>\n<meta property=\"og:image\" content=\"https:\/\/fundacion-biodiversidad.es\/wp-content\/uploads\/2023\/01\/2487661294_35330241_720x405.png\" \/>\n\t<meta property=\"og:image:width\" content=\"720\" \/>\n\t<meta property=\"og:image:height\" content=\"405\" \/>\n\t<meta property=\"og:image:type\" content=\"image\/png\" \/>\n<meta name=\"twitter:card\" content=\"summary_large_image\" \/>\n<meta name=\"twitter:label1\" content=\"Est. reading time\" \/>\n\t<meta name=\"twitter:data1\" content=\"1 minute\" \/>\n<script type=\"application\/ld+json\" class=\"yoast-schema-graph\">{\"@context\":\"https:\/\/schema.org\",\"@graph\":[{\"@type\":\"WebPage\",\"@id\":\"https:\/\/fundacion-biodiversidad.es\/en\/actualidad_home\/emisioncero-a-festival-of-documentaries-conferences-and-debates-for-sustainable-living-inaugurated-in-seville\/\",\"url\":\"https:\/\/fundacion-biodiversidad.es\/en\/actualidad_home\/emisioncero-a-festival-of-documentaries-conferences-and-debates-for-sustainable-living-inaugurated-in-seville\/\",\"name\":\"Emisi\u00f3ncero, a festival of documentaries, conferences and debates for sustainable living, inaugurated in Seville - Fundaci\u00f3n Biodiversidad\",\"isPartOf\":{\"@id\":\"https:\/\/fundacion-biodiversidad.es\/en\/#website\"},\"datePublished\":\"2014-03-24T15:22:21+00:00\",\"breadcrumb\":{\"@id\":\"https:\/\/fundacion-biodiversidad.es\/en\/actualidad_home\/emisioncero-a-festival-of-documentaries-conferences-and-debates-for-sustainable-living-inaugurated-in-seville\/#breadcrumb\"},\"inLanguage\":\"en-US\",\"potentialAction\":[{\"@type\":\"ReadAction\",\"target\":[\"https:\/\/fundacion-biodiversidad.es\/en\/actualidad_home\/emisioncero-a-festival-of-documentaries-conferences-and-debates-for-sustainable-living-inaugurated-in-seville\/\"]}]},{\"@type\":\"BreadcrumbList\",\"@id\":\"https:\/\/fundacion-biodiversidad.es\/en\/actualidad_home\/emisioncero-a-festival-of-documentaries-conferences-and-debates-for-sustainable-living-inaugurated-in-seville\/#breadcrumb\",\"itemListElement\":[{\"@type\":\"ListItem\",\"position\":1,\"name\":\"Portada\",\"item\":\"https:\/\/fundacion-biodiversidad.es\/en\/inicio\/\"},{\"@type\":\"ListItem\",\"position\":2,\"name\":\"Noticias de actualidad\",\"item\":\"https:\/\/fundacion-biodiversidad.es\/en\/actualidad_home\/\"},{\"@type\":\"ListItem\",\"position\":3,\"name\":\"Emisi\u00f3ncero, a festival of documentaries, conferences and debates for sustainable living, inaugurated in Seville\"}]},{\"@type\":\"WebSite\",\"@id\":\"https:\/\/fundacion-biodiversidad.es\/en\/#website\",\"url\":\"https:\/\/fundacion-biodiversidad.es\/en\/\",\"name\":\"Fundaci\u00f3n Biodiversidad\",\"description\":\"Fundaci\u00f3n p\u00fablica adscrita al Ministerio para la Transici\u00f3n Ecol\u00f3gica\",\"potentialAction\":[{\"@type\":\"SearchAction\",\"target\":{\"@type\":\"EntryPoint\",\"urlTemplate\":\"https:\/\/fundacion-biodiversidad.es\/en\/?s={search_term_string}\"},\"query-input\":{\"@type\":\"PropertyValueSpecification\",\"valueRequired\":true,\"valueName\":\"search_term_string\"}}],\"inLanguage\":\"en-US\"}]}<\/script>\n<!-- \/ Yoast SEO plugin. -->","yoast_head_json":{"title":"Emisi\u00f3ncero, a festival of documentaries, conferences and debates for sustainable living, inaugurated in Seville - Fundaci\u00f3n Biodiversidad","robots":{"index":"index","follow":"follow","max-snippet":"max-snippet:-1","max-image-preview":"max-image-preview:large","max-video-preview":"max-video-preview:-1"},"canonical":"https:\/\/fundacion-biodiversidad.es\/en\/actualidad_home\/emisioncero-a-festival-of-documentaries-conferences-and-debates-for-sustainable-living-inaugurated-in-seville\/","og_locale":"en_US","og_type":"article","og_title":"Emisi\u00f3ncero, a festival of documentaries, conferences and debates for sustainable living, inaugurated in Seville - Fundaci\u00f3n Biodiversidad","og_description":"At the opening, which was attended by the mayor of Seville, Alfredo S\u00e1nchez Monteseir\u00edn, &#8220;Living Home&#8221; was also opened, a sample of domestic life products [&hellip;]","og_url":"https:\/\/fundacion-biodiversidad.es\/en\/actualidad_home\/emisioncero-a-festival-of-documentaries-conferences-and-debates-for-sustainable-living-inaugurated-in-seville\/","og_site_name":"Fundaci\u00f3n Biodiversidad","og_image":[{"width":720,"height":405,"url":"https:\/\/fundacion-biodiversidad.es\/wp-content\/uploads\/2023\/01\/2487661294_35330241_720x405.png","type":"image\/png"}],"twitter_card":"summary_large_image","twitter_misc":{"Est. reading time":"1 minute"},"schema":{"@context":"https:\/\/schema.org","@graph":[{"@type":"WebPage","@id":"https:\/\/fundacion-biodiversidad.es\/en\/actualidad_home\/emisioncero-a-festival-of-documentaries-conferences-and-debates-for-sustainable-living-inaugurated-in-seville\/","url":"https:\/\/fundacion-biodiversidad.es\/en\/actualidad_home\/emisioncero-a-festival-of-documentaries-conferences-and-debates-for-sustainable-living-inaugurated-in-seville\/","name":"Emisi\u00f3ncero, a festival of documentaries, conferences and debates for sustainable living, inaugurated in Seville - Fundaci\u00f3n Biodiversidad","isPartOf":{"@id":"https:\/\/fundacion-biodiversidad.es\/en\/#website"},"datePublished":"2014-03-24T15:22:21+00:00","breadcrumb":{"@id":"https:\/\/fundacion-biodiversidad.es\/en\/actualidad_home\/emisioncero-a-festival-of-documentaries-conferences-and-debates-for-sustainable-living-inaugurated-in-seville\/#breadcrumb"},"inLanguage":"en-US","potentialAction":[{"@type":"ReadAction","target":["https:\/\/fundacion-biodiversidad.es\/en\/actualidad_home\/emisioncero-a-festival-of-documentaries-conferences-and-debates-for-sustainable-living-inaugurated-in-seville\/"]}]},{"@type":"BreadcrumbList","@id":"https:\/\/fundacion-biodiversidad.es\/en\/actualidad_home\/emisioncero-a-festival-of-documentaries-conferences-and-debates-for-sustainable-living-inaugurated-in-seville\/#breadcrumb","itemListElement":[{"@type":"ListItem","position":1,"name":"Portada","item":"https:\/\/fundacion-biodiversidad.es\/en\/inicio\/"},{"@type":"ListItem","position":2,"name":"Noticias de actualidad","item":"https:\/\/fundacion-biodiversidad.es\/en\/actualidad_home\/"},{"@type":"ListItem","position":3,"name":"Emisi\u00f3ncero, a festival of documentaries, conferences and debates for sustainable living, inaugurated in Seville"}]},{"@type":"WebSite","@id":"https:\/\/fundacion-biodiversidad.es\/en\/#website","url":"https:\/\/fundacion-biodiversidad.es\/en\/","name":"Fundaci\u00f3n Biodiversidad","description":"Fundaci\u00f3n p\u00fablica adscrita al Ministerio para la Transici\u00f3n Ecol\u00f3gica","potentialAction":[{"@type":"SearchAction","target":{"@type":"EntryPoint","urlTemplate":"https:\/\/fundacion-biodiversidad.es\/en\/?s={search_term_string}"},"query-input":{"@type":"PropertyValueSpecification","valueRequired":true,"valueName":"search_term_string"}}],"inLanguage":"en-US"}]}},"_links":{"self":[{"href":"https:\/\/fundacion-biodiversidad.es\/en\/wp-json\/wp\/v2\/actualidad_home\/97857145","targetHints":{"allow":["GET"]}}],"collection":[{"href":"https:\/\/fundacion-biodiversidad.es\/en\/wp-json\/wp\/v2\/actualidad_home"}],"about":[{"href":"https:\/\/fundacion-biodiversidad.es\/en\/wp-json\/wp\/v2\/types\/actualidad_home"}],"author":[{"embeddable":true,"href":"https:\/\/fundacion-biodiversidad.es\/en\/wp-json\/wp\/v2\/users\/11"}],"wp:attachment":[{"href":"https:\/\/fundacion-biodiversidad.es\/en\/wp-json\/wp\/v2\/media?parent=97857145"}],"wp:term":[{"taxonomy":"palabras_clave","embeddable":true,"href":"https:\/\/fundacion-biodiversidad.es\/en\/wp-json\/wp\/v2\/palabras_clave?post=97857145"}],"curies":[{"name":"wp","href":"https:\/\/api.w.org\/{rel}","templated":true}]}}