{"id":97857146,"date":"2014-03-24T16:22:21","date_gmt":"2014-03-24T15:22:21","guid":{"rendered":"https:\/\/fundacion-biodiversidad.es\/actualidad_home\/a-day-of-reforestation-with-native-trees-and-certified-seeds-has-been-carried-out-simultaneously-throughout-the-national-territory\/"},"modified":"2014-03-24T16:22:21","modified_gmt":"2014-03-24T15:22:21","slug":"a-day-of-reforestation-with-native-trees-and-certified-seeds-has-been-carried-out-simultaneously-throughout-the-national-territory","status":"publish","type":"actualidad_home","link":"https:\/\/fundacion-biodiversidad.es\/en\/actualidad_home\/a-day-of-reforestation-with-native-trees-and-certified-seeds-has-been-carried-out-simultaneously-throughout-the-national-territory\/","title":{"rendered":"A day of reforestation with native trees and certified seeds has been carried out simultaneously throughout the national territory"},"content":{"rendered":"<p>The conference is part of the actions that the Biodiversity Foundation carries out in<br \/> forestry matters.<\/p>\n<p><!--more--><\/p>\n<p>The director of the Biodiversity Foundation, Ana Leiva, attended on Sunday, November 21, the Toyota Reforestation Day 2010, in Alcal\u00e1 de Henares.<\/p>\n<p>This conference, which has taken place simultaneously throughout the Spanish territory, has proposed, for example,<br \/> For the third year in a row, a family autumn, an exceptional opportunity to strengthen the bond between citizens and their natural environment. The project was born from the conviction that each individual action has an impact on the environment. <\/p>\n<p>For this occasion, certified native Quercus seeds have been used, adapted to their corresponding climatic range. In this sense, oak (Quercus robur) has been planted in the Cantabrian strip, holm oak (Quercus ilex) on the plateau and cork oak (Quercus suber) in the south. <\/p>\n<p>In the 2009 edition, which had the participation of more than 10,000 volunteers, it was possible to plant 160,000 acorns of the genus Quercus and more than 10,000 seedlings in 61 plots of land distributed throughout Spain.<\/p>\n<p>Educating and raising awareness about the value of natural heritage, as well as contributing to the regeneration of the original forests of each region are the objectives of this initiative, which has the collaboration and support of various NGOs dedicated to the protection of natural resources, including the F\u00e9lix Rodr\u00edguez de la Fuente Foundation.<\/p>\n<p>The Biodiversity Foundation participates, therefore, in the dissemination of this symbolic gesture of commitment to the conservation of forest ecosystems. This is an action framed in the actions that the Biodiversity Foundation carries out in forestry matters. The support, for this particular cause of Toyota Reforestation Day, has been reflected in the management and location of trees and land, as well as in the selection of seeds, according to the characteristics of each land.  <\/p>\n<p>In this way, in addition to carrying out awareness-raising work, it is intended to consolidate and recover the potential of the soil, biodiversity and native ecosystems, and the landscape. Likewise, the capture of CO2 is promoted, to contribute to the fight against climate change. <\/p>\n","protected":false},"author":11,"featured_media":0,"template":"","meta":{"_acf_changed":false},"palabras_clave":[],"class_list":["post-97857146","actualidad_home","type-actualidad_home","status-publish","hentry"],"acf":[],"yoast_head":"<!-- This site is optimized with the Yoast SEO plugin v26.9 - https:\/\/yoast.com\/product\/yoast-seo-wordpress\/ -->\n<title>A day of reforestation with native trees and certified seeds has been carried out simultaneously throughout the national territory - Fundaci\u00f3n Biodiversidad<\/title>\n<meta name=\"robots\" content=\"index, follow, max-snippet:-1, max-image-preview:large, max-video-preview:-1\" \/>\n<link rel=\"canonical\" href=\"https:\/\/fundacion-biodiversidad.es\/en\/actualidad_home\/a-day-of-reforestation-with-native-trees-and-certified-seeds-has-been-carried-out-simultaneously-throughout-the-national-territory\/\" \/>\n<meta property=\"og:locale\" content=\"en_US\" \/>\n<meta property=\"og:type\" content=\"article\" \/>\n<meta property=\"og:title\" content=\"A day of reforestation with native trees and certified seeds has been carried out simultaneously throughout the national territory - Fundaci\u00f3n Biodiversidad\" \/>\n<meta property=\"og:description\" content=\"The conference is part of the actions that the Biodiversity Foundation carries out in forestry matters.\" \/>\n<meta property=\"og:url\" content=\"https:\/\/fundacion-biodiversidad.es\/en\/actualidad_home\/a-day-of-reforestation-with-native-trees-and-certified-seeds-has-been-carried-out-simultaneously-throughout-the-national-territory\/\" \/>\n<meta property=\"og:site_name\" content=\"Fundaci\u00f3n Biodiversidad\" \/>\n<meta property=\"og:image\" content=\"https:\/\/fundacion-biodiversidad.es\/wp-content\/uploads\/2023\/01\/2487661294_35330241_720x405.png\" \/>\n\t<meta property=\"og:image:width\" content=\"720\" \/>\n\t<meta property=\"og:image:height\" content=\"405\" \/>\n\t<meta property=\"og:image:type\" content=\"image\/png\" \/>\n<meta name=\"twitter:card\" content=\"summary_large_image\" \/>\n<meta name=\"twitter:label1\" content=\"Est. reading time\" \/>\n\t<meta name=\"twitter:data1\" content=\"2 minutes\" \/>\n<script type=\"application\/ld+json\" class=\"yoast-schema-graph\">{\"@context\":\"https:\/\/schema.org\",\"@graph\":[{\"@type\":\"WebPage\",\"@id\":\"https:\/\/fundacion-biodiversidad.es\/en\/actualidad_home\/a-day-of-reforestation-with-native-trees-and-certified-seeds-has-been-carried-out-simultaneously-throughout-the-national-territory\/\",\"url\":\"https:\/\/fundacion-biodiversidad.es\/en\/actualidad_home\/a-day-of-reforestation-with-native-trees-and-certified-seeds-has-been-carried-out-simultaneously-throughout-the-national-territory\/\",\"name\":\"A day of reforestation with native trees and certified seeds has been carried out simultaneously throughout the national territory - Fundaci\u00f3n Biodiversidad\",\"isPartOf\":{\"@id\":\"https:\/\/fundacion-biodiversidad.es\/en\/#website\"},\"datePublished\":\"2014-03-24T15:22:21+00:00\",\"breadcrumb\":{\"@id\":\"https:\/\/fundacion-biodiversidad.es\/en\/actualidad_home\/a-day-of-reforestation-with-native-trees-and-certified-seeds-has-been-carried-out-simultaneously-throughout-the-national-territory\/#breadcrumb\"},\"inLanguage\":\"en-US\",\"potentialAction\":[{\"@type\":\"ReadAction\",\"target\":[\"https:\/\/fundacion-biodiversidad.es\/en\/actualidad_home\/a-day-of-reforestation-with-native-trees-and-certified-seeds-has-been-carried-out-simultaneously-throughout-the-national-territory\/\"]}]},{\"@type\":\"BreadcrumbList\",\"@id\":\"https:\/\/fundacion-biodiversidad.es\/en\/actualidad_home\/a-day-of-reforestation-with-native-trees-and-certified-seeds-has-been-carried-out-simultaneously-throughout-the-national-territory\/#breadcrumb\",\"itemListElement\":[{\"@type\":\"ListItem\",\"position\":1,\"name\":\"Portada\",\"item\":\"https:\/\/fundacion-biodiversidad.es\/en\/inicio\/\"},{\"@type\":\"ListItem\",\"position\":2,\"name\":\"Noticias de actualidad\",\"item\":\"https:\/\/fundacion-biodiversidad.es\/en\/actualidad_home\/\"},{\"@type\":\"ListItem\",\"position\":3,\"name\":\"A day of reforestation with native trees and certified seeds has been carried out simultaneously throughout the national territory\"}]},{\"@type\":\"WebSite\",\"@id\":\"https:\/\/fundacion-biodiversidad.es\/en\/#website\",\"url\":\"https:\/\/fundacion-biodiversidad.es\/en\/\",\"name\":\"Fundaci\u00f3n Biodiversidad\",\"description\":\"Fundaci\u00f3n p\u00fablica adscrita al Ministerio para la Transici\u00f3n Ecol\u00f3gica\",\"potentialAction\":[{\"@type\":\"SearchAction\",\"target\":{\"@type\":\"EntryPoint\",\"urlTemplate\":\"https:\/\/fundacion-biodiversidad.es\/en\/?s={search_term_string}\"},\"query-input\":{\"@type\":\"PropertyValueSpecification\",\"valueRequired\":true,\"valueName\":\"search_term_string\"}}],\"inLanguage\":\"en-US\"}]}<\/script>\n<!-- \/ Yoast SEO plugin. -->","yoast_head_json":{"title":"A day of reforestation with native trees and certified seeds has been carried out simultaneously throughout the national territory - Fundaci\u00f3n Biodiversidad","robots":{"index":"index","follow":"follow","max-snippet":"max-snippet:-1","max-image-preview":"max-image-preview:large","max-video-preview":"max-video-preview:-1"},"canonical":"https:\/\/fundacion-biodiversidad.es\/en\/actualidad_home\/a-day-of-reforestation-with-native-trees-and-certified-seeds-has-been-carried-out-simultaneously-throughout-the-national-territory\/","og_locale":"en_US","og_type":"article","og_title":"A day of reforestation with native trees and certified seeds has been carried out simultaneously throughout the national territory - Fundaci\u00f3n Biodiversidad","og_description":"The conference is part of the actions that the Biodiversity Foundation carries out in forestry matters.","og_url":"https:\/\/fundacion-biodiversidad.es\/en\/actualidad_home\/a-day-of-reforestation-with-native-trees-and-certified-seeds-has-been-carried-out-simultaneously-throughout-the-national-territory\/","og_site_name":"Fundaci\u00f3n Biodiversidad","og_image":[{"width":720,"height":405,"url":"https:\/\/fundacion-biodiversidad.es\/wp-content\/uploads\/2023\/01\/2487661294_35330241_720x405.png","type":"image\/png"}],"twitter_card":"summary_large_image","twitter_misc":{"Est. reading time":"2 minutes"},"schema":{"@context":"https:\/\/schema.org","@graph":[{"@type":"WebPage","@id":"https:\/\/fundacion-biodiversidad.es\/en\/actualidad_home\/a-day-of-reforestation-with-native-trees-and-certified-seeds-has-been-carried-out-simultaneously-throughout-the-national-territory\/","url":"https:\/\/fundacion-biodiversidad.es\/en\/actualidad_home\/a-day-of-reforestation-with-native-trees-and-certified-seeds-has-been-carried-out-simultaneously-throughout-the-national-territory\/","name":"A day of reforestation with native trees and certified seeds has been carried out simultaneously throughout the national territory - Fundaci\u00f3n Biodiversidad","isPartOf":{"@id":"https:\/\/fundacion-biodiversidad.es\/en\/#website"},"datePublished":"2014-03-24T15:22:21+00:00","breadcrumb":{"@id":"https:\/\/fundacion-biodiversidad.es\/en\/actualidad_home\/a-day-of-reforestation-with-native-trees-and-certified-seeds-has-been-carried-out-simultaneously-throughout-the-national-territory\/#breadcrumb"},"inLanguage":"en-US","potentialAction":[{"@type":"ReadAction","target":["https:\/\/fundacion-biodiversidad.es\/en\/actualidad_home\/a-day-of-reforestation-with-native-trees-and-certified-seeds-has-been-carried-out-simultaneously-throughout-the-national-territory\/"]}]},{"@type":"BreadcrumbList","@id":"https:\/\/fundacion-biodiversidad.es\/en\/actualidad_home\/a-day-of-reforestation-with-native-trees-and-certified-seeds-has-been-carried-out-simultaneously-throughout-the-national-territory\/#breadcrumb","itemListElement":[{"@type":"ListItem","position":1,"name":"Portada","item":"https:\/\/fundacion-biodiversidad.es\/en\/inicio\/"},{"@type":"ListItem","position":2,"name":"Noticias de actualidad","item":"https:\/\/fundacion-biodiversidad.es\/en\/actualidad_home\/"},{"@type":"ListItem","position":3,"name":"A day of reforestation with native trees and certified seeds has been carried out simultaneously throughout the national territory"}]},{"@type":"WebSite","@id":"https:\/\/fundacion-biodiversidad.es\/en\/#website","url":"https:\/\/fundacion-biodiversidad.es\/en\/","name":"Fundaci\u00f3n Biodiversidad","description":"Fundaci\u00f3n p\u00fablica adscrita al Ministerio para la Transici\u00f3n Ecol\u00f3gica","potentialAction":[{"@type":"SearchAction","target":{"@type":"EntryPoint","urlTemplate":"https:\/\/fundacion-biodiversidad.es\/en\/?s={search_term_string}"},"query-input":{"@type":"PropertyValueSpecification","valueRequired":true,"valueName":"search_term_string"}}],"inLanguage":"en-US"}]}},"_links":{"self":[{"href":"https:\/\/fundacion-biodiversidad.es\/en\/wp-json\/wp\/v2\/actualidad_home\/97857146","targetHints":{"allow":["GET"]}}],"collection":[{"href":"https:\/\/fundacion-biodiversidad.es\/en\/wp-json\/wp\/v2\/actualidad_home"}],"about":[{"href":"https:\/\/fundacion-biodiversidad.es\/en\/wp-json\/wp\/v2\/types\/actualidad_home"}],"author":[{"embeddable":true,"href":"https:\/\/fundacion-biodiversidad.es\/en\/wp-json\/wp\/v2\/users\/11"}],"wp:attachment":[{"href":"https:\/\/fundacion-biodiversidad.es\/en\/wp-json\/wp\/v2\/media?parent=97857146"}],"wp:term":[{"taxonomy":"palabras_clave","embeddable":true,"href":"https:\/\/fundacion-biodiversidad.es\/en\/wp-json\/wp\/v2\/palabras_clave?post=97857146"}],"curies":[{"name":"wp","href":"https:\/\/api.w.org\/{rel}","templated":true}]}}