{"id":97857147,"date":"2014-03-24T16:22:21","date_gmt":"2014-03-24T15:22:21","guid":{"rendered":"https:\/\/fundacion-biodiversidad.es\/actualidad_home\/a-book-on-the-biodiversity-of-the-somiedo-natural-park-is-published\/"},"modified":"2014-03-24T16:22:21","modified_gmt":"2014-03-24T15:22:21","slug":"a-book-on-the-biodiversity-of-the-somiedo-natural-park-is-published","status":"publish","type":"actualidad_home","link":"https:\/\/fundacion-biodiversidad.es\/en\/actualidad_home\/a-book-on-the-biodiversity-of-the-somiedo-natural-park-is-published\/","title":{"rendered":"A book on the biodiversity of the Somiedo Natural Park is published"},"content":{"rendered":"<p>It has been published by the Somiedo City Council in collaboration with the Biodiversity Foundation, within the framework of a project on the study of fungal diversity in the Somiedo Natural Park and Biosphere Reserve.<\/p>\n<p><!--more--><\/p>\n<p>It has been published by the Somiedo City Council in collaboration with the Biodiversity Foundation, within the framework of a project on the study of fungal diversity in the Somiedo Natural Park and Biosphere Reserve.<\/p>\n<p>The director of the Biodiversity Foundation of the Ministry of the Environment, Rural and Marine Affairs, Ana Leiva, attended on Tuesday, December 14, the presentation of the publication &#8216;Fungal Biodiversity of the Somiedo Natural Park&#8217;, which took place in the Assembly Hall of the Reception and Interpretation Center of the Somiedo Natural Park.  located in Pola de Somiedo, Asturias.<\/p>\n<p>In addition to the authors of the book, Enrique Rubio, Manuel Miranda, Jes\u00fas Linde and Juan Antonio S\u00e1nchez, the mayor of the City of Somiedo, Berlamino Fern\u00e1ndez Fervienza, together with \u00c1ngel Moraleda, from the HC Energ\u00eda Foundation, and Jos\u00e9 F\u00e9lix Garc\u00eda Gaona, general director of Biodiversity and Landscape of the Principality of Asturias, also took part in the presentation ceremony.<\/p>\n<p>The product of 13 years of meticulous and professional work carried out by its researchers, this dissemination work makes available to all its readers an extensive mycological sample of the Somiedo Natural Park, which includes 17 varieties present in the Iberian provisional list of threatened fungal species.<\/p>\n<p>Written with scientific rigour, the texts are accompanied by striking photographs of the species studied and offer a first and extensive fungal catalogue of an area as representative of Asturian biodiversity as the Somiedo Natural Park. In total, the authors have catalogued 1,380 different species of fungi in this book, which makes Somiedo the most studied Spanish protected natural area from a fungal point of view. <\/p>\n","protected":false},"author":11,"featured_media":35287,"template":"","meta":{"_acf_changed":false},"palabras_clave":[],"class_list":["post-97857147","actualidad_home","type-actualidad_home","status-publish","has-post-thumbnail","hentry"],"acf":[],"yoast_head":"<!-- This site is optimized with the Yoast SEO plugin v26.9 - https:\/\/yoast.com\/product\/yoast-seo-wordpress\/ -->\n<title>A book on the biodiversity of the Somiedo Natural Park is published - Fundaci\u00f3n Biodiversidad<\/title>\n<meta name=\"robots\" content=\"index, follow, max-snippet:-1, max-image-preview:large, max-video-preview:-1\" \/>\n<link rel=\"canonical\" href=\"https:\/\/fundacion-biodiversidad.es\/en\/actualidad_home\/a-book-on-the-biodiversity-of-the-somiedo-natural-park-is-published\/\" \/>\n<meta property=\"og:locale\" content=\"en_US\" \/>\n<meta property=\"og:type\" content=\"article\" \/>\n<meta property=\"og:title\" content=\"A book on the biodiversity of the Somiedo Natural Park is published - Fundaci\u00f3n Biodiversidad\" \/>\n<meta property=\"og:description\" content=\"It has been published by the Somiedo City Council in collaboration with the Biodiversity Foundation, within the framework of a project on the study of [&hellip;]\" \/>\n<meta property=\"og:url\" content=\"https:\/\/fundacion-biodiversidad.es\/en\/actualidad_home\/a-book-on-the-biodiversity-of-the-somiedo-natural-park-is-published\/\" \/>\n<meta property=\"og:site_name\" content=\"Fundaci\u00f3n Biodiversidad\" \/>\n<meta property=\"og:image\" content=\"https:\/\/fundacion-biodiversidad.es\/wp-content\/uploads\/2023\/01\/2487661294_35330241_720x405.png\" \/>\n\t<meta property=\"og:image:width\" content=\"720\" \/>\n\t<meta property=\"og:image:height\" content=\"405\" \/>\n\t<meta property=\"og:image:type\" content=\"image\/png\" \/>\n<meta name=\"twitter:card\" content=\"summary_large_image\" \/>\n<meta name=\"twitter:label1\" content=\"Est. reading time\" \/>\n\t<meta name=\"twitter:data1\" content=\"2 minutes\" \/>\n<script type=\"application\/ld+json\" class=\"yoast-schema-graph\">{\"@context\":\"https:\/\/schema.org\",\"@graph\":[{\"@type\":\"WebPage\",\"@id\":\"https:\/\/fundacion-biodiversidad.es\/en\/actualidad_home\/a-book-on-the-biodiversity-of-the-somiedo-natural-park-is-published\/\",\"url\":\"https:\/\/fundacion-biodiversidad.es\/en\/actualidad_home\/a-book-on-the-biodiversity-of-the-somiedo-natural-park-is-published\/\",\"name\":\"A book on the biodiversity of the Somiedo Natural Park is published - Fundaci\u00f3n Biodiversidad\",\"isPartOf\":{\"@id\":\"https:\/\/fundacion-biodiversidad.es\/en\/#website\"},\"primaryImageOfPage\":{\"@id\":\"https:\/\/fundacion-biodiversidad.es\/en\/actualidad_home\/a-book-on-the-biodiversity-of-the-somiedo-natural-park-is-published\/#primaryimage\"},\"image\":{\"@id\":\"https:\/\/fundacion-biodiversidad.es\/en\/actualidad_home\/a-book-on-the-biodiversity-of-the-somiedo-natural-park-is-published\/#primaryimage\"},\"thumbnailUrl\":\"https:\/\/fundacion-biodiversidad.es\/wp-content\/uploads\/2014\/05\/somiedo_0.jpg\",\"datePublished\":\"2014-03-24T15:22:21+00:00\",\"breadcrumb\":{\"@id\":\"https:\/\/fundacion-biodiversidad.es\/en\/actualidad_home\/a-book-on-the-biodiversity-of-the-somiedo-natural-park-is-published\/#breadcrumb\"},\"inLanguage\":\"en-US\",\"potentialAction\":[{\"@type\":\"ReadAction\",\"target\":[\"https:\/\/fundacion-biodiversidad.es\/en\/actualidad_home\/a-book-on-the-biodiversity-of-the-somiedo-natural-park-is-published\/\"]}]},{\"@type\":\"ImageObject\",\"inLanguage\":\"en-US\",\"@id\":\"https:\/\/fundacion-biodiversidad.es\/en\/actualidad_home\/a-book-on-the-biodiversity-of-the-somiedo-natural-park-is-published\/#primaryimage\",\"url\":\"https:\/\/fundacion-biodiversidad.es\/wp-content\/uploads\/2014\/05\/somiedo_0.jpg\",\"contentUrl\":\"https:\/\/fundacion-biodiversidad.es\/wp-content\/uploads\/2014\/05\/somiedo_0.jpg\",\"width\":220,\"height\":155},{\"@type\":\"BreadcrumbList\",\"@id\":\"https:\/\/fundacion-biodiversidad.es\/en\/actualidad_home\/a-book-on-the-biodiversity-of-the-somiedo-natural-park-is-published\/#breadcrumb\",\"itemListElement\":[{\"@type\":\"ListItem\",\"position\":1,\"name\":\"Portada\",\"item\":\"https:\/\/fundacion-biodiversidad.es\/en\/inicio\/\"},{\"@type\":\"ListItem\",\"position\":2,\"name\":\"Noticias de actualidad\",\"item\":\"https:\/\/fundacion-biodiversidad.es\/en\/actualidad_home\/\"},{\"@type\":\"ListItem\",\"position\":3,\"name\":\"A book on the biodiversity of the Somiedo Natural Park is published\"}]},{\"@type\":\"WebSite\",\"@id\":\"https:\/\/fundacion-biodiversidad.es\/en\/#website\",\"url\":\"https:\/\/fundacion-biodiversidad.es\/en\/\",\"name\":\"Fundaci\u00f3n Biodiversidad\",\"description\":\"Fundaci\u00f3n p\u00fablica adscrita al Ministerio para la Transici\u00f3n Ecol\u00f3gica\",\"potentialAction\":[{\"@type\":\"SearchAction\",\"target\":{\"@type\":\"EntryPoint\",\"urlTemplate\":\"https:\/\/fundacion-biodiversidad.es\/en\/?s={search_term_string}\"},\"query-input\":{\"@type\":\"PropertyValueSpecification\",\"valueRequired\":true,\"valueName\":\"search_term_string\"}}],\"inLanguage\":\"en-US\"}]}<\/script>\n<!-- \/ Yoast SEO plugin. -->","yoast_head_json":{"title":"A book on the biodiversity of the Somiedo Natural Park is published - Fundaci\u00f3n Biodiversidad","robots":{"index":"index","follow":"follow","max-snippet":"max-snippet:-1","max-image-preview":"max-image-preview:large","max-video-preview":"max-video-preview:-1"},"canonical":"https:\/\/fundacion-biodiversidad.es\/en\/actualidad_home\/a-book-on-the-biodiversity-of-the-somiedo-natural-park-is-published\/","og_locale":"en_US","og_type":"article","og_title":"A book on the biodiversity of the Somiedo Natural Park is published - Fundaci\u00f3n Biodiversidad","og_description":"It has been published by the Somiedo City Council in collaboration with the Biodiversity Foundation, within the framework of a project on the study of [&hellip;]","og_url":"https:\/\/fundacion-biodiversidad.es\/en\/actualidad_home\/a-book-on-the-biodiversity-of-the-somiedo-natural-park-is-published\/","og_site_name":"Fundaci\u00f3n Biodiversidad","og_image":[{"width":720,"height":405,"url":"https:\/\/fundacion-biodiversidad.es\/wp-content\/uploads\/2023\/01\/2487661294_35330241_720x405.png","type":"image\/png"}],"twitter_card":"summary_large_image","twitter_misc":{"Est. reading time":"2 minutes"},"schema":{"@context":"https:\/\/schema.org","@graph":[{"@type":"WebPage","@id":"https:\/\/fundacion-biodiversidad.es\/en\/actualidad_home\/a-book-on-the-biodiversity-of-the-somiedo-natural-park-is-published\/","url":"https:\/\/fundacion-biodiversidad.es\/en\/actualidad_home\/a-book-on-the-biodiversity-of-the-somiedo-natural-park-is-published\/","name":"A book on the biodiversity of the Somiedo Natural Park is published - Fundaci\u00f3n Biodiversidad","isPartOf":{"@id":"https:\/\/fundacion-biodiversidad.es\/en\/#website"},"primaryImageOfPage":{"@id":"https:\/\/fundacion-biodiversidad.es\/en\/actualidad_home\/a-book-on-the-biodiversity-of-the-somiedo-natural-park-is-published\/#primaryimage"},"image":{"@id":"https:\/\/fundacion-biodiversidad.es\/en\/actualidad_home\/a-book-on-the-biodiversity-of-the-somiedo-natural-park-is-published\/#primaryimage"},"thumbnailUrl":"https:\/\/fundacion-biodiversidad.es\/wp-content\/uploads\/2014\/05\/somiedo_0.jpg","datePublished":"2014-03-24T15:22:21+00:00","breadcrumb":{"@id":"https:\/\/fundacion-biodiversidad.es\/en\/actualidad_home\/a-book-on-the-biodiversity-of-the-somiedo-natural-park-is-published\/#breadcrumb"},"inLanguage":"en-US","potentialAction":[{"@type":"ReadAction","target":["https:\/\/fundacion-biodiversidad.es\/en\/actualidad_home\/a-book-on-the-biodiversity-of-the-somiedo-natural-park-is-published\/"]}]},{"@type":"ImageObject","inLanguage":"en-US","@id":"https:\/\/fundacion-biodiversidad.es\/en\/actualidad_home\/a-book-on-the-biodiversity-of-the-somiedo-natural-park-is-published\/#primaryimage","url":"https:\/\/fundacion-biodiversidad.es\/wp-content\/uploads\/2014\/05\/somiedo_0.jpg","contentUrl":"https:\/\/fundacion-biodiversidad.es\/wp-content\/uploads\/2014\/05\/somiedo_0.jpg","width":220,"height":155},{"@type":"BreadcrumbList","@id":"https:\/\/fundacion-biodiversidad.es\/en\/actualidad_home\/a-book-on-the-biodiversity-of-the-somiedo-natural-park-is-published\/#breadcrumb","itemListElement":[{"@type":"ListItem","position":1,"name":"Portada","item":"https:\/\/fundacion-biodiversidad.es\/en\/inicio\/"},{"@type":"ListItem","position":2,"name":"Noticias de actualidad","item":"https:\/\/fundacion-biodiversidad.es\/en\/actualidad_home\/"},{"@type":"ListItem","position":3,"name":"A book on the biodiversity of the Somiedo Natural Park is published"}]},{"@type":"WebSite","@id":"https:\/\/fundacion-biodiversidad.es\/en\/#website","url":"https:\/\/fundacion-biodiversidad.es\/en\/","name":"Fundaci\u00f3n Biodiversidad","description":"Fundaci\u00f3n p\u00fablica adscrita al Ministerio para la Transici\u00f3n Ecol\u00f3gica","potentialAction":[{"@type":"SearchAction","target":{"@type":"EntryPoint","urlTemplate":"https:\/\/fundacion-biodiversidad.es\/en\/?s={search_term_string}"},"query-input":{"@type":"PropertyValueSpecification","valueRequired":true,"valueName":"search_term_string"}}],"inLanguage":"en-US"}]}},"_links":{"self":[{"href":"https:\/\/fundacion-biodiversidad.es\/en\/wp-json\/wp\/v2\/actualidad_home\/97857147","targetHints":{"allow":["GET"]}}],"collection":[{"href":"https:\/\/fundacion-biodiversidad.es\/en\/wp-json\/wp\/v2\/actualidad_home"}],"about":[{"href":"https:\/\/fundacion-biodiversidad.es\/en\/wp-json\/wp\/v2\/types\/actualidad_home"}],"author":[{"embeddable":true,"href":"https:\/\/fundacion-biodiversidad.es\/en\/wp-json\/wp\/v2\/users\/11"}],"wp:featuredmedia":[{"embeddable":true,"href":"https:\/\/fundacion-biodiversidad.es\/en\/wp-json\/wp\/v2\/media\/35287"}],"wp:attachment":[{"href":"https:\/\/fundacion-biodiversidad.es\/en\/wp-json\/wp\/v2\/media?parent=97857147"}],"wp:term":[{"taxonomy":"palabras_clave","embeddable":true,"href":"https:\/\/fundacion-biodiversidad.es\/en\/wp-json\/wp\/v2\/palabras_clave?post=97857147"}],"curies":[{"name":"wp","href":"https:\/\/api.w.org\/{rel}","templated":true}]}}