{"id":97857150,"date":"2014-03-24T16:22:21","date_gmt":"2014-03-24T15:22:21","guid":{"rendered":"https:\/\/fundacion-biodiversidad.es\/actualidad_home\/the-biodiversity-foundation-intervenes-in-the-debate-where-are-the-deposits-of-green-employment\/"},"modified":"2014-03-24T16:22:21","modified_gmt":"2014-03-24T15:22:21","slug":"the-biodiversity-foundation-intervenes-in-the-debate-where-are-the-deposits-of-green-employment","status":"publish","type":"actualidad_home","link":"https:\/\/fundacion-biodiversidad.es\/en\/actualidad_home\/the-biodiversity-foundation-intervenes-in-the-debate-where-are-the-deposits-of-green-employment\/","title":{"rendered":"The Biodiversity Foundation intervenes in the debate Where are the deposits of &#8216;green employment&#8217;?"},"content":{"rendered":"<p>It has been within the framework of the 10th. edition of the National Congress of the Environment. <\/p>\n<p><!--more--><\/p>\n<p>It has been within the framework of the 10th. edition of the National Congress of the Environment. <\/p>\n<p>The director of the Biodiversity Foundation, Ana Leiva, participated, on Monday, November 22, in the Round Table &#8220;Where are the sites of &#8216;green employment&#8217;? The challenge of sustainability: job creation&#8221;, on the first day of the X National Congress of the Environment (CONAMA), which takes place at the Municipal Conference Center (Campo de las Naciones, Madrid), until next Friday 26.<\/p>\n<p>In the last decade, jobs related to the environment in Spain have increased by 235 percent. This figure refers to those typically environmental jobs that already existed until now. It is expected, however, that in the coming years new types of jobs will be created linked to what are now called &#8216;green jobs&#8217;, in sectors such as integrated rehabilitation, sustainable tourism, or technologies that facilitate mitigation and adaptation to climate change.  <\/p>\n<p>The Round Table also included contributions from Carlos Gonz\u00e1lez L\u00f3pez, director of the Local Agenda 21 Assistance Programme and Ferr\u00e1n Vallespin\u00f3s Riera, coordinator of the Environment Area, both from Barcelona Provincial Council; Luis Jim\u00e9nez Herrero, executive director of the Observatory of Sustainability in Spain (OSE); Isabel Navarro, Secretary of Climate Change and Environment of UGT; Llorenc Serrano Gim\u00e9nez, Confederal Secretary of the Environment of CC.OO., representatives of organizations that carry out initiatives for the creation and employment and reconversion of economic activities towards sustainability, as well as representatives of the energy saving and efficiency sector and renewable energies, moderated by Sonia Casta\u00f1eda, Director of the Empleaverde Program of the Biodiversity Foundation.<\/p>\n<p>Stakeholders have spoken, with current data based on their own experiences on the ground, about the potential of green jobs. For their part, Luis Jim\u00e9nez Herrero and Ana Leiva, have referred to the economic and social aspects addressed in the Report &#8220;Green Employment in a Sustainable Economy&#8221;, a joint publication of the FB and the SBI with the Secretary of State for Climate Change of the MARM. <\/p>\n<p>The Director of the Biodiversity Foundation has maintained the importance of having a better knowledge of the approaches to job creation linked to environmental activities, and of updating the new opportunities that emerge to face the challenges of global change.<\/p>\n<p>Leiva said that, based on this knowledge, emphasis must be placed on &#8220;emerging sectors, driven by the implementation of environmental policies and sustainability strategies, such as sustainable rehabilitation-building or activities related to mitigation and adaptation to climate change&#8221;. And he added: &#8220;The results of the Report are optimistic, the evolution of employment in the environmental sector in the last ten years has exceeded 200 percent, in 2009 it represented 2.62 percent of the employed population and the new sources of green employment can be the protagonists of the development of the sustainable economy&#8221;. <\/p>\n<p>The Biodiversity Foundation has also been present at the &#8220;Entrepreneurship to conserve&#8221; Roundtable, on the challenges of sustainable rural development, so important in the current economic situation and as a brake on the rural exodus and the consequent loss of biodiversity that the phenomenon of depopulation entails.<\/p>\n","protected":false},"author":11,"featured_media":35291,"template":"","meta":{"_acf_changed":false},"palabras_clave":[],"class_list":["post-97857150","actualidad_home","type-actualidad_home","status-publish","has-post-thumbnail","hentry"],"acf":[],"yoast_head":"<!-- This site is optimized with the Yoast SEO plugin v26.9 - https:\/\/yoast.com\/product\/yoast-seo-wordpress\/ -->\n<title>The Biodiversity Foundation intervenes in the debate Where are the deposits of &#039;green employment&#039;? - Fundaci\u00f3n Biodiversidad<\/title>\n<meta name=\"robots\" content=\"index, follow, max-snippet:-1, max-image-preview:large, max-video-preview:-1\" \/>\n<link rel=\"canonical\" href=\"https:\/\/fundacion-biodiversidad.es\/en\/actualidad_home\/the-biodiversity-foundation-intervenes-in-the-debate-where-are-the-deposits-of-green-employment\/\" \/>\n<meta property=\"og:locale\" content=\"en_US\" \/>\n<meta property=\"og:type\" content=\"article\" \/>\n<meta property=\"og:title\" content=\"The Biodiversity Foundation intervenes in the debate Where are the deposits of &#039;green employment&#039;? - Fundaci\u00f3n Biodiversidad\" \/>\n<meta property=\"og:description\" content=\"It has been within the framework of the 10th. edition of the National Congress of the Environment.\" \/>\n<meta property=\"og:url\" content=\"https:\/\/fundacion-biodiversidad.es\/en\/actualidad_home\/the-biodiversity-foundation-intervenes-in-the-debate-where-are-the-deposits-of-green-employment\/\" \/>\n<meta property=\"og:site_name\" content=\"Fundaci\u00f3n Biodiversidad\" \/>\n<meta property=\"og:image\" content=\"https:\/\/fundacion-biodiversidad.es\/wp-content\/uploads\/2023\/01\/2487661294_35330241_720x405.png\" \/>\n\t<meta property=\"og:image:width\" content=\"720\" \/>\n\t<meta property=\"og:image:height\" content=\"405\" \/>\n\t<meta property=\"og:image:type\" content=\"image\/png\" \/>\n<meta name=\"twitter:card\" content=\"summary_large_image\" \/>\n<meta name=\"twitter:label1\" content=\"Est. reading time\" \/>\n\t<meta name=\"twitter:data1\" content=\"3 minutes\" \/>\n<script type=\"application\/ld+json\" class=\"yoast-schema-graph\">{\"@context\":\"https:\/\/schema.org\",\"@graph\":[{\"@type\":\"WebPage\",\"@id\":\"https:\/\/fundacion-biodiversidad.es\/en\/actualidad_home\/the-biodiversity-foundation-intervenes-in-the-debate-where-are-the-deposits-of-green-employment\/\",\"url\":\"https:\/\/fundacion-biodiversidad.es\/en\/actualidad_home\/the-biodiversity-foundation-intervenes-in-the-debate-where-are-the-deposits-of-green-employment\/\",\"name\":\"The Biodiversity Foundation intervenes in the debate Where are the deposits of 'green employment'? - Fundaci\u00f3n Biodiversidad\",\"isPartOf\":{\"@id\":\"https:\/\/fundacion-biodiversidad.es\/en\/#website\"},\"primaryImageOfPage\":{\"@id\":\"https:\/\/fundacion-biodiversidad.es\/en\/actualidad_home\/the-biodiversity-foundation-intervenes-in-the-debate-where-are-the-deposits-of-green-employment\/#primaryimage\"},\"image\":{\"@id\":\"https:\/\/fundacion-biodiversidad.es\/en\/actualidad_home\/the-biodiversity-foundation-intervenes-in-the-debate-where-are-the-deposits-of-green-employment\/#primaryimage\"},\"thumbnailUrl\":\"https:\/\/fundacion-biodiversidad.es\/wp-content\/uploads\/2014\/05\/empleaverdeconama_0.jpg\",\"datePublished\":\"2014-03-24T15:22:21+00:00\",\"breadcrumb\":{\"@id\":\"https:\/\/fundacion-biodiversidad.es\/en\/actualidad_home\/the-biodiversity-foundation-intervenes-in-the-debate-where-are-the-deposits-of-green-employment\/#breadcrumb\"},\"inLanguage\":\"en-US\",\"potentialAction\":[{\"@type\":\"ReadAction\",\"target\":[\"https:\/\/fundacion-biodiversidad.es\/en\/actualidad_home\/the-biodiversity-foundation-intervenes-in-the-debate-where-are-the-deposits-of-green-employment\/\"]}]},{\"@type\":\"ImageObject\",\"inLanguage\":\"en-US\",\"@id\":\"https:\/\/fundacion-biodiversidad.es\/en\/actualidad_home\/the-biodiversity-foundation-intervenes-in-the-debate-where-are-the-deposits-of-green-employment\/#primaryimage\",\"url\":\"https:\/\/fundacion-biodiversidad.es\/wp-content\/uploads\/2014\/05\/empleaverdeconama_0.jpg\",\"contentUrl\":\"https:\/\/fundacion-biodiversidad.es\/wp-content\/uploads\/2014\/05\/empleaverdeconama_0.jpg\",\"width\":220,\"height\":155},{\"@type\":\"BreadcrumbList\",\"@id\":\"https:\/\/fundacion-biodiversidad.es\/en\/actualidad_home\/the-biodiversity-foundation-intervenes-in-the-debate-where-are-the-deposits-of-green-employment\/#breadcrumb\",\"itemListElement\":[{\"@type\":\"ListItem\",\"position\":1,\"name\":\"Portada\",\"item\":\"https:\/\/fundacion-biodiversidad.es\/en\/inicio\/\"},{\"@type\":\"ListItem\",\"position\":2,\"name\":\"Noticias de actualidad\",\"item\":\"https:\/\/fundacion-biodiversidad.es\/en\/actualidad_home\/\"},{\"@type\":\"ListItem\",\"position\":3,\"name\":\"The Biodiversity Foundation intervenes in the debate Where are the deposits of &#8216;green employment&#8217;?\"}]},{\"@type\":\"WebSite\",\"@id\":\"https:\/\/fundacion-biodiversidad.es\/en\/#website\",\"url\":\"https:\/\/fundacion-biodiversidad.es\/en\/\",\"name\":\"Fundaci\u00f3n Biodiversidad\",\"description\":\"Fundaci\u00f3n p\u00fablica adscrita al Ministerio para la Transici\u00f3n Ecol\u00f3gica\",\"potentialAction\":[{\"@type\":\"SearchAction\",\"target\":{\"@type\":\"EntryPoint\",\"urlTemplate\":\"https:\/\/fundacion-biodiversidad.es\/en\/?s={search_term_string}\"},\"query-input\":{\"@type\":\"PropertyValueSpecification\",\"valueRequired\":true,\"valueName\":\"search_term_string\"}}],\"inLanguage\":\"en-US\"}]}<\/script>\n<!-- \/ Yoast SEO plugin. -->","yoast_head_json":{"title":"The Biodiversity Foundation intervenes in the debate Where are the deposits of 'green employment'? - Fundaci\u00f3n Biodiversidad","robots":{"index":"index","follow":"follow","max-snippet":"max-snippet:-1","max-image-preview":"max-image-preview:large","max-video-preview":"max-video-preview:-1"},"canonical":"https:\/\/fundacion-biodiversidad.es\/en\/actualidad_home\/the-biodiversity-foundation-intervenes-in-the-debate-where-are-the-deposits-of-green-employment\/","og_locale":"en_US","og_type":"article","og_title":"The Biodiversity Foundation intervenes in the debate Where are the deposits of 'green employment'? - Fundaci\u00f3n Biodiversidad","og_description":"It has been within the framework of the 10th. edition of the National Congress of the Environment.","og_url":"https:\/\/fundacion-biodiversidad.es\/en\/actualidad_home\/the-biodiversity-foundation-intervenes-in-the-debate-where-are-the-deposits-of-green-employment\/","og_site_name":"Fundaci\u00f3n Biodiversidad","og_image":[{"width":720,"height":405,"url":"https:\/\/fundacion-biodiversidad.es\/wp-content\/uploads\/2023\/01\/2487661294_35330241_720x405.png","type":"image\/png"}],"twitter_card":"summary_large_image","twitter_misc":{"Est. reading time":"3 minutes"},"schema":{"@context":"https:\/\/schema.org","@graph":[{"@type":"WebPage","@id":"https:\/\/fundacion-biodiversidad.es\/en\/actualidad_home\/the-biodiversity-foundation-intervenes-in-the-debate-where-are-the-deposits-of-green-employment\/","url":"https:\/\/fundacion-biodiversidad.es\/en\/actualidad_home\/the-biodiversity-foundation-intervenes-in-the-debate-where-are-the-deposits-of-green-employment\/","name":"The Biodiversity Foundation intervenes in the debate Where are the deposits of 'green employment'? - Fundaci\u00f3n Biodiversidad","isPartOf":{"@id":"https:\/\/fundacion-biodiversidad.es\/en\/#website"},"primaryImageOfPage":{"@id":"https:\/\/fundacion-biodiversidad.es\/en\/actualidad_home\/the-biodiversity-foundation-intervenes-in-the-debate-where-are-the-deposits-of-green-employment\/#primaryimage"},"image":{"@id":"https:\/\/fundacion-biodiversidad.es\/en\/actualidad_home\/the-biodiversity-foundation-intervenes-in-the-debate-where-are-the-deposits-of-green-employment\/#primaryimage"},"thumbnailUrl":"https:\/\/fundacion-biodiversidad.es\/wp-content\/uploads\/2014\/05\/empleaverdeconama_0.jpg","datePublished":"2014-03-24T15:22:21+00:00","breadcrumb":{"@id":"https:\/\/fundacion-biodiversidad.es\/en\/actualidad_home\/the-biodiversity-foundation-intervenes-in-the-debate-where-are-the-deposits-of-green-employment\/#breadcrumb"},"inLanguage":"en-US","potentialAction":[{"@type":"ReadAction","target":["https:\/\/fundacion-biodiversidad.es\/en\/actualidad_home\/the-biodiversity-foundation-intervenes-in-the-debate-where-are-the-deposits-of-green-employment\/"]}]},{"@type":"ImageObject","inLanguage":"en-US","@id":"https:\/\/fundacion-biodiversidad.es\/en\/actualidad_home\/the-biodiversity-foundation-intervenes-in-the-debate-where-are-the-deposits-of-green-employment\/#primaryimage","url":"https:\/\/fundacion-biodiversidad.es\/wp-content\/uploads\/2014\/05\/empleaverdeconama_0.jpg","contentUrl":"https:\/\/fundacion-biodiversidad.es\/wp-content\/uploads\/2014\/05\/empleaverdeconama_0.jpg","width":220,"height":155},{"@type":"BreadcrumbList","@id":"https:\/\/fundacion-biodiversidad.es\/en\/actualidad_home\/the-biodiversity-foundation-intervenes-in-the-debate-where-are-the-deposits-of-green-employment\/#breadcrumb","itemListElement":[{"@type":"ListItem","position":1,"name":"Portada","item":"https:\/\/fundacion-biodiversidad.es\/en\/inicio\/"},{"@type":"ListItem","position":2,"name":"Noticias de actualidad","item":"https:\/\/fundacion-biodiversidad.es\/en\/actualidad_home\/"},{"@type":"ListItem","position":3,"name":"The Biodiversity Foundation intervenes in the debate Where are the deposits of &#8216;green employment&#8217;?"}]},{"@type":"WebSite","@id":"https:\/\/fundacion-biodiversidad.es\/en\/#website","url":"https:\/\/fundacion-biodiversidad.es\/en\/","name":"Fundaci\u00f3n Biodiversidad","description":"Fundaci\u00f3n p\u00fablica adscrita al Ministerio para la Transici\u00f3n Ecol\u00f3gica","potentialAction":[{"@type":"SearchAction","target":{"@type":"EntryPoint","urlTemplate":"https:\/\/fundacion-biodiversidad.es\/en\/?s={search_term_string}"},"query-input":{"@type":"PropertyValueSpecification","valueRequired":true,"valueName":"search_term_string"}}],"inLanguage":"en-US"}]}},"_links":{"self":[{"href":"https:\/\/fundacion-biodiversidad.es\/en\/wp-json\/wp\/v2\/actualidad_home\/97857150","targetHints":{"allow":["GET"]}}],"collection":[{"href":"https:\/\/fundacion-biodiversidad.es\/en\/wp-json\/wp\/v2\/actualidad_home"}],"about":[{"href":"https:\/\/fundacion-biodiversidad.es\/en\/wp-json\/wp\/v2\/types\/actualidad_home"}],"author":[{"embeddable":true,"href":"https:\/\/fundacion-biodiversidad.es\/en\/wp-json\/wp\/v2\/users\/11"}],"wp:featuredmedia":[{"embeddable":true,"href":"https:\/\/fundacion-biodiversidad.es\/en\/wp-json\/wp\/v2\/media\/35291"}],"wp:attachment":[{"href":"https:\/\/fundacion-biodiversidad.es\/en\/wp-json\/wp\/v2\/media?parent=97857150"}],"wp:term":[{"taxonomy":"palabras_clave","embeddable":true,"href":"https:\/\/fundacion-biodiversidad.es\/en\/wp-json\/wp\/v2\/palabras_clave?post=97857150"}],"curies":[{"name":"wp","href":"https:\/\/api.w.org\/{rel}","templated":true}]}}