{"id":97857151,"date":"2014-03-24T16:22:21","date_gmt":"2014-03-24T15:22:21","guid":{"rendered":"https:\/\/fundacion-biodiversidad.es\/actualidad_home\/the-biodiverciudad-environmental-education-programme-receives-the-accio-21-award\/"},"modified":"2014-03-24T16:22:21","modified_gmt":"2014-03-24T15:22:21","slug":"the-biodiverciudad-environmental-education-programme-receives-the-accio-21-award","status":"publish","type":"actualidad_home","link":"https:\/\/fundacion-biodiversidad.es\/en\/actualidad_home\/the-biodiverciudad-environmental-education-programme-receives-the-accio-21-award\/","title":{"rendered":"The BioDiverCiudad environmental education programme receives the Acci\u00f3 21 Award"},"content":{"rendered":"<p>The initiative promoted by the Jane Goodall Institute Spain has the support of the Biodiversity Foundation.<\/p>\n<p><!--more--><\/p>\n<p>The initiative promoted by the Jane Goodall Institute Spain has the support of the Biodiversity Foundation.<\/p>\n<p>Ana Leiva, director of the FB, participated on January 14 in the presentation of the &#8220;Acci\u00f3 21&#8221; Awards, awarded by the Municipal Council for the Environment and Sustainability of Barcelona, and which have distinguished the BioDiverCiudad program with one of the five awards of the last edition. The event, held at the Axa Auditorium and Convention Centre, was chaired by the Mayor of Barcelona, Jordi Hereu, and was attended by the Deputy Mayor for the Environment and President of the Jury, Imma Mayol. <\/p>\n<p>In the 2009-2010 edition of the &#8220;Acci\u00f3 21&#8221; Awards, the BioDiverCiudad project, promoted by the Jane Goodall Institute Spain and the Biodiversity Foundation, has been awarded for &#8220;the effectiveness and originality in achieving its objective of raising awareness of the existence and importance of biodiversity in the urban environment&#8221;. The Jury has pointed out that the initiative contributes to citizens adopting a lifestyle compatible with the conservation and recovery of an environment more balanced with the natural environment. <\/p>\n<p>The innovative BioDiverCity programme, which also has the collaboration of Barcelona City Council, has been unanimously chosen from among 41 projects presented. Ferran Guallar, president of the Jane Goodall Institute Spain, collected the award. <\/p>\n<p>BioDiverCiudad has carried out more than 200 public activities, since 2007, in the cities of Barcelona, Madrid and Lleida. Thousands of citizens continue to enjoy the interesting practical activities of exploration of flora and fauna throughout the city called ecosafaris, workshops, biofiche (playful-didactic materials with printed and downloadable comics), a new national contest of eco-initiatives and a website with minipedia, video channel, blog and various resources (available in <a target=\"_blank\" href=\"http:\/\/www.biodiverciudad.org\" rel=\"noopener\">www.biodiverciudad.org<\/a>). <\/p>\n<p>BioDiverCiudad is a free program and is aimed at families, with special emphasis on students between 8 and 12 years old (middle and upper cycles of Primary Education).<\/p>\n","protected":false},"author":11,"featured_media":35286,"template":"","meta":{"_acf_changed":false},"palabras_clave":[],"class_list":["post-97857151","actualidad_home","type-actualidad_home","status-publish","has-post-thumbnail","hentry"],"acf":[],"yoast_head":"<!-- This site is optimized with the Yoast SEO plugin v26.9 - https:\/\/yoast.com\/product\/yoast-seo-wordpress\/ -->\n<title>The BioDiverCiudad environmental education programme receives the Acci\u00f3 21 Award - Fundaci\u00f3n Biodiversidad<\/title>\n<meta name=\"robots\" content=\"index, follow, max-snippet:-1, max-image-preview:large, max-video-preview:-1\" \/>\n<link rel=\"canonical\" href=\"https:\/\/fundacion-biodiversidad.es\/en\/actualidad_home\/the-biodiverciudad-environmental-education-programme-receives-the-accio-21-award\/\" \/>\n<meta property=\"og:locale\" content=\"en_US\" \/>\n<meta property=\"og:type\" content=\"article\" \/>\n<meta property=\"og:title\" content=\"The BioDiverCiudad environmental education programme receives the Acci\u00f3 21 Award - Fundaci\u00f3n Biodiversidad\" \/>\n<meta property=\"og:description\" content=\"The initiative promoted by the Jane Goodall Institute Spain has the support of the Biodiversity Foundation.\" \/>\n<meta property=\"og:url\" content=\"https:\/\/fundacion-biodiversidad.es\/en\/actualidad_home\/the-biodiverciudad-environmental-education-programme-receives-the-accio-21-award\/\" \/>\n<meta property=\"og:site_name\" content=\"Fundaci\u00f3n Biodiversidad\" \/>\n<meta property=\"og:image\" content=\"https:\/\/fundacion-biodiversidad.es\/wp-content\/uploads\/2023\/01\/2487661294_35330241_720x405.png\" \/>\n\t<meta property=\"og:image:width\" content=\"720\" \/>\n\t<meta property=\"og:image:height\" content=\"405\" \/>\n\t<meta property=\"og:image:type\" content=\"image\/png\" \/>\n<meta name=\"twitter:card\" content=\"summary_large_image\" \/>\n<meta name=\"twitter:label1\" content=\"Est. reading time\" \/>\n\t<meta name=\"twitter:data1\" content=\"2 minutes\" \/>\n<script type=\"application\/ld+json\" class=\"yoast-schema-graph\">{\"@context\":\"https:\/\/schema.org\",\"@graph\":[{\"@type\":\"WebPage\",\"@id\":\"https:\/\/fundacion-biodiversidad.es\/en\/actualidad_home\/the-biodiverciudad-environmental-education-programme-receives-the-accio-21-award\/\",\"url\":\"https:\/\/fundacion-biodiversidad.es\/en\/actualidad_home\/the-biodiverciudad-environmental-education-programme-receives-the-accio-21-award\/\",\"name\":\"The BioDiverCiudad environmental education programme receives the Acci\u00f3 21 Award - Fundaci\u00f3n Biodiversidad\",\"isPartOf\":{\"@id\":\"https:\/\/fundacion-biodiversidad.es\/en\/#website\"},\"primaryImageOfPage\":{\"@id\":\"https:\/\/fundacion-biodiversidad.es\/en\/actualidad_home\/the-biodiverciudad-environmental-education-programme-receives-the-accio-21-award\/#primaryimage\"},\"image\":{\"@id\":\"https:\/\/fundacion-biodiversidad.es\/en\/actualidad_home\/the-biodiverciudad-environmental-education-programme-receives-the-accio-21-award\/#primaryimage\"},\"thumbnailUrl\":\"https:\/\/fundacion-biodiversidad.es\/wp-content\/uploads\/2014\/05\/biodiverciudadpremio_0.jpg\",\"datePublished\":\"2014-03-24T15:22:21+00:00\",\"breadcrumb\":{\"@id\":\"https:\/\/fundacion-biodiversidad.es\/en\/actualidad_home\/the-biodiverciudad-environmental-education-programme-receives-the-accio-21-award\/#breadcrumb\"},\"inLanguage\":\"en-US\",\"potentialAction\":[{\"@type\":\"ReadAction\",\"target\":[\"https:\/\/fundacion-biodiversidad.es\/en\/actualidad_home\/the-biodiverciudad-environmental-education-programme-receives-the-accio-21-award\/\"]}]},{\"@type\":\"ImageObject\",\"inLanguage\":\"en-US\",\"@id\":\"https:\/\/fundacion-biodiversidad.es\/en\/actualidad_home\/the-biodiverciudad-environmental-education-programme-receives-the-accio-21-award\/#primaryimage\",\"url\":\"https:\/\/fundacion-biodiversidad.es\/wp-content\/uploads\/2014\/05\/biodiverciudadpremio_0.jpg\",\"contentUrl\":\"https:\/\/fundacion-biodiversidad.es\/wp-content\/uploads\/2014\/05\/biodiverciudadpremio_0.jpg\",\"width\":220,\"height\":155},{\"@type\":\"BreadcrumbList\",\"@id\":\"https:\/\/fundacion-biodiversidad.es\/en\/actualidad_home\/the-biodiverciudad-environmental-education-programme-receives-the-accio-21-award\/#breadcrumb\",\"itemListElement\":[{\"@type\":\"ListItem\",\"position\":1,\"name\":\"Portada\",\"item\":\"https:\/\/fundacion-biodiversidad.es\/en\/inicio\/\"},{\"@type\":\"ListItem\",\"position\":2,\"name\":\"Noticias de actualidad\",\"item\":\"https:\/\/fundacion-biodiversidad.es\/en\/actualidad_home\/\"},{\"@type\":\"ListItem\",\"position\":3,\"name\":\"The BioDiverCiudad environmental education programme receives the Acci\u00f3 21 Award\"}]},{\"@type\":\"WebSite\",\"@id\":\"https:\/\/fundacion-biodiversidad.es\/en\/#website\",\"url\":\"https:\/\/fundacion-biodiversidad.es\/en\/\",\"name\":\"Fundaci\u00f3n Biodiversidad\",\"description\":\"Fundaci\u00f3n p\u00fablica adscrita al Ministerio para la Transici\u00f3n Ecol\u00f3gica\",\"potentialAction\":[{\"@type\":\"SearchAction\",\"target\":{\"@type\":\"EntryPoint\",\"urlTemplate\":\"https:\/\/fundacion-biodiversidad.es\/en\/?s={search_term_string}\"},\"query-input\":{\"@type\":\"PropertyValueSpecification\",\"valueRequired\":true,\"valueName\":\"search_term_string\"}}],\"inLanguage\":\"en-US\"}]}<\/script>\n<!-- \/ Yoast SEO plugin. -->","yoast_head_json":{"title":"The BioDiverCiudad environmental education programme receives the Acci\u00f3 21 Award - Fundaci\u00f3n Biodiversidad","robots":{"index":"index","follow":"follow","max-snippet":"max-snippet:-1","max-image-preview":"max-image-preview:large","max-video-preview":"max-video-preview:-1"},"canonical":"https:\/\/fundacion-biodiversidad.es\/en\/actualidad_home\/the-biodiverciudad-environmental-education-programme-receives-the-accio-21-award\/","og_locale":"en_US","og_type":"article","og_title":"The BioDiverCiudad environmental education programme receives the Acci\u00f3 21 Award - Fundaci\u00f3n Biodiversidad","og_description":"The initiative promoted by the Jane Goodall Institute Spain has the support of the Biodiversity Foundation.","og_url":"https:\/\/fundacion-biodiversidad.es\/en\/actualidad_home\/the-biodiverciudad-environmental-education-programme-receives-the-accio-21-award\/","og_site_name":"Fundaci\u00f3n Biodiversidad","og_image":[{"width":720,"height":405,"url":"https:\/\/fundacion-biodiversidad.es\/wp-content\/uploads\/2023\/01\/2487661294_35330241_720x405.png","type":"image\/png"}],"twitter_card":"summary_large_image","twitter_misc":{"Est. reading time":"2 minutes"},"schema":{"@context":"https:\/\/schema.org","@graph":[{"@type":"WebPage","@id":"https:\/\/fundacion-biodiversidad.es\/en\/actualidad_home\/the-biodiverciudad-environmental-education-programme-receives-the-accio-21-award\/","url":"https:\/\/fundacion-biodiversidad.es\/en\/actualidad_home\/the-biodiverciudad-environmental-education-programme-receives-the-accio-21-award\/","name":"The BioDiverCiudad environmental education programme receives the Acci\u00f3 21 Award - Fundaci\u00f3n Biodiversidad","isPartOf":{"@id":"https:\/\/fundacion-biodiversidad.es\/en\/#website"},"primaryImageOfPage":{"@id":"https:\/\/fundacion-biodiversidad.es\/en\/actualidad_home\/the-biodiverciudad-environmental-education-programme-receives-the-accio-21-award\/#primaryimage"},"image":{"@id":"https:\/\/fundacion-biodiversidad.es\/en\/actualidad_home\/the-biodiverciudad-environmental-education-programme-receives-the-accio-21-award\/#primaryimage"},"thumbnailUrl":"https:\/\/fundacion-biodiversidad.es\/wp-content\/uploads\/2014\/05\/biodiverciudadpremio_0.jpg","datePublished":"2014-03-24T15:22:21+00:00","breadcrumb":{"@id":"https:\/\/fundacion-biodiversidad.es\/en\/actualidad_home\/the-biodiverciudad-environmental-education-programme-receives-the-accio-21-award\/#breadcrumb"},"inLanguage":"en-US","potentialAction":[{"@type":"ReadAction","target":["https:\/\/fundacion-biodiversidad.es\/en\/actualidad_home\/the-biodiverciudad-environmental-education-programme-receives-the-accio-21-award\/"]}]},{"@type":"ImageObject","inLanguage":"en-US","@id":"https:\/\/fundacion-biodiversidad.es\/en\/actualidad_home\/the-biodiverciudad-environmental-education-programme-receives-the-accio-21-award\/#primaryimage","url":"https:\/\/fundacion-biodiversidad.es\/wp-content\/uploads\/2014\/05\/biodiverciudadpremio_0.jpg","contentUrl":"https:\/\/fundacion-biodiversidad.es\/wp-content\/uploads\/2014\/05\/biodiverciudadpremio_0.jpg","width":220,"height":155},{"@type":"BreadcrumbList","@id":"https:\/\/fundacion-biodiversidad.es\/en\/actualidad_home\/the-biodiverciudad-environmental-education-programme-receives-the-accio-21-award\/#breadcrumb","itemListElement":[{"@type":"ListItem","position":1,"name":"Portada","item":"https:\/\/fundacion-biodiversidad.es\/en\/inicio\/"},{"@type":"ListItem","position":2,"name":"Noticias de actualidad","item":"https:\/\/fundacion-biodiversidad.es\/en\/actualidad_home\/"},{"@type":"ListItem","position":3,"name":"The BioDiverCiudad environmental education programme receives the Acci\u00f3 21 Award"}]},{"@type":"WebSite","@id":"https:\/\/fundacion-biodiversidad.es\/en\/#website","url":"https:\/\/fundacion-biodiversidad.es\/en\/","name":"Fundaci\u00f3n Biodiversidad","description":"Fundaci\u00f3n p\u00fablica adscrita al Ministerio para la Transici\u00f3n Ecol\u00f3gica","potentialAction":[{"@type":"SearchAction","target":{"@type":"EntryPoint","urlTemplate":"https:\/\/fundacion-biodiversidad.es\/en\/?s={search_term_string}"},"query-input":{"@type":"PropertyValueSpecification","valueRequired":true,"valueName":"search_term_string"}}],"inLanguage":"en-US"}]}},"_links":{"self":[{"href":"https:\/\/fundacion-biodiversidad.es\/en\/wp-json\/wp\/v2\/actualidad_home\/97857151","targetHints":{"allow":["GET"]}}],"collection":[{"href":"https:\/\/fundacion-biodiversidad.es\/en\/wp-json\/wp\/v2\/actualidad_home"}],"about":[{"href":"https:\/\/fundacion-biodiversidad.es\/en\/wp-json\/wp\/v2\/types\/actualidad_home"}],"author":[{"embeddable":true,"href":"https:\/\/fundacion-biodiversidad.es\/en\/wp-json\/wp\/v2\/users\/11"}],"wp:featuredmedia":[{"embeddable":true,"href":"https:\/\/fundacion-biodiversidad.es\/en\/wp-json\/wp\/v2\/media\/35286"}],"wp:attachment":[{"href":"https:\/\/fundacion-biodiversidad.es\/en\/wp-json\/wp\/v2\/media?parent=97857151"}],"wp:term":[{"taxonomy":"palabras_clave","embeddable":true,"href":"https:\/\/fundacion-biodiversidad.es\/en\/wp-json\/wp\/v2\/palabras_clave?post=97857151"}],"curies":[{"name":"wp","href":"https:\/\/api.w.org\/{rel}","templated":true}]}}