{"id":97857171,"date":"2014-03-24T16:22:21","date_gmt":"2014-03-24T15:22:21","guid":{"rendered":"https:\/\/fundacion-biodiversidad.es\/actualidad_home\/the-director-of-the-biodiversity-foundation-attends-the-preview-of-the-film-what-is-a-bear-for\/"},"modified":"2014-03-24T16:22:21","modified_gmt":"2014-03-24T15:22:21","slug":"the-director-of-the-biodiversity-foundation-attends-the-preview-of-the-film-what-is-a-bear-for","status":"publish","type":"actualidad_home","link":"https:\/\/fundacion-biodiversidad.es\/en\/actualidad_home\/the-director-of-the-biodiversity-foundation-attends-the-preview-of-the-film-what-is-a-bear-for\/","title":{"rendered":"The director of the Biodiversity Foundation attends the preview of the film What is a bear for?"},"content":{"rendered":"<p>Directed by the Asturian Tom Fern\u00e1ndez, this film, shot in spectacular enclaves of the Cantabrian Mountains, highlights this ecological corridor, a privileged habitat for such emblematic species of Iberian fauna as the brown bear.  <\/p>\n<p><!--more--><\/p>\n<p>Ana Leiva, director of the Biodiversity Foundation, attended, on Thursday night, March 31, the preview of the film &#8220;What is a bear for?&#8221;, in the auditorium of the Niemeyer Center, in Avil\u00e9s.<\/p>\n<p>The film gives a glimpse of the importance of knowledge and the dissemination of ecological values and the threats that loom over the natural heritage, such as the urbanizing voracity of human beings. It also contains a hopeful message: each of us holds the key to helping to halt the deterioration of the environment and the decline of our species. With a small change in daily recycling habits, we could help curb pollution.  <\/p>\n<p>This comedy, highly recommended for the whole family, is a good vehicle for raising awareness of current issues, such as the effects of climate change or the necessary scientific and research rigour that must be relied on to make the right decisions.<\/p>\n<p>Last weekend, the film by Asturian Tom Fern\u00e1ndez was presented, with great media impact and public acceptance, at the Malaga Festival, and promises to be one of the national comedies of this year. The public will be able to see it from April 1 in theaters throughout Spain. <\/p>\n<p>&#8220;What is a bear for?&#8221;, with Javier C\u00e1mara and Gonzalo de Castro, is an excellent channel to show the natural wealth and beautiful landscapes of western Asturias and, therefore, promote nature tourism. Sustainable tourism is, in fact, one of the ways to achieve a more sustainable development of rural areas, essential for the conservation of its biodiversity and the health and quality of life of its inhabitants. <\/p>\n<p>Currently, the data on the positive evolution of the Cantabrian brown bear are encouraging. Recently, more than 130 specimens have been counted, a significant figure if we compare it with the 50 individuals recorded in the 70s. <\/p>\n","protected":false},"author":11,"featured_media":0,"template":"","meta":{"_acf_changed":false},"palabras_clave":[],"class_list":["post-97857171","actualidad_home","type-actualidad_home","status-publish","hentry"],"acf":[],"yoast_head":"<!-- This site is optimized with the Yoast SEO plugin v26.9 - https:\/\/yoast.com\/product\/yoast-seo-wordpress\/ -->\n<title>The director of the Biodiversity Foundation attends the preview of the film What is a bear for? - Fundaci\u00f3n Biodiversidad<\/title>\n<meta name=\"robots\" content=\"index, follow, max-snippet:-1, max-image-preview:large, max-video-preview:-1\" \/>\n<link rel=\"canonical\" href=\"https:\/\/fundacion-biodiversidad.es\/en\/actualidad_home\/the-director-of-the-biodiversity-foundation-attends-the-preview-of-the-film-what-is-a-bear-for\/\" \/>\n<meta property=\"og:locale\" content=\"en_US\" \/>\n<meta property=\"og:type\" content=\"article\" \/>\n<meta property=\"og:title\" content=\"The director of the Biodiversity Foundation attends the preview of the film What is a bear for? - Fundaci\u00f3n Biodiversidad\" \/>\n<meta property=\"og:description\" content=\"Directed by the Asturian Tom Fern\u00e1ndez, this film, shot in spectacular enclaves of the Cantabrian Mountains, highlights this ecological corridor, a privileged habitat for such [&hellip;]\" \/>\n<meta property=\"og:url\" content=\"https:\/\/fundacion-biodiversidad.es\/en\/actualidad_home\/the-director-of-the-biodiversity-foundation-attends-the-preview-of-the-film-what-is-a-bear-for\/\" \/>\n<meta property=\"og:site_name\" content=\"Fundaci\u00f3n Biodiversidad\" \/>\n<meta property=\"og:image\" content=\"https:\/\/fundacion-biodiversidad.es\/wp-content\/uploads\/2023\/01\/2487661294_35330241_720x405.png\" \/>\n\t<meta property=\"og:image:width\" content=\"720\" \/>\n\t<meta property=\"og:image:height\" content=\"405\" \/>\n\t<meta property=\"og:image:type\" content=\"image\/png\" \/>\n<meta name=\"twitter:card\" content=\"summary_large_image\" \/>\n<meta name=\"twitter:label1\" content=\"Est. reading time\" \/>\n\t<meta name=\"twitter:data1\" content=\"2 minutes\" \/>\n<script type=\"application\/ld+json\" class=\"yoast-schema-graph\">{\"@context\":\"https:\/\/schema.org\",\"@graph\":[{\"@type\":\"WebPage\",\"@id\":\"https:\/\/fundacion-biodiversidad.es\/en\/actualidad_home\/the-director-of-the-biodiversity-foundation-attends-the-preview-of-the-film-what-is-a-bear-for\/\",\"url\":\"https:\/\/fundacion-biodiversidad.es\/en\/actualidad_home\/the-director-of-the-biodiversity-foundation-attends-the-preview-of-the-film-what-is-a-bear-for\/\",\"name\":\"The director of the Biodiversity Foundation attends the preview of the film What is a bear for? - Fundaci\u00f3n Biodiversidad\",\"isPartOf\":{\"@id\":\"https:\/\/fundacion-biodiversidad.es\/en\/#website\"},\"datePublished\":\"2014-03-24T15:22:21+00:00\",\"breadcrumb\":{\"@id\":\"https:\/\/fundacion-biodiversidad.es\/en\/actualidad_home\/the-director-of-the-biodiversity-foundation-attends-the-preview-of-the-film-what-is-a-bear-for\/#breadcrumb\"},\"inLanguage\":\"en-US\",\"potentialAction\":[{\"@type\":\"ReadAction\",\"target\":[\"https:\/\/fundacion-biodiversidad.es\/en\/actualidad_home\/the-director-of-the-biodiversity-foundation-attends-the-preview-of-the-film-what-is-a-bear-for\/\"]}]},{\"@type\":\"BreadcrumbList\",\"@id\":\"https:\/\/fundacion-biodiversidad.es\/en\/actualidad_home\/the-director-of-the-biodiversity-foundation-attends-the-preview-of-the-film-what-is-a-bear-for\/#breadcrumb\",\"itemListElement\":[{\"@type\":\"ListItem\",\"position\":1,\"name\":\"Portada\",\"item\":\"https:\/\/fundacion-biodiversidad.es\/en\/inicio\/\"},{\"@type\":\"ListItem\",\"position\":2,\"name\":\"Noticias de actualidad\",\"item\":\"https:\/\/fundacion-biodiversidad.es\/en\/actualidad_home\/\"},{\"@type\":\"ListItem\",\"position\":3,\"name\":\"The director of the Biodiversity Foundation attends the preview of the film What is a bear for?\"}]},{\"@type\":\"WebSite\",\"@id\":\"https:\/\/fundacion-biodiversidad.es\/en\/#website\",\"url\":\"https:\/\/fundacion-biodiversidad.es\/en\/\",\"name\":\"Fundaci\u00f3n Biodiversidad\",\"description\":\"Fundaci\u00f3n p\u00fablica adscrita al Ministerio para la Transici\u00f3n Ecol\u00f3gica\",\"potentialAction\":[{\"@type\":\"SearchAction\",\"target\":{\"@type\":\"EntryPoint\",\"urlTemplate\":\"https:\/\/fundacion-biodiversidad.es\/en\/?s={search_term_string}\"},\"query-input\":{\"@type\":\"PropertyValueSpecification\",\"valueRequired\":true,\"valueName\":\"search_term_string\"}}],\"inLanguage\":\"en-US\"}]}<\/script>\n<!-- \/ Yoast SEO plugin. -->","yoast_head_json":{"title":"The director of the Biodiversity Foundation attends the preview of the film What is a bear for? - Fundaci\u00f3n Biodiversidad","robots":{"index":"index","follow":"follow","max-snippet":"max-snippet:-1","max-image-preview":"max-image-preview:large","max-video-preview":"max-video-preview:-1"},"canonical":"https:\/\/fundacion-biodiversidad.es\/en\/actualidad_home\/the-director-of-the-biodiversity-foundation-attends-the-preview-of-the-film-what-is-a-bear-for\/","og_locale":"en_US","og_type":"article","og_title":"The director of the Biodiversity Foundation attends the preview of the film What is a bear for? - Fundaci\u00f3n Biodiversidad","og_description":"Directed by the Asturian Tom Fern\u00e1ndez, this film, shot in spectacular enclaves of the Cantabrian Mountains, highlights this ecological corridor, a privileged habitat for such [&hellip;]","og_url":"https:\/\/fundacion-biodiversidad.es\/en\/actualidad_home\/the-director-of-the-biodiversity-foundation-attends-the-preview-of-the-film-what-is-a-bear-for\/","og_site_name":"Fundaci\u00f3n Biodiversidad","og_image":[{"width":720,"height":405,"url":"https:\/\/fundacion-biodiversidad.es\/wp-content\/uploads\/2023\/01\/2487661294_35330241_720x405.png","type":"image\/png"}],"twitter_card":"summary_large_image","twitter_misc":{"Est. reading time":"2 minutes"},"schema":{"@context":"https:\/\/schema.org","@graph":[{"@type":"WebPage","@id":"https:\/\/fundacion-biodiversidad.es\/en\/actualidad_home\/the-director-of-the-biodiversity-foundation-attends-the-preview-of-the-film-what-is-a-bear-for\/","url":"https:\/\/fundacion-biodiversidad.es\/en\/actualidad_home\/the-director-of-the-biodiversity-foundation-attends-the-preview-of-the-film-what-is-a-bear-for\/","name":"The director of the Biodiversity Foundation attends the preview of the film What is a bear for? - Fundaci\u00f3n Biodiversidad","isPartOf":{"@id":"https:\/\/fundacion-biodiversidad.es\/en\/#website"},"datePublished":"2014-03-24T15:22:21+00:00","breadcrumb":{"@id":"https:\/\/fundacion-biodiversidad.es\/en\/actualidad_home\/the-director-of-the-biodiversity-foundation-attends-the-preview-of-the-film-what-is-a-bear-for\/#breadcrumb"},"inLanguage":"en-US","potentialAction":[{"@type":"ReadAction","target":["https:\/\/fundacion-biodiversidad.es\/en\/actualidad_home\/the-director-of-the-biodiversity-foundation-attends-the-preview-of-the-film-what-is-a-bear-for\/"]}]},{"@type":"BreadcrumbList","@id":"https:\/\/fundacion-biodiversidad.es\/en\/actualidad_home\/the-director-of-the-biodiversity-foundation-attends-the-preview-of-the-film-what-is-a-bear-for\/#breadcrumb","itemListElement":[{"@type":"ListItem","position":1,"name":"Portada","item":"https:\/\/fundacion-biodiversidad.es\/en\/inicio\/"},{"@type":"ListItem","position":2,"name":"Noticias de actualidad","item":"https:\/\/fundacion-biodiversidad.es\/en\/actualidad_home\/"},{"@type":"ListItem","position":3,"name":"The director of the Biodiversity Foundation attends the preview of the film What is a bear for?"}]},{"@type":"WebSite","@id":"https:\/\/fundacion-biodiversidad.es\/en\/#website","url":"https:\/\/fundacion-biodiversidad.es\/en\/","name":"Fundaci\u00f3n Biodiversidad","description":"Fundaci\u00f3n p\u00fablica adscrita al Ministerio para la Transici\u00f3n Ecol\u00f3gica","potentialAction":[{"@type":"SearchAction","target":{"@type":"EntryPoint","urlTemplate":"https:\/\/fundacion-biodiversidad.es\/en\/?s={search_term_string}"},"query-input":{"@type":"PropertyValueSpecification","valueRequired":true,"valueName":"search_term_string"}}],"inLanguage":"en-US"}]}},"_links":{"self":[{"href":"https:\/\/fundacion-biodiversidad.es\/en\/wp-json\/wp\/v2\/actualidad_home\/97857171","targetHints":{"allow":["GET"]}}],"collection":[{"href":"https:\/\/fundacion-biodiversidad.es\/en\/wp-json\/wp\/v2\/actualidad_home"}],"about":[{"href":"https:\/\/fundacion-biodiversidad.es\/en\/wp-json\/wp\/v2\/types\/actualidad_home"}],"author":[{"embeddable":true,"href":"https:\/\/fundacion-biodiversidad.es\/en\/wp-json\/wp\/v2\/users\/11"}],"wp:attachment":[{"href":"https:\/\/fundacion-biodiversidad.es\/en\/wp-json\/wp\/v2\/media?parent=97857171"}],"wp:term":[{"taxonomy":"palabras_clave","embeddable":true,"href":"https:\/\/fundacion-biodiversidad.es\/en\/wp-json\/wp\/v2\/palabras_clave?post=97857171"}],"curies":[{"name":"wp","href":"https:\/\/api.w.org\/{rel}","templated":true}]}}