{"id":97857178,"date":"2014-03-24T16:22:21","date_gmt":"2014-03-24T15:22:21","guid":{"rendered":"https:\/\/fundacion-biodiversidad.es\/actualidad_home\/in-malaga-the-project-costa-a-la-vista\/"},"modified":"2014-03-24T16:22:21","modified_gmt":"2014-03-24T15:22:21","slug":"in-malaga-the-project-costa-a-la-vista","status":"publish","type":"actualidad_home","link":"https:\/\/fundacion-biodiversidad.es\/en\/actualidad_home\/in-malaga-the-project-costa-a-la-vista\/","title":{"rendered":"In Malaga, the project &#8220;Costa a la vista!&#8221;"},"content":{"rendered":"<p>The project is based on the journey, along the Mediterranean coast, of a replica of the &#8216;Nao Victoria&#8217; as a unique vehicle and dissemination platform for knowledge and understanding of the values and problems of the coast.  <\/p>\n<p><!--more--><\/p>\n<p>The Director of Communication and Awareness of the Biodiversity Foundation, Julia Vera, together with Juan Salas Tornero, president of the Nao Victoria Foundation, and Esperanza Perea Acosta, General Director of Sustainable Development and Environmental Information of the Junta de Andaluc\u00eda, presented on Thursday, March 31, at a press conference in the port of Malaga,  the awareness campaign &#8220;Costa a la vista!&#8221;, which has been running along the Andalusian coast since the beginning of March, and will continue to do so throughout the month of April.<\/p>\n<p>The project is based on the journey along the Mediterranean coast of a replica of the &#8216;Nao Victoria&#8217; as a unique vehicle and dissemination platform for knowledge and understanding of the values and problems of the coast. To this end, a programme of itinerant activities has been launched that includes educational and didactic stopovers in the ports of C\u00e1diz, Benalm\u00e1dena, M\u00e1laga, Motril and Carboneras. <\/p>\n<p>Various actions have been programmed, both sailing and in port, such as exhibitions on board, workshops, storytelling, a coastal classroom, arranged visits, open days and a volunteer programme with young Andalusian university students. The exact dates of this itinerary, as well as news related to the campaign and a logbook, are available to all those interested in <strong><a target=\"_blank\" href=\"http:\/\/costaalavista.es\/\" rel=\"noopener\">the project&#8217;s blog<\/a><\/strong>, a log that will describe everything that happens around the 279 nautical miles that the Nao Victoria will travel along the coasts of the provinces of Cadiz,  Malaga, Granada and Almeria. <\/p>\n<p>The boat is a life-size replica of the ship that was commanded by Juan Sebasti\u00e1n Elcano and that in the sixteenth century successfully completed the first circumnavigation of the world, thus confirming the roundness of the earth. The current ship uses the same navigation techniques as the Spanish boats of that time and will be docked until next Sunday, April 3 in Malaga, to offer throughout the weekend an extensive calendar of activities that includes arranged visits, talks on board and open days. <\/p>\n","protected":false},"author":11,"featured_media":0,"template":"","meta":{"_acf_changed":false},"palabras_clave":[],"class_list":["post-97857178","actualidad_home","type-actualidad_home","status-publish","hentry"],"acf":[],"yoast_head":"<!-- This site is optimized with the Yoast SEO plugin v26.9 - https:\/\/yoast.com\/product\/yoast-seo-wordpress\/ -->\n<title>In Malaga, the project &quot;Costa a la vista!&quot; - Fundaci\u00f3n Biodiversidad<\/title>\n<meta name=\"robots\" content=\"index, follow, max-snippet:-1, max-image-preview:large, max-video-preview:-1\" \/>\n<link rel=\"canonical\" href=\"https:\/\/fundacion-biodiversidad.es\/en\/actualidad_home\/in-malaga-the-project-costa-a-la-vista\/\" \/>\n<meta property=\"og:locale\" content=\"en_US\" \/>\n<meta property=\"og:type\" content=\"article\" \/>\n<meta property=\"og:title\" content=\"In Malaga, the project &quot;Costa a la vista!&quot; - Fundaci\u00f3n Biodiversidad\" \/>\n<meta property=\"og:description\" content=\"The project is based on the journey, along the Mediterranean coast, of a replica of the &#8216;Nao Victoria&#8217; as a unique vehicle and dissemination platform [&hellip;]\" \/>\n<meta property=\"og:url\" content=\"https:\/\/fundacion-biodiversidad.es\/en\/actualidad_home\/in-malaga-the-project-costa-a-la-vista\/\" \/>\n<meta property=\"og:site_name\" content=\"Fundaci\u00f3n Biodiversidad\" \/>\n<meta property=\"og:image\" content=\"https:\/\/fundacion-biodiversidad.es\/wp-content\/uploads\/2023\/01\/2487661294_35330241_720x405.png\" \/>\n\t<meta property=\"og:image:width\" content=\"720\" \/>\n\t<meta property=\"og:image:height\" content=\"405\" \/>\n\t<meta property=\"og:image:type\" content=\"image\/png\" \/>\n<meta name=\"twitter:card\" content=\"summary_large_image\" \/>\n<meta name=\"twitter:label1\" content=\"Est. reading time\" \/>\n\t<meta name=\"twitter:data1\" content=\"2 minutes\" \/>\n<script type=\"application\/ld+json\" class=\"yoast-schema-graph\">{\"@context\":\"https:\/\/schema.org\",\"@graph\":[{\"@type\":\"WebPage\",\"@id\":\"https:\/\/fundacion-biodiversidad.es\/en\/actualidad_home\/in-malaga-the-project-costa-a-la-vista\/\",\"url\":\"https:\/\/fundacion-biodiversidad.es\/en\/actualidad_home\/in-malaga-the-project-costa-a-la-vista\/\",\"name\":\"In Malaga, the project \\\"Costa a la vista!\\\" - Fundaci\u00f3n Biodiversidad\",\"isPartOf\":{\"@id\":\"https:\/\/fundacion-biodiversidad.es\/en\/#website\"},\"datePublished\":\"2014-03-24T15:22:21+00:00\",\"breadcrumb\":{\"@id\":\"https:\/\/fundacion-biodiversidad.es\/en\/actualidad_home\/in-malaga-the-project-costa-a-la-vista\/#breadcrumb\"},\"inLanguage\":\"en-US\",\"potentialAction\":[{\"@type\":\"ReadAction\",\"target\":[\"https:\/\/fundacion-biodiversidad.es\/en\/actualidad_home\/in-malaga-the-project-costa-a-la-vista\/\"]}]},{\"@type\":\"BreadcrumbList\",\"@id\":\"https:\/\/fundacion-biodiversidad.es\/en\/actualidad_home\/in-malaga-the-project-costa-a-la-vista\/#breadcrumb\",\"itemListElement\":[{\"@type\":\"ListItem\",\"position\":1,\"name\":\"Portada\",\"item\":\"https:\/\/fundacion-biodiversidad.es\/en\/inicio\/\"},{\"@type\":\"ListItem\",\"position\":2,\"name\":\"Noticias de actualidad\",\"item\":\"https:\/\/fundacion-biodiversidad.es\/en\/actualidad_home\/\"},{\"@type\":\"ListItem\",\"position\":3,\"name\":\"In Malaga, the project &#8220;Costa a la vista!&#8221;\"}]},{\"@type\":\"WebSite\",\"@id\":\"https:\/\/fundacion-biodiversidad.es\/en\/#website\",\"url\":\"https:\/\/fundacion-biodiversidad.es\/en\/\",\"name\":\"Fundaci\u00f3n Biodiversidad\",\"description\":\"Fundaci\u00f3n p\u00fablica adscrita al Ministerio para la Transici\u00f3n Ecol\u00f3gica\",\"potentialAction\":[{\"@type\":\"SearchAction\",\"target\":{\"@type\":\"EntryPoint\",\"urlTemplate\":\"https:\/\/fundacion-biodiversidad.es\/en\/?s={search_term_string}\"},\"query-input\":{\"@type\":\"PropertyValueSpecification\",\"valueRequired\":true,\"valueName\":\"search_term_string\"}}],\"inLanguage\":\"en-US\"}]}<\/script>\n<!-- \/ Yoast SEO plugin. -->","yoast_head_json":{"title":"In Malaga, the project \"Costa a la vista!\" - Fundaci\u00f3n Biodiversidad","robots":{"index":"index","follow":"follow","max-snippet":"max-snippet:-1","max-image-preview":"max-image-preview:large","max-video-preview":"max-video-preview:-1"},"canonical":"https:\/\/fundacion-biodiversidad.es\/en\/actualidad_home\/in-malaga-the-project-costa-a-la-vista\/","og_locale":"en_US","og_type":"article","og_title":"In Malaga, the project \"Costa a la vista!\" - Fundaci\u00f3n Biodiversidad","og_description":"The project is based on the journey, along the Mediterranean coast, of a replica of the &#8216;Nao Victoria&#8217; as a unique vehicle and dissemination platform [&hellip;]","og_url":"https:\/\/fundacion-biodiversidad.es\/en\/actualidad_home\/in-malaga-the-project-costa-a-la-vista\/","og_site_name":"Fundaci\u00f3n Biodiversidad","og_image":[{"width":720,"height":405,"url":"https:\/\/fundacion-biodiversidad.es\/wp-content\/uploads\/2023\/01\/2487661294_35330241_720x405.png","type":"image\/png"}],"twitter_card":"summary_large_image","twitter_misc":{"Est. reading time":"2 minutes"},"schema":{"@context":"https:\/\/schema.org","@graph":[{"@type":"WebPage","@id":"https:\/\/fundacion-biodiversidad.es\/en\/actualidad_home\/in-malaga-the-project-costa-a-la-vista\/","url":"https:\/\/fundacion-biodiversidad.es\/en\/actualidad_home\/in-malaga-the-project-costa-a-la-vista\/","name":"In Malaga, the project \"Costa a la vista!\" - Fundaci\u00f3n Biodiversidad","isPartOf":{"@id":"https:\/\/fundacion-biodiversidad.es\/en\/#website"},"datePublished":"2014-03-24T15:22:21+00:00","breadcrumb":{"@id":"https:\/\/fundacion-biodiversidad.es\/en\/actualidad_home\/in-malaga-the-project-costa-a-la-vista\/#breadcrumb"},"inLanguage":"en-US","potentialAction":[{"@type":"ReadAction","target":["https:\/\/fundacion-biodiversidad.es\/en\/actualidad_home\/in-malaga-the-project-costa-a-la-vista\/"]}]},{"@type":"BreadcrumbList","@id":"https:\/\/fundacion-biodiversidad.es\/en\/actualidad_home\/in-malaga-the-project-costa-a-la-vista\/#breadcrumb","itemListElement":[{"@type":"ListItem","position":1,"name":"Portada","item":"https:\/\/fundacion-biodiversidad.es\/en\/inicio\/"},{"@type":"ListItem","position":2,"name":"Noticias de actualidad","item":"https:\/\/fundacion-biodiversidad.es\/en\/actualidad_home\/"},{"@type":"ListItem","position":3,"name":"In Malaga, the project &#8220;Costa a la vista!&#8221;"}]},{"@type":"WebSite","@id":"https:\/\/fundacion-biodiversidad.es\/en\/#website","url":"https:\/\/fundacion-biodiversidad.es\/en\/","name":"Fundaci\u00f3n Biodiversidad","description":"Fundaci\u00f3n p\u00fablica adscrita al Ministerio para la Transici\u00f3n Ecol\u00f3gica","potentialAction":[{"@type":"SearchAction","target":{"@type":"EntryPoint","urlTemplate":"https:\/\/fundacion-biodiversidad.es\/en\/?s={search_term_string}"},"query-input":{"@type":"PropertyValueSpecification","valueRequired":true,"valueName":"search_term_string"}}],"inLanguage":"en-US"}]}},"_links":{"self":[{"href":"https:\/\/fundacion-biodiversidad.es\/en\/wp-json\/wp\/v2\/actualidad_home\/97857178","targetHints":{"allow":["GET"]}}],"collection":[{"href":"https:\/\/fundacion-biodiversidad.es\/en\/wp-json\/wp\/v2\/actualidad_home"}],"about":[{"href":"https:\/\/fundacion-biodiversidad.es\/en\/wp-json\/wp\/v2\/types\/actualidad_home"}],"author":[{"embeddable":true,"href":"https:\/\/fundacion-biodiversidad.es\/en\/wp-json\/wp\/v2\/users\/11"}],"wp:attachment":[{"href":"https:\/\/fundacion-biodiversidad.es\/en\/wp-json\/wp\/v2\/media?parent=97857178"}],"wp:term":[{"taxonomy":"palabras_clave","embeddable":true,"href":"https:\/\/fundacion-biodiversidad.es\/en\/wp-json\/wp\/v2\/palabras_clave?post=97857178"}],"curies":[{"name":"wp","href":"https:\/\/api.w.org\/{rel}","templated":true}]}}