{"id":97857245,"date":"2014-03-24T16:22:28","date_gmt":"2014-03-24T15:22:28","guid":{"rendered":"https:\/\/fundacion-biodiversidad.es\/actualidad_home\/the-biodiversity-forum-awarded-as-one-of-the-10-best-ideas-to-save-nature\/"},"modified":"2014-03-24T16:22:28","modified_gmt":"2014-03-24T15:22:28","slug":"the-biodiversity-forum-awarded-as-one-of-the-10-best-ideas-to-save-nature","status":"publish","type":"actualidad_home","link":"https:\/\/fundacion-biodiversidad.es\/en\/actualidad_home\/the-biodiversity-forum-awarded-as-one-of-the-10-best-ideas-to-save-nature\/","title":{"rendered":"The Biodiversity Forum awarded as one of the 10 best ideas to save nature"},"content":{"rendered":"<p>The Biodiversity Forum, a space for environmental and scientific dissemination of the Biodiversity Foundation of the Ministry of the Environment, Rural and Marine Affairs (MARM) in conjunction with the Spanish National Research Council (CSIC), located in the Patio de Banderas of the Reales Alc\u00e1zares in Seville, has been awarded as one of the 10 best ideas of 2010 to save nature.<\/p>\n<p><!--more--><\/p>\n<p>For the fourth consecutive year, RED Life magazine, a Sevillian publication specialising in the dissemination of flora and fauna threatened with extinction in the Iberian Peninsula, together with the Caja Rural del Sur Foundation, will award the prize for the &#8220;Ten best ideas to save nature&#8221; for the year 2010. The award ceremony will take place in Huelva on Monday, May 31 at 10:30 a.m., in the auditorium of the Caja Rural del Sur Foundation (C\/ Mora Claros, 6). <\/p>\n<p>As every year, RED Life proposed a list of about 20 projects that, in the words of the organization, &#8220;have contributed in some way over the last year to the conservation of biodiversity&#8221;; and the election of the 10 best initiatives was made through the vote of the readers, either using the coupon provided for this purpose in the publication itself or through its website. On this occasion, about 3 thousand readers participated in the vote. <\/p>\n<p>The Biodiversity Forum was created in June 2009; and in just one year of operation it has carried out nearly 10 temporary exhibitions that have addressed topics ranging from naturalist painting, to the plastic singularity of Huelva&#8217;s R\u00edo Tinto, through the biological and cultural diversity of the continents, astronomical photography, the sustainability of water as a natural resource or the jungles of Brazil,  Mexico, Equatorial Guinea and China. It also has two permanent rooms where you can observe the cameras connected live to the Do\u00f1ana National Park and the Iberian lynx Captive Breeding Centre. Several conferences, scientific film sessions, research group meetings and presentations of international environmental campaigns such as the &#8220;Starlight Initiative&#8221; have also been held at its facilities.  <\/p>\n<p>Other award-winning projects were, for example, the reintroduction programmes of the Iberian lynx in Cordoba and Portugal; the Bear Patrols in Asturias, which seek data for the management and knowledge of the ecology of the brown bear species; the Sierra Nevada Global Change Observatory in Granada; or the Spanish roe deer association, among others.<\/p>\n","protected":false},"author":11,"featured_media":0,"template":"","meta":{"_acf_changed":false},"palabras_clave":[],"class_list":["post-97857245","actualidad_home","type-actualidad_home","status-publish","hentry"],"acf":[],"yoast_head":"<!-- This site is optimized with the Yoast SEO plugin v26.9 - https:\/\/yoast.com\/product\/yoast-seo-wordpress\/ -->\n<title>The Biodiversity Forum awarded as one of the 10 best ideas to save nature - Fundaci\u00f3n Biodiversidad<\/title>\n<meta name=\"robots\" content=\"index, follow, max-snippet:-1, max-image-preview:large, max-video-preview:-1\" \/>\n<link rel=\"canonical\" href=\"https:\/\/fundacion-biodiversidad.es\/en\/actualidad_home\/the-biodiversity-forum-awarded-as-one-of-the-10-best-ideas-to-save-nature\/\" \/>\n<meta property=\"og:locale\" content=\"en_US\" \/>\n<meta property=\"og:type\" content=\"article\" \/>\n<meta property=\"og:title\" content=\"The Biodiversity Forum awarded as one of the 10 best ideas to save nature - Fundaci\u00f3n Biodiversidad\" \/>\n<meta property=\"og:description\" content=\"The Biodiversity Forum, a space for environmental and scientific dissemination of the Biodiversity Foundation of the Ministry of the Environment, Rural and Marine Affairs (MARM) [&hellip;]\" \/>\n<meta property=\"og:url\" content=\"https:\/\/fundacion-biodiversidad.es\/en\/actualidad_home\/the-biodiversity-forum-awarded-as-one-of-the-10-best-ideas-to-save-nature\/\" \/>\n<meta property=\"og:site_name\" content=\"Fundaci\u00f3n Biodiversidad\" \/>\n<meta property=\"og:image\" content=\"https:\/\/fundacion-biodiversidad.es\/wp-content\/uploads\/2023\/01\/2487661294_35330241_720x405.png\" \/>\n\t<meta property=\"og:image:width\" content=\"720\" \/>\n\t<meta property=\"og:image:height\" content=\"405\" \/>\n\t<meta property=\"og:image:type\" content=\"image\/png\" \/>\n<meta name=\"twitter:card\" content=\"summary_large_image\" \/>\n<meta name=\"twitter:label1\" content=\"Est. reading time\" \/>\n\t<meta name=\"twitter:data1\" content=\"2 minutes\" \/>\n<script type=\"application\/ld+json\" class=\"yoast-schema-graph\">{\"@context\":\"https:\/\/schema.org\",\"@graph\":[{\"@type\":\"WebPage\",\"@id\":\"https:\/\/fundacion-biodiversidad.es\/en\/actualidad_home\/the-biodiversity-forum-awarded-as-one-of-the-10-best-ideas-to-save-nature\/\",\"url\":\"https:\/\/fundacion-biodiversidad.es\/en\/actualidad_home\/the-biodiversity-forum-awarded-as-one-of-the-10-best-ideas-to-save-nature\/\",\"name\":\"The Biodiversity Forum awarded as one of the 10 best ideas to save nature - Fundaci\u00f3n Biodiversidad\",\"isPartOf\":{\"@id\":\"https:\/\/fundacion-biodiversidad.es\/en\/#website\"},\"datePublished\":\"2014-03-24T15:22:28+00:00\",\"breadcrumb\":{\"@id\":\"https:\/\/fundacion-biodiversidad.es\/en\/actualidad_home\/the-biodiversity-forum-awarded-as-one-of-the-10-best-ideas-to-save-nature\/#breadcrumb\"},\"inLanguage\":\"en-US\",\"potentialAction\":[{\"@type\":\"ReadAction\",\"target\":[\"https:\/\/fundacion-biodiversidad.es\/en\/actualidad_home\/the-biodiversity-forum-awarded-as-one-of-the-10-best-ideas-to-save-nature\/\"]}]},{\"@type\":\"BreadcrumbList\",\"@id\":\"https:\/\/fundacion-biodiversidad.es\/en\/actualidad_home\/the-biodiversity-forum-awarded-as-one-of-the-10-best-ideas-to-save-nature\/#breadcrumb\",\"itemListElement\":[{\"@type\":\"ListItem\",\"position\":1,\"name\":\"Portada\",\"item\":\"https:\/\/fundacion-biodiversidad.es\/en\/inicio\/\"},{\"@type\":\"ListItem\",\"position\":2,\"name\":\"Noticias de actualidad\",\"item\":\"https:\/\/fundacion-biodiversidad.es\/en\/actualidad_home\/\"},{\"@type\":\"ListItem\",\"position\":3,\"name\":\"The Biodiversity Forum awarded as one of the 10 best ideas to save nature\"}]},{\"@type\":\"WebSite\",\"@id\":\"https:\/\/fundacion-biodiversidad.es\/en\/#website\",\"url\":\"https:\/\/fundacion-biodiversidad.es\/en\/\",\"name\":\"Fundaci\u00f3n Biodiversidad\",\"description\":\"Fundaci\u00f3n p\u00fablica adscrita al Ministerio para la Transici\u00f3n Ecol\u00f3gica\",\"potentialAction\":[{\"@type\":\"SearchAction\",\"target\":{\"@type\":\"EntryPoint\",\"urlTemplate\":\"https:\/\/fundacion-biodiversidad.es\/en\/?s={search_term_string}\"},\"query-input\":{\"@type\":\"PropertyValueSpecification\",\"valueRequired\":true,\"valueName\":\"search_term_string\"}}],\"inLanguage\":\"en-US\"}]}<\/script>\n<!-- \/ Yoast SEO plugin. -->","yoast_head_json":{"title":"The Biodiversity Forum awarded as one of the 10 best ideas to save nature - Fundaci\u00f3n Biodiversidad","robots":{"index":"index","follow":"follow","max-snippet":"max-snippet:-1","max-image-preview":"max-image-preview:large","max-video-preview":"max-video-preview:-1"},"canonical":"https:\/\/fundacion-biodiversidad.es\/en\/actualidad_home\/the-biodiversity-forum-awarded-as-one-of-the-10-best-ideas-to-save-nature\/","og_locale":"en_US","og_type":"article","og_title":"The Biodiversity Forum awarded as one of the 10 best ideas to save nature - Fundaci\u00f3n Biodiversidad","og_description":"The Biodiversity Forum, a space for environmental and scientific dissemination of the Biodiversity Foundation of the Ministry of the Environment, Rural and Marine Affairs (MARM) [&hellip;]","og_url":"https:\/\/fundacion-biodiversidad.es\/en\/actualidad_home\/the-biodiversity-forum-awarded-as-one-of-the-10-best-ideas-to-save-nature\/","og_site_name":"Fundaci\u00f3n Biodiversidad","og_image":[{"width":720,"height":405,"url":"https:\/\/fundacion-biodiversidad.es\/wp-content\/uploads\/2023\/01\/2487661294_35330241_720x405.png","type":"image\/png"}],"twitter_card":"summary_large_image","twitter_misc":{"Est. reading time":"2 minutes"},"schema":{"@context":"https:\/\/schema.org","@graph":[{"@type":"WebPage","@id":"https:\/\/fundacion-biodiversidad.es\/en\/actualidad_home\/the-biodiversity-forum-awarded-as-one-of-the-10-best-ideas-to-save-nature\/","url":"https:\/\/fundacion-biodiversidad.es\/en\/actualidad_home\/the-biodiversity-forum-awarded-as-one-of-the-10-best-ideas-to-save-nature\/","name":"The Biodiversity Forum awarded as one of the 10 best ideas to save nature - Fundaci\u00f3n Biodiversidad","isPartOf":{"@id":"https:\/\/fundacion-biodiversidad.es\/en\/#website"},"datePublished":"2014-03-24T15:22:28+00:00","breadcrumb":{"@id":"https:\/\/fundacion-biodiversidad.es\/en\/actualidad_home\/the-biodiversity-forum-awarded-as-one-of-the-10-best-ideas-to-save-nature\/#breadcrumb"},"inLanguage":"en-US","potentialAction":[{"@type":"ReadAction","target":["https:\/\/fundacion-biodiversidad.es\/en\/actualidad_home\/the-biodiversity-forum-awarded-as-one-of-the-10-best-ideas-to-save-nature\/"]}]},{"@type":"BreadcrumbList","@id":"https:\/\/fundacion-biodiversidad.es\/en\/actualidad_home\/the-biodiversity-forum-awarded-as-one-of-the-10-best-ideas-to-save-nature\/#breadcrumb","itemListElement":[{"@type":"ListItem","position":1,"name":"Portada","item":"https:\/\/fundacion-biodiversidad.es\/en\/inicio\/"},{"@type":"ListItem","position":2,"name":"Noticias de actualidad","item":"https:\/\/fundacion-biodiversidad.es\/en\/actualidad_home\/"},{"@type":"ListItem","position":3,"name":"The Biodiversity Forum awarded as one of the 10 best ideas to save nature"}]},{"@type":"WebSite","@id":"https:\/\/fundacion-biodiversidad.es\/en\/#website","url":"https:\/\/fundacion-biodiversidad.es\/en\/","name":"Fundaci\u00f3n Biodiversidad","description":"Fundaci\u00f3n p\u00fablica adscrita al Ministerio para la Transici\u00f3n Ecol\u00f3gica","potentialAction":[{"@type":"SearchAction","target":{"@type":"EntryPoint","urlTemplate":"https:\/\/fundacion-biodiversidad.es\/en\/?s={search_term_string}"},"query-input":{"@type":"PropertyValueSpecification","valueRequired":true,"valueName":"search_term_string"}}],"inLanguage":"en-US"}]}},"_links":{"self":[{"href":"https:\/\/fundacion-biodiversidad.es\/en\/wp-json\/wp\/v2\/actualidad_home\/97857245","targetHints":{"allow":["GET"]}}],"collection":[{"href":"https:\/\/fundacion-biodiversidad.es\/en\/wp-json\/wp\/v2\/actualidad_home"}],"about":[{"href":"https:\/\/fundacion-biodiversidad.es\/en\/wp-json\/wp\/v2\/types\/actualidad_home"}],"author":[{"embeddable":true,"href":"https:\/\/fundacion-biodiversidad.es\/en\/wp-json\/wp\/v2\/users\/11"}],"wp:attachment":[{"href":"https:\/\/fundacion-biodiversidad.es\/en\/wp-json\/wp\/v2\/media?parent=97857245"}],"wp:term":[{"taxonomy":"palabras_clave","embeddable":true,"href":"https:\/\/fundacion-biodiversidad.es\/en\/wp-json\/wp\/v2\/palabras_clave?post=97857245"}],"curies":[{"name":"wp","href":"https:\/\/api.w.org\/{rel}","templated":true}]}}