{"id":97857251,"date":"2014-03-24T16:22:24","date_gmt":"2014-03-24T15:22:24","guid":{"rendered":"https:\/\/fundacion-biodiversidad.es\/actualidad_home\/the-biscayan-beach-of-plentzia-hosts-the-exhibition-the-wild-gaze\/"},"modified":"2014-03-24T16:22:24","modified_gmt":"2014-03-24T15:22:24","slug":"the-biscayan-beach-of-plentzia-hosts-the-exhibition-the-wild-gaze","status":"publish","type":"actualidad_home","link":"https:\/\/fundacion-biodiversidad.es\/en\/actualidad_home\/the-biscayan-beach-of-plentzia-hosts-the-exhibition-the-wild-gaze\/","title":{"rendered":"The Biscayan beach of Plentzia hosts the exhibition The Wild Gaze"},"content":{"rendered":"<p>The Biodiversity Foundation celebrates the International Year of Biological Diversity by showcasing the work of a nature photographer, Andoni Canela, determined to reveal everyday scenes of Iberian fauna and their habitats through striking images. Today the exhibition &#8220;The Wild Gaze. Encounters with Iberian fauna&#8221; arrives at the Plentzia Environmental Classroom, in Bilbao (Paseo Ondarreta, s\/n, Plentzia, Bizkaia), where the public can enjoy it until September 10.   <\/p>\n<p><!--more--><\/p>\n<p>  It is an exciting story written from the scenes provided by dozens of species photographed in a state of absolute freedom. It is an unpublished document due to the complexity of portraying the elusive inhabitants of our forests, mountains and mountain ranges without being disturbed, without altering their environment in the slightest. And with a message: enjoying the photographs of bears, lynxes, wolves, capercaillie, foxes, bearded vultures, chamois is the first step to protect them.  <\/p>\n<p>  The photographic exhibition that arrives today in Bilbao with the support of the Provincial Council of Bizkaia, has been produced by the author himself, in collaboration with the Biodiversity Foundation.  <\/p>\n<p>  &#8220;The Wild Gaze&#8221; is made up of 30 spectacular images that welcome visitors from the columns of the arcades that shelter the Environmental Classroom of Plentzia, facing the Cantabrian Sea: they are the ambassadors of the International Year of Biological Diversity, bearers of a message of respect for the habitats where they have lived for thousands of years.  wildlife sanctuaries that have made Spain one of the most biodiverse places in Europe.  <\/p>\n<p>  Inside the Environmental Classroom, the enlarged images between 1.20 x 0.90 metres and 2.00 x 1.30 metres, varnished by hand and mounted on oak wood frames from beams more than three centuries old from an old farmhouse in the Catalan Pyrenees, continue the story of Iberian nature by provoking encounters of the public with the exciting natural life of the Peninsula. The explanatory sheets that accompany the photos reveal the places where they have been taken, as well as the conservation status of each species and its distribution in the Peninsula.   <\/p>\n<p>  More than 20,000 people have already seen the exhibition in Valencia, Zaragoza and Madrid. After passing through Bilbao, the exhibition will continue its tour in Valladolid. <\/p>\n<p><strong>Children&#8217;s workshops<br \/><\/strong>&#8220;The Wild Gaze. Encounters with Iberian fauna&#8221; is also designed to arouse the interest of children. One of the objectives of the exhibition is to stimulate respect, love and defense of nature in the little ones through games, stories and educational workshops led by professionals. <\/p>\n<p>  &#8220;The tapestry of biodiversity&#8221; is the workshop directed by the geologist and teacher Susana Pacheco based on the photographs in the exhibition. Based on the images, the teacher will propose different games, questions and narratives for the little ones to approach the hidden wild world of the Iberian Peninsula, with the aim of enjoying getting to know the protagonists of the exhibition better: bears, lynxes, wolves, capercaillie, bearded vultures, golden eagles&#8230; and the incredible places where they live in freedom. In a tapestry with the different habitats of the Iberian fauna, Susana Pacheco will propose to complete the wonderful puzzle of Spanish biodiversity. The scheduled date for the workshop is August 7, in the Environmental Classroom of Plentzia, from 12 to 17:30 hours. Approximate age: From 6 to 10 years.    <\/p>\n","protected":false},"author":11,"featured_media":0,"template":"","meta":{"_acf_changed":false},"palabras_clave":[],"class_list":["post-97857251","actualidad_home","type-actualidad_home","status-publish","hentry"],"acf":[],"yoast_head":"<!-- This site is optimized with the Yoast SEO plugin v26.9 - https:\/\/yoast.com\/product\/yoast-seo-wordpress\/ -->\n<title>The Biscayan beach of Plentzia hosts the exhibition The Wild Gaze - Fundaci\u00f3n Biodiversidad<\/title>\n<meta name=\"robots\" content=\"index, follow, max-snippet:-1, max-image-preview:large, max-video-preview:-1\" \/>\n<link rel=\"canonical\" href=\"https:\/\/fundacion-biodiversidad.es\/en\/actualidad_home\/the-biscayan-beach-of-plentzia-hosts-the-exhibition-the-wild-gaze\/\" \/>\n<meta property=\"og:locale\" content=\"en_US\" \/>\n<meta property=\"og:type\" content=\"article\" \/>\n<meta property=\"og:title\" content=\"The Biscayan beach of Plentzia hosts the exhibition The Wild Gaze - Fundaci\u00f3n Biodiversidad\" \/>\n<meta property=\"og:description\" content=\"The Biodiversity Foundation celebrates the International Year of Biological Diversity by showcasing the work of a nature photographer, Andoni Canela, determined to reveal everyday scenes [&hellip;]\" \/>\n<meta property=\"og:url\" content=\"https:\/\/fundacion-biodiversidad.es\/en\/actualidad_home\/the-biscayan-beach-of-plentzia-hosts-the-exhibition-the-wild-gaze\/\" \/>\n<meta property=\"og:site_name\" content=\"Fundaci\u00f3n Biodiversidad\" \/>\n<meta property=\"og:image\" content=\"https:\/\/fundacion-biodiversidad.es\/wp-content\/uploads\/2023\/01\/2487661294_35330241_720x405.png\" \/>\n\t<meta property=\"og:image:width\" content=\"720\" \/>\n\t<meta property=\"og:image:height\" content=\"405\" \/>\n\t<meta property=\"og:image:type\" content=\"image\/png\" \/>\n<meta name=\"twitter:card\" content=\"summary_large_image\" \/>\n<meta name=\"twitter:label1\" content=\"Est. reading time\" \/>\n\t<meta name=\"twitter:data1\" content=\"3 minutes\" \/>\n<script type=\"application\/ld+json\" class=\"yoast-schema-graph\">{\"@context\":\"https:\/\/schema.org\",\"@graph\":[{\"@type\":\"WebPage\",\"@id\":\"https:\/\/fundacion-biodiversidad.es\/en\/actualidad_home\/the-biscayan-beach-of-plentzia-hosts-the-exhibition-the-wild-gaze\/\",\"url\":\"https:\/\/fundacion-biodiversidad.es\/en\/actualidad_home\/the-biscayan-beach-of-plentzia-hosts-the-exhibition-the-wild-gaze\/\",\"name\":\"The Biscayan beach of Plentzia hosts the exhibition The Wild Gaze - Fundaci\u00f3n Biodiversidad\",\"isPartOf\":{\"@id\":\"https:\/\/fundacion-biodiversidad.es\/en\/#website\"},\"datePublished\":\"2014-03-24T15:22:24+00:00\",\"breadcrumb\":{\"@id\":\"https:\/\/fundacion-biodiversidad.es\/en\/actualidad_home\/the-biscayan-beach-of-plentzia-hosts-the-exhibition-the-wild-gaze\/#breadcrumb\"},\"inLanguage\":\"en-US\",\"potentialAction\":[{\"@type\":\"ReadAction\",\"target\":[\"https:\/\/fundacion-biodiversidad.es\/en\/actualidad_home\/the-biscayan-beach-of-plentzia-hosts-the-exhibition-the-wild-gaze\/\"]}]},{\"@type\":\"BreadcrumbList\",\"@id\":\"https:\/\/fundacion-biodiversidad.es\/en\/actualidad_home\/the-biscayan-beach-of-plentzia-hosts-the-exhibition-the-wild-gaze\/#breadcrumb\",\"itemListElement\":[{\"@type\":\"ListItem\",\"position\":1,\"name\":\"Portada\",\"item\":\"https:\/\/fundacion-biodiversidad.es\/en\/inicio\/\"},{\"@type\":\"ListItem\",\"position\":2,\"name\":\"Noticias de actualidad\",\"item\":\"https:\/\/fundacion-biodiversidad.es\/en\/actualidad_home\/\"},{\"@type\":\"ListItem\",\"position\":3,\"name\":\"The Biscayan beach of Plentzia hosts the exhibition The Wild Gaze\"}]},{\"@type\":\"WebSite\",\"@id\":\"https:\/\/fundacion-biodiversidad.es\/en\/#website\",\"url\":\"https:\/\/fundacion-biodiversidad.es\/en\/\",\"name\":\"Fundaci\u00f3n Biodiversidad\",\"description\":\"Fundaci\u00f3n p\u00fablica adscrita al Ministerio para la Transici\u00f3n Ecol\u00f3gica\",\"potentialAction\":[{\"@type\":\"SearchAction\",\"target\":{\"@type\":\"EntryPoint\",\"urlTemplate\":\"https:\/\/fundacion-biodiversidad.es\/en\/?s={search_term_string}\"},\"query-input\":{\"@type\":\"PropertyValueSpecification\",\"valueRequired\":true,\"valueName\":\"search_term_string\"}}],\"inLanguage\":\"en-US\"}]}<\/script>\n<!-- \/ Yoast SEO plugin. -->","yoast_head_json":{"title":"The Biscayan beach of Plentzia hosts the exhibition The Wild Gaze - Fundaci\u00f3n Biodiversidad","robots":{"index":"index","follow":"follow","max-snippet":"max-snippet:-1","max-image-preview":"max-image-preview:large","max-video-preview":"max-video-preview:-1"},"canonical":"https:\/\/fundacion-biodiversidad.es\/en\/actualidad_home\/the-biscayan-beach-of-plentzia-hosts-the-exhibition-the-wild-gaze\/","og_locale":"en_US","og_type":"article","og_title":"The Biscayan beach of Plentzia hosts the exhibition The Wild Gaze - Fundaci\u00f3n Biodiversidad","og_description":"The Biodiversity Foundation celebrates the International Year of Biological Diversity by showcasing the work of a nature photographer, Andoni Canela, determined to reveal everyday scenes [&hellip;]","og_url":"https:\/\/fundacion-biodiversidad.es\/en\/actualidad_home\/the-biscayan-beach-of-plentzia-hosts-the-exhibition-the-wild-gaze\/","og_site_name":"Fundaci\u00f3n Biodiversidad","og_image":[{"width":720,"height":405,"url":"https:\/\/fundacion-biodiversidad.es\/wp-content\/uploads\/2023\/01\/2487661294_35330241_720x405.png","type":"image\/png"}],"twitter_card":"summary_large_image","twitter_misc":{"Est. reading time":"3 minutes"},"schema":{"@context":"https:\/\/schema.org","@graph":[{"@type":"WebPage","@id":"https:\/\/fundacion-biodiversidad.es\/en\/actualidad_home\/the-biscayan-beach-of-plentzia-hosts-the-exhibition-the-wild-gaze\/","url":"https:\/\/fundacion-biodiversidad.es\/en\/actualidad_home\/the-biscayan-beach-of-plentzia-hosts-the-exhibition-the-wild-gaze\/","name":"The Biscayan beach of Plentzia hosts the exhibition The Wild Gaze - Fundaci\u00f3n Biodiversidad","isPartOf":{"@id":"https:\/\/fundacion-biodiversidad.es\/en\/#website"},"datePublished":"2014-03-24T15:22:24+00:00","breadcrumb":{"@id":"https:\/\/fundacion-biodiversidad.es\/en\/actualidad_home\/the-biscayan-beach-of-plentzia-hosts-the-exhibition-the-wild-gaze\/#breadcrumb"},"inLanguage":"en-US","potentialAction":[{"@type":"ReadAction","target":["https:\/\/fundacion-biodiversidad.es\/en\/actualidad_home\/the-biscayan-beach-of-plentzia-hosts-the-exhibition-the-wild-gaze\/"]}]},{"@type":"BreadcrumbList","@id":"https:\/\/fundacion-biodiversidad.es\/en\/actualidad_home\/the-biscayan-beach-of-plentzia-hosts-the-exhibition-the-wild-gaze\/#breadcrumb","itemListElement":[{"@type":"ListItem","position":1,"name":"Portada","item":"https:\/\/fundacion-biodiversidad.es\/en\/inicio\/"},{"@type":"ListItem","position":2,"name":"Noticias de actualidad","item":"https:\/\/fundacion-biodiversidad.es\/en\/actualidad_home\/"},{"@type":"ListItem","position":3,"name":"The Biscayan beach of Plentzia hosts the exhibition The Wild Gaze"}]},{"@type":"WebSite","@id":"https:\/\/fundacion-biodiversidad.es\/en\/#website","url":"https:\/\/fundacion-biodiversidad.es\/en\/","name":"Fundaci\u00f3n Biodiversidad","description":"Fundaci\u00f3n p\u00fablica adscrita al Ministerio para la Transici\u00f3n Ecol\u00f3gica","potentialAction":[{"@type":"SearchAction","target":{"@type":"EntryPoint","urlTemplate":"https:\/\/fundacion-biodiversidad.es\/en\/?s={search_term_string}"},"query-input":{"@type":"PropertyValueSpecification","valueRequired":true,"valueName":"search_term_string"}}],"inLanguage":"en-US"}]}},"_links":{"self":[{"href":"https:\/\/fundacion-biodiversidad.es\/en\/wp-json\/wp\/v2\/actualidad_home\/97857251","targetHints":{"allow":["GET"]}}],"collection":[{"href":"https:\/\/fundacion-biodiversidad.es\/en\/wp-json\/wp\/v2\/actualidad_home"}],"about":[{"href":"https:\/\/fundacion-biodiversidad.es\/en\/wp-json\/wp\/v2\/types\/actualidad_home"}],"author":[{"embeddable":true,"href":"https:\/\/fundacion-biodiversidad.es\/en\/wp-json\/wp\/v2\/users\/11"}],"wp:attachment":[{"href":"https:\/\/fundacion-biodiversidad.es\/en\/wp-json\/wp\/v2\/media?parent=97857251"}],"wp:term":[{"taxonomy":"palabras_clave","embeddable":true,"href":"https:\/\/fundacion-biodiversidad.es\/en\/wp-json\/wp\/v2\/palabras_clave?post=97857251"}],"curies":[{"name":"wp","href":"https:\/\/api.w.org\/{rel}","templated":true}]}}