{"id":97857252,"date":"2014-03-24T16:22:24","date_gmt":"2014-03-24T15:22:24","guid":{"rendered":"https:\/\/fundacion-biodiversidad.es\/actualidad_home\/the-biodiversity-forum-proposes-a-journey-through-the-diversity-of-the-iberian-peninsula\/"},"modified":"2014-03-24T16:22:24","modified_gmt":"2014-03-24T15:22:24","slug":"the-biodiversity-forum-proposes-a-journey-through-the-diversity-of-the-iberian-peninsula","status":"publish","type":"actualidad_home","link":"https:\/\/fundacion-biodiversidad.es\/en\/actualidad_home\/the-biodiversity-forum-proposes-a-journey-through-the-diversity-of-the-iberian-peninsula\/","title":{"rendered":"The Biodiversity Forum proposes a journey through the diversity of the Iberian Peninsula"},"content":{"rendered":"<p>The Biodiversity Forum, a dissemination space of the Spanish National Research Council (CSIC) and the Biodiversity Foundation, has been hosting since June 21 the exhibition &#8220;Iberia: a space of diversity&#8221;, an exhibition by the renowned Sevillian nature photographer Herminio M. Mu\u00f1iz.  <\/p>\n<p><!--more--><\/p>\n<p><input border=\"10\" hspace=\"5\" align=\"left\" width=\"220\" height=\"155\" type=\"image\" longdesc=\"undefined\" src=\"images\/stories\/imagenes\/noticias\/2010\/exposicionIberia.jpg\">The Biodiversity Forum, a space for dissemination of the Spanish National Research Council (CSIC) and the Biodiversity Foundation, has been hosting since June 21 the exhibition &#8220;Iberia: a space of diversity&#8221;, an exhibition by the renowned Sevillian nature photographer Herminio M. Mu\u00f1iz.<\/p>\n<p>The opening ceremony is attended by the Minister of the Environment of the Junta de Andaluc\u00eda, Jos\u00e9 Juan D\u00edaz Trillo; the institutional coordinator of the CSIC in Andalusia, Fernando Hiraldo; and the curator of the exhibition, Antonio Camoy\u00e1n. The exhibition, which is part of the activities planned to commemorate the &#8220;International Year of Biological Diversity&#8221;, will be open until October 3. <\/p>\n<p>&#8220;Iberia: a space of diversity&#8221; offers a visual journey through the different ecosystems that coexist in the Iberian Peninsula. More than 300 images, projected continuously on high-definition digital screens, account for the flora and fauna of the Mediterranean forest, wetlands, mountains, deserts and steppe crops, the coastal coast and the Atlantic forest. For about 6 years, Herminio M. Mu\u00f1iz has traveled throughout the Iberian Peninsula carrying out various audiovisual projects; the result of which are the images that make up this exhibition.  <\/p>\n<p>For the production of these photographs, apart from immersing himself on more than one occasion in the wetlands, Mu\u00f1iz has also resorted to the use of helicopters or the installation of &#8220;hides&#8221;, that is, structures camouflaged in nature that hide the photographer and allow an approach to the wildlife in its usual behavior.  <br \/>\n&nbsp;<\/p>\n","protected":false},"author":11,"featured_media":0,"template":"","meta":{"_acf_changed":false},"palabras_clave":[],"class_list":["post-97857252","actualidad_home","type-actualidad_home","status-publish","hentry"],"acf":[],"yoast_head":"<!-- This site is optimized with the Yoast SEO plugin v26.9 - https:\/\/yoast.com\/product\/yoast-seo-wordpress\/ -->\n<title>The Biodiversity Forum proposes a journey through the diversity of the Iberian Peninsula - Fundaci\u00f3n Biodiversidad<\/title>\n<meta name=\"robots\" content=\"index, follow, max-snippet:-1, max-image-preview:large, max-video-preview:-1\" \/>\n<link rel=\"canonical\" href=\"https:\/\/fundacion-biodiversidad.es\/en\/actualidad_home\/the-biodiversity-forum-proposes-a-journey-through-the-diversity-of-the-iberian-peninsula\/\" \/>\n<meta property=\"og:locale\" content=\"en_US\" \/>\n<meta property=\"og:type\" content=\"article\" \/>\n<meta property=\"og:title\" content=\"The Biodiversity Forum proposes a journey through the diversity of the Iberian Peninsula - Fundaci\u00f3n Biodiversidad\" \/>\n<meta property=\"og:description\" content=\"The Biodiversity Forum, a dissemination space of the Spanish National Research Council (CSIC) and the Biodiversity Foundation, has been hosting since June 21 the exhibition [&hellip;]\" \/>\n<meta property=\"og:url\" content=\"https:\/\/fundacion-biodiversidad.es\/en\/actualidad_home\/the-biodiversity-forum-proposes-a-journey-through-the-diversity-of-the-iberian-peninsula\/\" \/>\n<meta property=\"og:site_name\" content=\"Fundaci\u00f3n Biodiversidad\" \/>\n<meta property=\"og:image\" content=\"https:\/\/fundacion-biodiversidad.es\/wp-content\/uploads\/2023\/01\/2487661294_35330241_720x405.png\" \/>\n\t<meta property=\"og:image:width\" content=\"720\" \/>\n\t<meta property=\"og:image:height\" content=\"405\" \/>\n\t<meta property=\"og:image:type\" content=\"image\/png\" \/>\n<meta name=\"twitter:card\" content=\"summary_large_image\" \/>\n<meta name=\"twitter:label1\" content=\"Est. reading time\" \/>\n\t<meta name=\"twitter:data1\" content=\"1 minute\" \/>\n<script type=\"application\/ld+json\" class=\"yoast-schema-graph\">{\"@context\":\"https:\/\/schema.org\",\"@graph\":[{\"@type\":\"WebPage\",\"@id\":\"https:\/\/fundacion-biodiversidad.es\/en\/actualidad_home\/the-biodiversity-forum-proposes-a-journey-through-the-diversity-of-the-iberian-peninsula\/\",\"url\":\"https:\/\/fundacion-biodiversidad.es\/en\/actualidad_home\/the-biodiversity-forum-proposes-a-journey-through-the-diversity-of-the-iberian-peninsula\/\",\"name\":\"The Biodiversity Forum proposes a journey through the diversity of the Iberian Peninsula - Fundaci\u00f3n Biodiversidad\",\"isPartOf\":{\"@id\":\"https:\/\/fundacion-biodiversidad.es\/en\/#website\"},\"datePublished\":\"2014-03-24T15:22:24+00:00\",\"breadcrumb\":{\"@id\":\"https:\/\/fundacion-biodiversidad.es\/en\/actualidad_home\/the-biodiversity-forum-proposes-a-journey-through-the-diversity-of-the-iberian-peninsula\/#breadcrumb\"},\"inLanguage\":\"en-US\",\"potentialAction\":[{\"@type\":\"ReadAction\",\"target\":[\"https:\/\/fundacion-biodiversidad.es\/en\/actualidad_home\/the-biodiversity-forum-proposes-a-journey-through-the-diversity-of-the-iberian-peninsula\/\"]}]},{\"@type\":\"BreadcrumbList\",\"@id\":\"https:\/\/fundacion-biodiversidad.es\/en\/actualidad_home\/the-biodiversity-forum-proposes-a-journey-through-the-diversity-of-the-iberian-peninsula\/#breadcrumb\",\"itemListElement\":[{\"@type\":\"ListItem\",\"position\":1,\"name\":\"Portada\",\"item\":\"https:\/\/fundacion-biodiversidad.es\/en\/inicio\/\"},{\"@type\":\"ListItem\",\"position\":2,\"name\":\"Noticias de actualidad\",\"item\":\"https:\/\/fundacion-biodiversidad.es\/en\/actualidad_home\/\"},{\"@type\":\"ListItem\",\"position\":3,\"name\":\"The Biodiversity Forum proposes a journey through the diversity of the Iberian Peninsula\"}]},{\"@type\":\"WebSite\",\"@id\":\"https:\/\/fundacion-biodiversidad.es\/en\/#website\",\"url\":\"https:\/\/fundacion-biodiversidad.es\/en\/\",\"name\":\"Fundaci\u00f3n Biodiversidad\",\"description\":\"Fundaci\u00f3n p\u00fablica adscrita al Ministerio para la Transici\u00f3n Ecol\u00f3gica\",\"potentialAction\":[{\"@type\":\"SearchAction\",\"target\":{\"@type\":\"EntryPoint\",\"urlTemplate\":\"https:\/\/fundacion-biodiversidad.es\/en\/?s={search_term_string}\"},\"query-input\":{\"@type\":\"PropertyValueSpecification\",\"valueRequired\":true,\"valueName\":\"search_term_string\"}}],\"inLanguage\":\"en-US\"}]}<\/script>\n<!-- \/ Yoast SEO plugin. -->","yoast_head_json":{"title":"The Biodiversity Forum proposes a journey through the diversity of the Iberian Peninsula - Fundaci\u00f3n Biodiversidad","robots":{"index":"index","follow":"follow","max-snippet":"max-snippet:-1","max-image-preview":"max-image-preview:large","max-video-preview":"max-video-preview:-1"},"canonical":"https:\/\/fundacion-biodiversidad.es\/en\/actualidad_home\/the-biodiversity-forum-proposes-a-journey-through-the-diversity-of-the-iberian-peninsula\/","og_locale":"en_US","og_type":"article","og_title":"The Biodiversity Forum proposes a journey through the diversity of the Iberian Peninsula - Fundaci\u00f3n Biodiversidad","og_description":"The Biodiversity Forum, a dissemination space of the Spanish National Research Council (CSIC) and the Biodiversity Foundation, has been hosting since June 21 the exhibition [&hellip;]","og_url":"https:\/\/fundacion-biodiversidad.es\/en\/actualidad_home\/the-biodiversity-forum-proposes-a-journey-through-the-diversity-of-the-iberian-peninsula\/","og_site_name":"Fundaci\u00f3n Biodiversidad","og_image":[{"width":720,"height":405,"url":"https:\/\/fundacion-biodiversidad.es\/wp-content\/uploads\/2023\/01\/2487661294_35330241_720x405.png","type":"image\/png"}],"twitter_card":"summary_large_image","twitter_misc":{"Est. reading time":"1 minute"},"schema":{"@context":"https:\/\/schema.org","@graph":[{"@type":"WebPage","@id":"https:\/\/fundacion-biodiversidad.es\/en\/actualidad_home\/the-biodiversity-forum-proposes-a-journey-through-the-diversity-of-the-iberian-peninsula\/","url":"https:\/\/fundacion-biodiversidad.es\/en\/actualidad_home\/the-biodiversity-forum-proposes-a-journey-through-the-diversity-of-the-iberian-peninsula\/","name":"The Biodiversity Forum proposes a journey through the diversity of the Iberian Peninsula - Fundaci\u00f3n Biodiversidad","isPartOf":{"@id":"https:\/\/fundacion-biodiversidad.es\/en\/#website"},"datePublished":"2014-03-24T15:22:24+00:00","breadcrumb":{"@id":"https:\/\/fundacion-biodiversidad.es\/en\/actualidad_home\/the-biodiversity-forum-proposes-a-journey-through-the-diversity-of-the-iberian-peninsula\/#breadcrumb"},"inLanguage":"en-US","potentialAction":[{"@type":"ReadAction","target":["https:\/\/fundacion-biodiversidad.es\/en\/actualidad_home\/the-biodiversity-forum-proposes-a-journey-through-the-diversity-of-the-iberian-peninsula\/"]}]},{"@type":"BreadcrumbList","@id":"https:\/\/fundacion-biodiversidad.es\/en\/actualidad_home\/the-biodiversity-forum-proposes-a-journey-through-the-diversity-of-the-iberian-peninsula\/#breadcrumb","itemListElement":[{"@type":"ListItem","position":1,"name":"Portada","item":"https:\/\/fundacion-biodiversidad.es\/en\/inicio\/"},{"@type":"ListItem","position":2,"name":"Noticias de actualidad","item":"https:\/\/fundacion-biodiversidad.es\/en\/actualidad_home\/"},{"@type":"ListItem","position":3,"name":"The Biodiversity Forum proposes a journey through the diversity of the Iberian Peninsula"}]},{"@type":"WebSite","@id":"https:\/\/fundacion-biodiversidad.es\/en\/#website","url":"https:\/\/fundacion-biodiversidad.es\/en\/","name":"Fundaci\u00f3n Biodiversidad","description":"Fundaci\u00f3n p\u00fablica adscrita al Ministerio para la Transici\u00f3n Ecol\u00f3gica","potentialAction":[{"@type":"SearchAction","target":{"@type":"EntryPoint","urlTemplate":"https:\/\/fundacion-biodiversidad.es\/en\/?s={search_term_string}"},"query-input":{"@type":"PropertyValueSpecification","valueRequired":true,"valueName":"search_term_string"}}],"inLanguage":"en-US"}]}},"_links":{"self":[{"href":"https:\/\/fundacion-biodiversidad.es\/en\/wp-json\/wp\/v2\/actualidad_home\/97857252","targetHints":{"allow":["GET"]}}],"collection":[{"href":"https:\/\/fundacion-biodiversidad.es\/en\/wp-json\/wp\/v2\/actualidad_home"}],"about":[{"href":"https:\/\/fundacion-biodiversidad.es\/en\/wp-json\/wp\/v2\/types\/actualidad_home"}],"author":[{"embeddable":true,"href":"https:\/\/fundacion-biodiversidad.es\/en\/wp-json\/wp\/v2\/users\/11"}],"wp:attachment":[{"href":"https:\/\/fundacion-biodiversidad.es\/en\/wp-json\/wp\/v2\/media?parent=97857252"}],"wp:term":[{"taxonomy":"palabras_clave","embeddable":true,"href":"https:\/\/fundacion-biodiversidad.es\/en\/wp-json\/wp\/v2\/palabras_clave?post=97857252"}],"curies":[{"name":"wp","href":"https:\/\/api.w.org\/{rel}","templated":true}]}}