{"id":97857254,"date":"2014-03-24T16:22:24","date_gmt":"2014-03-24T15:22:24","guid":{"rendered":"https:\/\/fundacion-biodiversidad.es\/actualidad_home\/ana-leiva-participates-in-the-meeting-sustainability-and-environmental-commitment-of-the-armed-forces-in-the-european-union\/"},"modified":"2014-03-24T16:22:24","modified_gmt":"2014-03-24T15:22:24","slug":"ana-leiva-participates-in-the-meeting-sustainability-and-environmental-commitment-of-the-armed-forces-in-the-european-union","status":"publish","type":"actualidad_home","link":"https:\/\/fundacion-biodiversidad.es\/en\/actualidad_home\/ana-leiva-participates-in-the-meeting-sustainability-and-environmental-commitment-of-the-armed-forces-in-the-european-union\/","title":{"rendered":"Ana Leiva participates in the meeting Sustainability and environmental commitment of the Armed Forces in the European Union"},"content":{"rendered":"<p>Santander is the venue where the meeting &#8220;Sustainability and environmental commitment of the Armed Forces in the European Union&#8221; is being held from today. Ana Leiva, director of the Biodiversity Foundation, takes part in the round table &#8220;Collaboration between the Ministry of Defence and the rest of the Public Administrations in Environmental Management&#8221;.  <\/p>\n<p><!--more--><\/p>\n<p>  The table, moderated by the Director General of Infrastructure of the Ministry of Defence, and director of the meeting, M\u00f3nica Melle Hern\u00e1ndez, will also be attended by the Minister of the Environment of the Junta de Andaluc\u00eda, Juan Jos\u00e9 D\u00edaz Trillo; the Director General of the Natural Environment and Forest Policy of the Ministry of the Environment and Rural and Marine Affairs, Jos\u00e9 Jim\u00e9nez Garc\u00eda-Herrera, and the President of the Group of Agricultural Transformation Companies, S.A. (Tragsa), Mar\u00eda Luisa Gra\u00f1a Barcia.<\/p>\n<p>  The meeting &#8220;Sustainability and environmental commitment of the Armed Forces in the European Union&#8221; will be held from today until next Wednesday, June 23, at the Palacio de la Magdalena in Santander, and has been organized by the Men\u00e9ndez Pelayo International University (UIMP) with the collaboration of the Ministries of Education and Defence.<\/p>\n<p>  The forum seeks to disseminate environmental policies within the Armed Forces of the nations integrated in the European Union. In particular, the concept of sustainable Defence will be dealt with from a multilateral and multinational point of view, which includes the tools for coordinating the environmental policies of the Ministries of Defence of the EU nations with the proposals and legislation emanating from the European Commission, as well as the specific procedures for collaboration in the Spanish Public Administration between the Ministry of Defence and the rest of the aforementioned Administration.   <\/p>\n<p>  &#8220;We believe that there are great ways of collaborating with the Armed Forces for the future. The fact that a significant percentage of the land used by the Ministry of Defence is located in protected areas, mainly in the Natura 2000 Network, illustrates the importance that the management of these farms has had for the biodiversity of our country, as a great reservoir of natural values&#8221;, said Ana Leiva within the framework of the meeting.<\/p>\n<p>  In this regard, in recent years there have been important advances in cooperation for nature conservation, such as the help that Defence is providing through the Military Emergency Units (UME) in firefighting, which has prevented the loss of thousands of hectares of the best ecosystems in our territory and is one of the great threats to biodiversity.  <\/p>\n<p>  Among these cooperation resources, the Director of the Biodiversity Foundation has proposed land stewardship and reforestation, as two of the most important tools for the conservation of natural heritage and the fight against the effects of climate change.<\/p>\n","protected":false},"author":11,"featured_media":0,"template":"","meta":{"_acf_changed":false},"palabras_clave":[],"class_list":["post-97857254","actualidad_home","type-actualidad_home","status-publish","hentry"],"acf":[],"yoast_head":"<!-- This site is optimized with the Yoast SEO plugin v26.9 - https:\/\/yoast.com\/product\/yoast-seo-wordpress\/ -->\n<title>Ana Leiva participates in the meeting Sustainability and environmental commitment of the Armed Forces in the European Union - Fundaci\u00f3n Biodiversidad<\/title>\n<meta name=\"robots\" content=\"index, follow, max-snippet:-1, max-image-preview:large, max-video-preview:-1\" \/>\n<link rel=\"canonical\" href=\"https:\/\/fundacion-biodiversidad.es\/en\/actualidad_home\/ana-leiva-participates-in-the-meeting-sustainability-and-environmental-commitment-of-the-armed-forces-in-the-european-union\/\" \/>\n<meta property=\"og:locale\" content=\"en_US\" \/>\n<meta property=\"og:type\" content=\"article\" \/>\n<meta property=\"og:title\" content=\"Ana Leiva participates in the meeting Sustainability and environmental commitment of the Armed Forces in the European Union - Fundaci\u00f3n Biodiversidad\" \/>\n<meta property=\"og:description\" content=\"Santander is the venue where the meeting &#8220;Sustainability and environmental commitment of the Armed Forces in the European Union&#8221; is being held from today. Ana [&hellip;]\" \/>\n<meta property=\"og:url\" content=\"https:\/\/fundacion-biodiversidad.es\/en\/actualidad_home\/ana-leiva-participates-in-the-meeting-sustainability-and-environmental-commitment-of-the-armed-forces-in-the-european-union\/\" \/>\n<meta property=\"og:site_name\" content=\"Fundaci\u00f3n Biodiversidad\" \/>\n<meta property=\"og:image\" content=\"https:\/\/fundacion-biodiversidad.es\/wp-content\/uploads\/2023\/01\/2487661294_35330241_720x405.png\" \/>\n\t<meta property=\"og:image:width\" content=\"720\" \/>\n\t<meta property=\"og:image:height\" content=\"405\" \/>\n\t<meta property=\"og:image:type\" content=\"image\/png\" \/>\n<meta name=\"twitter:card\" content=\"summary_large_image\" \/>\n<meta name=\"twitter:label1\" content=\"Est. reading time\" \/>\n\t<meta name=\"twitter:data1\" content=\"2 minutes\" \/>\n<script type=\"application\/ld+json\" class=\"yoast-schema-graph\">{\"@context\":\"https:\/\/schema.org\",\"@graph\":[{\"@type\":\"WebPage\",\"@id\":\"https:\/\/fundacion-biodiversidad.es\/en\/actualidad_home\/ana-leiva-participates-in-the-meeting-sustainability-and-environmental-commitment-of-the-armed-forces-in-the-european-union\/\",\"url\":\"https:\/\/fundacion-biodiversidad.es\/en\/actualidad_home\/ana-leiva-participates-in-the-meeting-sustainability-and-environmental-commitment-of-the-armed-forces-in-the-european-union\/\",\"name\":\"Ana Leiva participates in the meeting Sustainability and environmental commitment of the Armed Forces in the European Union - Fundaci\u00f3n Biodiversidad\",\"isPartOf\":{\"@id\":\"https:\/\/fundacion-biodiversidad.es\/en\/#website\"},\"datePublished\":\"2014-03-24T15:22:24+00:00\",\"breadcrumb\":{\"@id\":\"https:\/\/fundacion-biodiversidad.es\/en\/actualidad_home\/ana-leiva-participates-in-the-meeting-sustainability-and-environmental-commitment-of-the-armed-forces-in-the-european-union\/#breadcrumb\"},\"inLanguage\":\"en-US\",\"potentialAction\":[{\"@type\":\"ReadAction\",\"target\":[\"https:\/\/fundacion-biodiversidad.es\/en\/actualidad_home\/ana-leiva-participates-in-the-meeting-sustainability-and-environmental-commitment-of-the-armed-forces-in-the-european-union\/\"]}]},{\"@type\":\"BreadcrumbList\",\"@id\":\"https:\/\/fundacion-biodiversidad.es\/en\/actualidad_home\/ana-leiva-participates-in-the-meeting-sustainability-and-environmental-commitment-of-the-armed-forces-in-the-european-union\/#breadcrumb\",\"itemListElement\":[{\"@type\":\"ListItem\",\"position\":1,\"name\":\"Portada\",\"item\":\"https:\/\/fundacion-biodiversidad.es\/en\/inicio\/\"},{\"@type\":\"ListItem\",\"position\":2,\"name\":\"Noticias de actualidad\",\"item\":\"https:\/\/fundacion-biodiversidad.es\/en\/actualidad_home\/\"},{\"@type\":\"ListItem\",\"position\":3,\"name\":\"Ana Leiva participates in the meeting Sustainability and environmental commitment of the Armed Forces in the European Union\"}]},{\"@type\":\"WebSite\",\"@id\":\"https:\/\/fundacion-biodiversidad.es\/en\/#website\",\"url\":\"https:\/\/fundacion-biodiversidad.es\/en\/\",\"name\":\"Fundaci\u00f3n Biodiversidad\",\"description\":\"Fundaci\u00f3n p\u00fablica adscrita al Ministerio para la Transici\u00f3n Ecol\u00f3gica\",\"potentialAction\":[{\"@type\":\"SearchAction\",\"target\":{\"@type\":\"EntryPoint\",\"urlTemplate\":\"https:\/\/fundacion-biodiversidad.es\/en\/?s={search_term_string}\"},\"query-input\":{\"@type\":\"PropertyValueSpecification\",\"valueRequired\":true,\"valueName\":\"search_term_string\"}}],\"inLanguage\":\"en-US\"}]}<\/script>\n<!-- \/ Yoast SEO plugin. -->","yoast_head_json":{"title":"Ana Leiva participates in the meeting Sustainability and environmental commitment of the Armed Forces in the European Union - Fundaci\u00f3n Biodiversidad","robots":{"index":"index","follow":"follow","max-snippet":"max-snippet:-1","max-image-preview":"max-image-preview:large","max-video-preview":"max-video-preview:-1"},"canonical":"https:\/\/fundacion-biodiversidad.es\/en\/actualidad_home\/ana-leiva-participates-in-the-meeting-sustainability-and-environmental-commitment-of-the-armed-forces-in-the-european-union\/","og_locale":"en_US","og_type":"article","og_title":"Ana Leiva participates in the meeting Sustainability and environmental commitment of the Armed Forces in the European Union - Fundaci\u00f3n Biodiversidad","og_description":"Santander is the venue where the meeting &#8220;Sustainability and environmental commitment of the Armed Forces in the European Union&#8221; is being held from today. Ana [&hellip;]","og_url":"https:\/\/fundacion-biodiversidad.es\/en\/actualidad_home\/ana-leiva-participates-in-the-meeting-sustainability-and-environmental-commitment-of-the-armed-forces-in-the-european-union\/","og_site_name":"Fundaci\u00f3n Biodiversidad","og_image":[{"width":720,"height":405,"url":"https:\/\/fundacion-biodiversidad.es\/wp-content\/uploads\/2023\/01\/2487661294_35330241_720x405.png","type":"image\/png"}],"twitter_card":"summary_large_image","twitter_misc":{"Est. reading time":"2 minutes"},"schema":{"@context":"https:\/\/schema.org","@graph":[{"@type":"WebPage","@id":"https:\/\/fundacion-biodiversidad.es\/en\/actualidad_home\/ana-leiva-participates-in-the-meeting-sustainability-and-environmental-commitment-of-the-armed-forces-in-the-european-union\/","url":"https:\/\/fundacion-biodiversidad.es\/en\/actualidad_home\/ana-leiva-participates-in-the-meeting-sustainability-and-environmental-commitment-of-the-armed-forces-in-the-european-union\/","name":"Ana Leiva participates in the meeting Sustainability and environmental commitment of the Armed Forces in the European Union - Fundaci\u00f3n Biodiversidad","isPartOf":{"@id":"https:\/\/fundacion-biodiversidad.es\/en\/#website"},"datePublished":"2014-03-24T15:22:24+00:00","breadcrumb":{"@id":"https:\/\/fundacion-biodiversidad.es\/en\/actualidad_home\/ana-leiva-participates-in-the-meeting-sustainability-and-environmental-commitment-of-the-armed-forces-in-the-european-union\/#breadcrumb"},"inLanguage":"en-US","potentialAction":[{"@type":"ReadAction","target":["https:\/\/fundacion-biodiversidad.es\/en\/actualidad_home\/ana-leiva-participates-in-the-meeting-sustainability-and-environmental-commitment-of-the-armed-forces-in-the-european-union\/"]}]},{"@type":"BreadcrumbList","@id":"https:\/\/fundacion-biodiversidad.es\/en\/actualidad_home\/ana-leiva-participates-in-the-meeting-sustainability-and-environmental-commitment-of-the-armed-forces-in-the-european-union\/#breadcrumb","itemListElement":[{"@type":"ListItem","position":1,"name":"Portada","item":"https:\/\/fundacion-biodiversidad.es\/en\/inicio\/"},{"@type":"ListItem","position":2,"name":"Noticias de actualidad","item":"https:\/\/fundacion-biodiversidad.es\/en\/actualidad_home\/"},{"@type":"ListItem","position":3,"name":"Ana Leiva participates in the meeting Sustainability and environmental commitment of the Armed Forces in the European Union"}]},{"@type":"WebSite","@id":"https:\/\/fundacion-biodiversidad.es\/en\/#website","url":"https:\/\/fundacion-biodiversidad.es\/en\/","name":"Fundaci\u00f3n Biodiversidad","description":"Fundaci\u00f3n p\u00fablica adscrita al Ministerio para la Transici\u00f3n Ecol\u00f3gica","potentialAction":[{"@type":"SearchAction","target":{"@type":"EntryPoint","urlTemplate":"https:\/\/fundacion-biodiversidad.es\/en\/?s={search_term_string}"},"query-input":{"@type":"PropertyValueSpecification","valueRequired":true,"valueName":"search_term_string"}}],"inLanguage":"en-US"}]}},"_links":{"self":[{"href":"https:\/\/fundacion-biodiversidad.es\/en\/wp-json\/wp\/v2\/actualidad_home\/97857254","targetHints":{"allow":["GET"]}}],"collection":[{"href":"https:\/\/fundacion-biodiversidad.es\/en\/wp-json\/wp\/v2\/actualidad_home"}],"about":[{"href":"https:\/\/fundacion-biodiversidad.es\/en\/wp-json\/wp\/v2\/types\/actualidad_home"}],"author":[{"embeddable":true,"href":"https:\/\/fundacion-biodiversidad.es\/en\/wp-json\/wp\/v2\/users\/11"}],"wp:attachment":[{"href":"https:\/\/fundacion-biodiversidad.es\/en\/wp-json\/wp\/v2\/media?parent=97857254"}],"wp:term":[{"taxonomy":"palabras_clave","embeddable":true,"href":"https:\/\/fundacion-biodiversidad.es\/en\/wp-json\/wp\/v2\/palabras_clave?post=97857254"}],"curies":[{"name":"wp","href":"https:\/\/api.w.org\/{rel}","templated":true}]}}