{"id":97857255,"date":"2014-03-24T16:22:24","date_gmt":"2014-03-24T15:22:24","guid":{"rendered":"https:\/\/fundacion-biodiversidad.es\/actualidad_home\/the-iii-meeting-of-local-governments-for-biodiversity-brings-together-experts-in-the-conservation-of-natural-heritage\/"},"modified":"2014-03-24T16:22:24","modified_gmt":"2014-03-24T15:22:24","slug":"the-iii-meeting-of-local-governments-for-biodiversity-brings-together-experts-in-the-conservation-of-natural-heritage","status":"publish","type":"actualidad_home","link":"https:\/\/fundacion-biodiversidad.es\/en\/actualidad_home\/the-iii-meeting-of-local-governments-for-biodiversity-brings-together-experts-in-the-conservation-of-natural-heritage\/","title":{"rendered":"The III Meeting of Local Governments for Biodiversity brings together experts in the conservation of natural heritage"},"content":{"rendered":"<p>The director of the Biodiversity Foundation, Ana Leiva, participates today in the III Meeting of Local Governments for Biodiversity, which has been held since yesterday at the City Hall of El Real Sitio de San Ildefonso, La Granja, organized by the Spanish Federation of Municipalities and Provinces (FEMP).  <\/p>\n<p><!--more--><\/p>\n<p>  The motto of this edition is &#8220;2010 and Local Governments in the International Year of Biological Diversity&#8221; and managers and experts in the conservation of natural heritage and biodiversity participate in it, to address the challenges that are updated in a year marked as 2010.  <\/p>\n<p>  By the way, in the round table that has the participation of the Biodiversity Foundation, &#8220;The great benefits of ecosystems&#8221;, Ana Leiva referred to the challenges posed at the Conference of the Spanish Presidency of the European Union &#8220;Post-2010 Goal and Vision in the field of biodiversity: The role of protected areas and ecological networks in Europe&#8221;. Among them, he mentioned the importance of incorporating biodiversity goals and targets as part of the European Union&#8217;s 2020 Strategy, as well as ensuring payment for ecosystem services and deepening the integration of biodiversity into agricultural, fisheries, energy, transport and development policies, as well as facilitating ecological connectivity and adaptation to climate change. <\/p>\n<p>  Of the &#8220;Cibeles Priorities&#8221;, the name given to the conclusions of the January Conference, the Director of the Biodiversity Foundation also highlighted the recommendation to create the conditions so that those who participate directly in the management of the territory can take concrete conservation initiatives, since it is the local communities that can bring all interested actors closer to political decision-making.<\/p>\n","protected":false},"author":11,"featured_media":0,"template":"","meta":{"_acf_changed":false},"palabras_clave":[],"class_list":["post-97857255","actualidad_home","type-actualidad_home","status-publish","hentry"],"acf":[],"yoast_head":"<!-- This site is optimized with the Yoast SEO plugin v26.9 - https:\/\/yoast.com\/product\/yoast-seo-wordpress\/ -->\n<title>The III Meeting of Local Governments for Biodiversity brings together experts in the conservation of natural heritage - Fundaci\u00f3n Biodiversidad<\/title>\n<meta name=\"robots\" content=\"index, follow, max-snippet:-1, max-image-preview:large, max-video-preview:-1\" \/>\n<link rel=\"canonical\" href=\"https:\/\/fundacion-biodiversidad.es\/en\/actualidad_home\/the-iii-meeting-of-local-governments-for-biodiversity-brings-together-experts-in-the-conservation-of-natural-heritage\/\" \/>\n<meta property=\"og:locale\" content=\"en_US\" \/>\n<meta property=\"og:type\" content=\"article\" \/>\n<meta property=\"og:title\" content=\"The III Meeting of Local Governments for Biodiversity brings together experts in the conservation of natural heritage - Fundaci\u00f3n Biodiversidad\" \/>\n<meta property=\"og:description\" content=\"The director of the Biodiversity Foundation, Ana Leiva, participates today in the III Meeting of Local Governments for Biodiversity, which has been held since yesterday [&hellip;]\" \/>\n<meta property=\"og:url\" content=\"https:\/\/fundacion-biodiversidad.es\/en\/actualidad_home\/the-iii-meeting-of-local-governments-for-biodiversity-brings-together-experts-in-the-conservation-of-natural-heritage\/\" \/>\n<meta property=\"og:site_name\" content=\"Fundaci\u00f3n Biodiversidad\" \/>\n<meta property=\"og:image\" content=\"https:\/\/fundacion-biodiversidad.es\/wp-content\/uploads\/2023\/01\/2487661294_35330241_720x405.png\" \/>\n\t<meta property=\"og:image:width\" content=\"720\" \/>\n\t<meta property=\"og:image:height\" content=\"405\" \/>\n\t<meta property=\"og:image:type\" content=\"image\/png\" \/>\n<meta name=\"twitter:card\" content=\"summary_large_image\" \/>\n<meta name=\"twitter:label1\" content=\"Est. reading time\" \/>\n\t<meta name=\"twitter:data1\" content=\"1 minute\" \/>\n<script type=\"application\/ld+json\" class=\"yoast-schema-graph\">{\"@context\":\"https:\/\/schema.org\",\"@graph\":[{\"@type\":\"WebPage\",\"@id\":\"https:\/\/fundacion-biodiversidad.es\/en\/actualidad_home\/the-iii-meeting-of-local-governments-for-biodiversity-brings-together-experts-in-the-conservation-of-natural-heritage\/\",\"url\":\"https:\/\/fundacion-biodiversidad.es\/en\/actualidad_home\/the-iii-meeting-of-local-governments-for-biodiversity-brings-together-experts-in-the-conservation-of-natural-heritage\/\",\"name\":\"The III Meeting of Local Governments for Biodiversity brings together experts in the conservation of natural heritage - Fundaci\u00f3n Biodiversidad\",\"isPartOf\":{\"@id\":\"https:\/\/fundacion-biodiversidad.es\/en\/#website\"},\"datePublished\":\"2014-03-24T15:22:24+00:00\",\"breadcrumb\":{\"@id\":\"https:\/\/fundacion-biodiversidad.es\/en\/actualidad_home\/the-iii-meeting-of-local-governments-for-biodiversity-brings-together-experts-in-the-conservation-of-natural-heritage\/#breadcrumb\"},\"inLanguage\":\"en-US\",\"potentialAction\":[{\"@type\":\"ReadAction\",\"target\":[\"https:\/\/fundacion-biodiversidad.es\/en\/actualidad_home\/the-iii-meeting-of-local-governments-for-biodiversity-brings-together-experts-in-the-conservation-of-natural-heritage\/\"]}]},{\"@type\":\"BreadcrumbList\",\"@id\":\"https:\/\/fundacion-biodiversidad.es\/en\/actualidad_home\/the-iii-meeting-of-local-governments-for-biodiversity-brings-together-experts-in-the-conservation-of-natural-heritage\/#breadcrumb\",\"itemListElement\":[{\"@type\":\"ListItem\",\"position\":1,\"name\":\"Portada\",\"item\":\"https:\/\/fundacion-biodiversidad.es\/en\/inicio\/\"},{\"@type\":\"ListItem\",\"position\":2,\"name\":\"Noticias de actualidad\",\"item\":\"https:\/\/fundacion-biodiversidad.es\/en\/actualidad_home\/\"},{\"@type\":\"ListItem\",\"position\":3,\"name\":\"The III Meeting of Local Governments for Biodiversity brings together experts in the conservation of natural heritage\"}]},{\"@type\":\"WebSite\",\"@id\":\"https:\/\/fundacion-biodiversidad.es\/en\/#website\",\"url\":\"https:\/\/fundacion-biodiversidad.es\/en\/\",\"name\":\"Fundaci\u00f3n Biodiversidad\",\"description\":\"Fundaci\u00f3n p\u00fablica adscrita al Ministerio para la Transici\u00f3n Ecol\u00f3gica\",\"potentialAction\":[{\"@type\":\"SearchAction\",\"target\":{\"@type\":\"EntryPoint\",\"urlTemplate\":\"https:\/\/fundacion-biodiversidad.es\/en\/?s={search_term_string}\"},\"query-input\":{\"@type\":\"PropertyValueSpecification\",\"valueRequired\":true,\"valueName\":\"search_term_string\"}}],\"inLanguage\":\"en-US\"}]}<\/script>\n<!-- \/ Yoast SEO plugin. -->","yoast_head_json":{"title":"The III Meeting of Local Governments for Biodiversity brings together experts in the conservation of natural heritage - Fundaci\u00f3n Biodiversidad","robots":{"index":"index","follow":"follow","max-snippet":"max-snippet:-1","max-image-preview":"max-image-preview:large","max-video-preview":"max-video-preview:-1"},"canonical":"https:\/\/fundacion-biodiversidad.es\/en\/actualidad_home\/the-iii-meeting-of-local-governments-for-biodiversity-brings-together-experts-in-the-conservation-of-natural-heritage\/","og_locale":"en_US","og_type":"article","og_title":"The III Meeting of Local Governments for Biodiversity brings together experts in the conservation of natural heritage - Fundaci\u00f3n Biodiversidad","og_description":"The director of the Biodiversity Foundation, Ana Leiva, participates today in the III Meeting of Local Governments for Biodiversity, which has been held since yesterday [&hellip;]","og_url":"https:\/\/fundacion-biodiversidad.es\/en\/actualidad_home\/the-iii-meeting-of-local-governments-for-biodiversity-brings-together-experts-in-the-conservation-of-natural-heritage\/","og_site_name":"Fundaci\u00f3n Biodiversidad","og_image":[{"width":720,"height":405,"url":"https:\/\/fundacion-biodiversidad.es\/wp-content\/uploads\/2023\/01\/2487661294_35330241_720x405.png","type":"image\/png"}],"twitter_card":"summary_large_image","twitter_misc":{"Est. reading time":"1 minute"},"schema":{"@context":"https:\/\/schema.org","@graph":[{"@type":"WebPage","@id":"https:\/\/fundacion-biodiversidad.es\/en\/actualidad_home\/the-iii-meeting-of-local-governments-for-biodiversity-brings-together-experts-in-the-conservation-of-natural-heritage\/","url":"https:\/\/fundacion-biodiversidad.es\/en\/actualidad_home\/the-iii-meeting-of-local-governments-for-biodiversity-brings-together-experts-in-the-conservation-of-natural-heritage\/","name":"The III Meeting of Local Governments for Biodiversity brings together experts in the conservation of natural heritage - Fundaci\u00f3n Biodiversidad","isPartOf":{"@id":"https:\/\/fundacion-biodiversidad.es\/en\/#website"},"datePublished":"2014-03-24T15:22:24+00:00","breadcrumb":{"@id":"https:\/\/fundacion-biodiversidad.es\/en\/actualidad_home\/the-iii-meeting-of-local-governments-for-biodiversity-brings-together-experts-in-the-conservation-of-natural-heritage\/#breadcrumb"},"inLanguage":"en-US","potentialAction":[{"@type":"ReadAction","target":["https:\/\/fundacion-biodiversidad.es\/en\/actualidad_home\/the-iii-meeting-of-local-governments-for-biodiversity-brings-together-experts-in-the-conservation-of-natural-heritage\/"]}]},{"@type":"BreadcrumbList","@id":"https:\/\/fundacion-biodiversidad.es\/en\/actualidad_home\/the-iii-meeting-of-local-governments-for-biodiversity-brings-together-experts-in-the-conservation-of-natural-heritage\/#breadcrumb","itemListElement":[{"@type":"ListItem","position":1,"name":"Portada","item":"https:\/\/fundacion-biodiversidad.es\/en\/inicio\/"},{"@type":"ListItem","position":2,"name":"Noticias de actualidad","item":"https:\/\/fundacion-biodiversidad.es\/en\/actualidad_home\/"},{"@type":"ListItem","position":3,"name":"The III Meeting of Local Governments for Biodiversity brings together experts in the conservation of natural heritage"}]},{"@type":"WebSite","@id":"https:\/\/fundacion-biodiversidad.es\/en\/#website","url":"https:\/\/fundacion-biodiversidad.es\/en\/","name":"Fundaci\u00f3n Biodiversidad","description":"Fundaci\u00f3n p\u00fablica adscrita al Ministerio para la Transici\u00f3n Ecol\u00f3gica","potentialAction":[{"@type":"SearchAction","target":{"@type":"EntryPoint","urlTemplate":"https:\/\/fundacion-biodiversidad.es\/en\/?s={search_term_string}"},"query-input":{"@type":"PropertyValueSpecification","valueRequired":true,"valueName":"search_term_string"}}],"inLanguage":"en-US"}]}},"_links":{"self":[{"href":"https:\/\/fundacion-biodiversidad.es\/en\/wp-json\/wp\/v2\/actualidad_home\/97857255","targetHints":{"allow":["GET"]}}],"collection":[{"href":"https:\/\/fundacion-biodiversidad.es\/en\/wp-json\/wp\/v2\/actualidad_home"}],"about":[{"href":"https:\/\/fundacion-biodiversidad.es\/en\/wp-json\/wp\/v2\/types\/actualidad_home"}],"author":[{"embeddable":true,"href":"https:\/\/fundacion-biodiversidad.es\/en\/wp-json\/wp\/v2\/users\/11"}],"wp:attachment":[{"href":"https:\/\/fundacion-biodiversidad.es\/en\/wp-json\/wp\/v2\/media?parent=97857255"}],"wp:term":[{"taxonomy":"palabras_clave","embeddable":true,"href":"https:\/\/fundacion-biodiversidad.es\/en\/wp-json\/wp\/v2\/palabras_clave?post=97857255"}],"curies":[{"name":"wp","href":"https:\/\/api.w.org\/{rel}","templated":true}]}}