{"id":97857258,"date":"2014-03-24T16:22:24","date_gmt":"2014-03-24T15:22:24","guid":{"rendered":"https:\/\/fundacion-biodiversidad.es\/actualidad_home\/menendez-pelayo-international-university-meeting-2010\/"},"modified":"2014-03-24T16:22:24","modified_gmt":"2014-03-24T15:22:24","slug":"menendez-pelayo-international-university-meeting-2010","status":"publish","type":"actualidad_home","link":"https:\/\/fundacion-biodiversidad.es\/en\/actualidad_home\/menendez-pelayo-international-university-meeting-2010\/","title":{"rendered":"Men\u00e9ndez Pelayo International University Meeting 2010"},"content":{"rendered":"<p>From 6 to 8 September 2010, the Palacio de la Magdalena in Santander will host the meeting &#8220;Whose initiative? Innovative experiences for a sustainable society&#8221;, organized by the Ministry of Environment and Rural and Marine Affairs by the Men\u00e9ndez Pelayo International University.<\/p>\n<p><!--more--><\/p>\n<p>&nbsp;<\/p>\n<p>From 6 to 8 September 2010, the Palacio de la Magdalena in Santander will host the meeting &#8220;Whose initiative? Innovative experiences for a sustainable society&#8221;, organized by the Ministry of Environment and Rural and Marine Affairs by the Men\u00e9ndez Pelayo International University.<\/p>\n<p>Individuals, companies, associations and institutions that have set to work with the aim of producing in a new context of &#8220;ecological culture&#8221;, will meet during the conference, in which the modification of consumption habits and the establishment of a new production system and values, among which environmental responsibility,  the change of cultural paradigm and the promotion of a new ecological economy.<\/p>\n<p>The meeting, led by Jaime Izquierdo, from the Cabinet of the Minister of the Environment and Rural and Marine Affairs, will be inaugurated by Minister Elena Espinosa, Jes\u00fas Miguel Oria, Minister of Rural Development, Livestock, Fisheries and Biodiversity of the Government of Cantabria and Francisco Mart\u00edn, Minister of Environment of Cantabria<\/p>\n<p>More information:<br \/> Course Secretary: S.G. Citizen Information, Documentation and Publications of the MARM<br \/> Telephones: 91 347 53 13 &#8211; 91 347 55 62.<br \/> E-mail: infocdop@marm.es <br \/> Registration: <a target=\"_blank\" href=\"http:\/\/www.uimp.es\" rel=\"noopener\">www.uimp.es<\/a><br \/>\n&nbsp;<\/p>\n","protected":false},"author":11,"featured_media":35307,"template":"","meta":{"_acf_changed":false},"palabras_clave":[],"class_list":["post-97857258","actualidad_home","type-actualidad_home","status-publish","has-post-thumbnail","hentry"],"acf":[],"yoast_head":"<!-- This site is optimized with the Yoast SEO plugin v26.9 - https:\/\/yoast.com\/product\/yoast-seo-wordpress\/ -->\n<title>Men\u00e9ndez Pelayo International University Meeting 2010 - Fundaci\u00f3n Biodiversidad<\/title>\n<meta name=\"robots\" content=\"index, follow, max-snippet:-1, max-image-preview:large, max-video-preview:-1\" \/>\n<link rel=\"canonical\" href=\"https:\/\/fundacion-biodiversidad.es\/en\/actualidad_home\/menendez-pelayo-international-university-meeting-2010\/\" \/>\n<meta property=\"og:locale\" content=\"en_US\" \/>\n<meta property=\"og:type\" content=\"article\" \/>\n<meta property=\"og:title\" content=\"Men\u00e9ndez Pelayo International University Meeting 2010 - Fundaci\u00f3n Biodiversidad\" \/>\n<meta property=\"og:description\" content=\"From 6 to 8 September 2010, the Palacio de la Magdalena in Santander will host the meeting &#8220;Whose initiative? Innovative experiences for a sustainable society&#8221;, [&hellip;]\" \/>\n<meta property=\"og:url\" content=\"https:\/\/fundacion-biodiversidad.es\/en\/actualidad_home\/menendez-pelayo-international-university-meeting-2010\/\" \/>\n<meta property=\"og:site_name\" content=\"Fundaci\u00f3n Biodiversidad\" \/>\n<meta property=\"og:image\" content=\"https:\/\/fundacion-biodiversidad.es\/wp-content\/uploads\/2023\/01\/2487661294_35330241_720x405.png\" \/>\n\t<meta property=\"og:image:width\" content=\"720\" \/>\n\t<meta property=\"og:image:height\" content=\"405\" \/>\n\t<meta property=\"og:image:type\" content=\"image\/png\" \/>\n<meta name=\"twitter:card\" content=\"summary_large_image\" \/>\n<meta name=\"twitter:label1\" content=\"Est. reading time\" \/>\n\t<meta name=\"twitter:data1\" content=\"1 minute\" \/>\n<script type=\"application\/ld+json\" class=\"yoast-schema-graph\">{\"@context\":\"https:\/\/schema.org\",\"@graph\":[{\"@type\":\"WebPage\",\"@id\":\"https:\/\/fundacion-biodiversidad.es\/en\/actualidad_home\/menendez-pelayo-international-university-meeting-2010\/\",\"url\":\"https:\/\/fundacion-biodiversidad.es\/en\/actualidad_home\/menendez-pelayo-international-university-meeting-2010\/\",\"name\":\"Men\u00e9ndez Pelayo International University Meeting 2010 - Fundaci\u00f3n Biodiversidad\",\"isPartOf\":{\"@id\":\"https:\/\/fundacion-biodiversidad.es\/en\/#website\"},\"primaryImageOfPage\":{\"@id\":\"https:\/\/fundacion-biodiversidad.es\/en\/actualidad_home\/menendez-pelayo-international-university-meeting-2010\/#primaryimage\"},\"image\":{\"@id\":\"https:\/\/fundacion-biodiversidad.es\/en\/actualidad_home\/menendez-pelayo-international-university-meeting-2010\/#primaryimage\"},\"thumbnailUrl\":\"https:\/\/fundacion-biodiversidad.es\/wp-content\/uploads\/2014\/05\/logouimp_0.jpg\",\"datePublished\":\"2014-03-24T15:22:24+00:00\",\"breadcrumb\":{\"@id\":\"https:\/\/fundacion-biodiversidad.es\/en\/actualidad_home\/menendez-pelayo-international-university-meeting-2010\/#breadcrumb\"},\"inLanguage\":\"en-US\",\"potentialAction\":[{\"@type\":\"ReadAction\",\"target\":[\"https:\/\/fundacion-biodiversidad.es\/en\/actualidad_home\/menendez-pelayo-international-university-meeting-2010\/\"]}]},{\"@type\":\"ImageObject\",\"inLanguage\":\"en-US\",\"@id\":\"https:\/\/fundacion-biodiversidad.es\/en\/actualidad_home\/menendez-pelayo-international-university-meeting-2010\/#primaryimage\",\"url\":\"https:\/\/fundacion-biodiversidad.es\/wp-content\/uploads\/2014\/05\/logouimp_0.jpg\",\"contentUrl\":\"https:\/\/fundacion-biodiversidad.es\/wp-content\/uploads\/2014\/05\/logouimp_0.jpg\",\"width\":176,\"height\":63},{\"@type\":\"BreadcrumbList\",\"@id\":\"https:\/\/fundacion-biodiversidad.es\/en\/actualidad_home\/menendez-pelayo-international-university-meeting-2010\/#breadcrumb\",\"itemListElement\":[{\"@type\":\"ListItem\",\"position\":1,\"name\":\"Portada\",\"item\":\"https:\/\/fundacion-biodiversidad.es\/en\/inicio\/\"},{\"@type\":\"ListItem\",\"position\":2,\"name\":\"Noticias de actualidad\",\"item\":\"https:\/\/fundacion-biodiversidad.es\/en\/actualidad_home\/\"},{\"@type\":\"ListItem\",\"position\":3,\"name\":\"Men\u00e9ndez Pelayo International University Meeting 2010\"}]},{\"@type\":\"WebSite\",\"@id\":\"https:\/\/fundacion-biodiversidad.es\/en\/#website\",\"url\":\"https:\/\/fundacion-biodiversidad.es\/en\/\",\"name\":\"Fundaci\u00f3n Biodiversidad\",\"description\":\"Fundaci\u00f3n p\u00fablica adscrita al Ministerio para la Transici\u00f3n Ecol\u00f3gica\",\"potentialAction\":[{\"@type\":\"SearchAction\",\"target\":{\"@type\":\"EntryPoint\",\"urlTemplate\":\"https:\/\/fundacion-biodiversidad.es\/en\/?s={search_term_string}\"},\"query-input\":{\"@type\":\"PropertyValueSpecification\",\"valueRequired\":true,\"valueName\":\"search_term_string\"}}],\"inLanguage\":\"en-US\"}]}<\/script>\n<!-- \/ Yoast SEO plugin. -->","yoast_head_json":{"title":"Men\u00e9ndez Pelayo International University Meeting 2010 - Fundaci\u00f3n Biodiversidad","robots":{"index":"index","follow":"follow","max-snippet":"max-snippet:-1","max-image-preview":"max-image-preview:large","max-video-preview":"max-video-preview:-1"},"canonical":"https:\/\/fundacion-biodiversidad.es\/en\/actualidad_home\/menendez-pelayo-international-university-meeting-2010\/","og_locale":"en_US","og_type":"article","og_title":"Men\u00e9ndez Pelayo International University Meeting 2010 - Fundaci\u00f3n Biodiversidad","og_description":"From 6 to 8 September 2010, the Palacio de la Magdalena in Santander will host the meeting &#8220;Whose initiative? Innovative experiences for a sustainable society&#8221;, [&hellip;]","og_url":"https:\/\/fundacion-biodiversidad.es\/en\/actualidad_home\/menendez-pelayo-international-university-meeting-2010\/","og_site_name":"Fundaci\u00f3n Biodiversidad","og_image":[{"width":720,"height":405,"url":"https:\/\/fundacion-biodiversidad.es\/wp-content\/uploads\/2023\/01\/2487661294_35330241_720x405.png","type":"image\/png"}],"twitter_card":"summary_large_image","twitter_misc":{"Est. reading time":"1 minute"},"schema":{"@context":"https:\/\/schema.org","@graph":[{"@type":"WebPage","@id":"https:\/\/fundacion-biodiversidad.es\/en\/actualidad_home\/menendez-pelayo-international-university-meeting-2010\/","url":"https:\/\/fundacion-biodiversidad.es\/en\/actualidad_home\/menendez-pelayo-international-university-meeting-2010\/","name":"Men\u00e9ndez Pelayo International University Meeting 2010 - Fundaci\u00f3n Biodiversidad","isPartOf":{"@id":"https:\/\/fundacion-biodiversidad.es\/en\/#website"},"primaryImageOfPage":{"@id":"https:\/\/fundacion-biodiversidad.es\/en\/actualidad_home\/menendez-pelayo-international-university-meeting-2010\/#primaryimage"},"image":{"@id":"https:\/\/fundacion-biodiversidad.es\/en\/actualidad_home\/menendez-pelayo-international-university-meeting-2010\/#primaryimage"},"thumbnailUrl":"https:\/\/fundacion-biodiversidad.es\/wp-content\/uploads\/2014\/05\/logouimp_0.jpg","datePublished":"2014-03-24T15:22:24+00:00","breadcrumb":{"@id":"https:\/\/fundacion-biodiversidad.es\/en\/actualidad_home\/menendez-pelayo-international-university-meeting-2010\/#breadcrumb"},"inLanguage":"en-US","potentialAction":[{"@type":"ReadAction","target":["https:\/\/fundacion-biodiversidad.es\/en\/actualidad_home\/menendez-pelayo-international-university-meeting-2010\/"]}]},{"@type":"ImageObject","inLanguage":"en-US","@id":"https:\/\/fundacion-biodiversidad.es\/en\/actualidad_home\/menendez-pelayo-international-university-meeting-2010\/#primaryimage","url":"https:\/\/fundacion-biodiversidad.es\/wp-content\/uploads\/2014\/05\/logouimp_0.jpg","contentUrl":"https:\/\/fundacion-biodiversidad.es\/wp-content\/uploads\/2014\/05\/logouimp_0.jpg","width":176,"height":63},{"@type":"BreadcrumbList","@id":"https:\/\/fundacion-biodiversidad.es\/en\/actualidad_home\/menendez-pelayo-international-university-meeting-2010\/#breadcrumb","itemListElement":[{"@type":"ListItem","position":1,"name":"Portada","item":"https:\/\/fundacion-biodiversidad.es\/en\/inicio\/"},{"@type":"ListItem","position":2,"name":"Noticias de actualidad","item":"https:\/\/fundacion-biodiversidad.es\/en\/actualidad_home\/"},{"@type":"ListItem","position":3,"name":"Men\u00e9ndez Pelayo International University Meeting 2010"}]},{"@type":"WebSite","@id":"https:\/\/fundacion-biodiversidad.es\/en\/#website","url":"https:\/\/fundacion-biodiversidad.es\/en\/","name":"Fundaci\u00f3n Biodiversidad","description":"Fundaci\u00f3n p\u00fablica adscrita al Ministerio para la Transici\u00f3n Ecol\u00f3gica","potentialAction":[{"@type":"SearchAction","target":{"@type":"EntryPoint","urlTemplate":"https:\/\/fundacion-biodiversidad.es\/en\/?s={search_term_string}"},"query-input":{"@type":"PropertyValueSpecification","valueRequired":true,"valueName":"search_term_string"}}],"inLanguage":"en-US"}]}},"_links":{"self":[{"href":"https:\/\/fundacion-biodiversidad.es\/en\/wp-json\/wp\/v2\/actualidad_home\/97857258","targetHints":{"allow":["GET"]}}],"collection":[{"href":"https:\/\/fundacion-biodiversidad.es\/en\/wp-json\/wp\/v2\/actualidad_home"}],"about":[{"href":"https:\/\/fundacion-biodiversidad.es\/en\/wp-json\/wp\/v2\/types\/actualidad_home"}],"author":[{"embeddable":true,"href":"https:\/\/fundacion-biodiversidad.es\/en\/wp-json\/wp\/v2\/users\/11"}],"wp:featuredmedia":[{"embeddable":true,"href":"https:\/\/fundacion-biodiversidad.es\/en\/wp-json\/wp\/v2\/media\/35307"}],"wp:attachment":[{"href":"https:\/\/fundacion-biodiversidad.es\/en\/wp-json\/wp\/v2\/media?parent=97857258"}],"wp:term":[{"taxonomy":"palabras_clave","embeddable":true,"href":"https:\/\/fundacion-biodiversidad.es\/en\/wp-json\/wp\/v2\/palabras_clave?post=97857258"}],"curies":[{"name":"wp","href":"https:\/\/api.w.org\/{rel}","templated":true}]}}