{"id":97857261,"date":"2014-03-24T16:22:24","date_gmt":"2014-03-24T15:22:24","guid":{"rendered":"https:\/\/fundacion-biodiversidad.es\/actualidad_home\/the-deadline-to-participate-in-the-second-edition-of-the-biodiversity-foundation-awards-is-still-open\/"},"modified":"2014-03-24T16:22:24","modified_gmt":"2014-03-24T15:22:24","slug":"the-deadline-to-participate-in-the-second-edition-of-the-biodiversity-foundation-awards-is-still-open","status":"publish","type":"actualidad_home","link":"https:\/\/fundacion-biodiversidad.es\/en\/actualidad_home\/the-deadline-to-participate-in-the-second-edition-of-the-biodiversity-foundation-awards-is-still-open\/","title":{"rendered":"The deadline to participate in the second edition of the Biodiversity Foundation Awards is still open"},"content":{"rendered":"<p>The Biodiversity Foundation, a public foundation of the Government of Spain, under the Ministry of the Environment and Rural and Marine Affairs, has announced the second edition of the Biodiversity Foundation Awards.<\/p>\n<p><!--more--><\/p>\n<p>These awards aim to recognise the work of all those people and organisations that, with their work, contribute to the sustainable development of the rural and fishing environment, as well as to the conservation and knowledge of natural heritage and biodiversity.<\/p>\n<p>  Endowed with a total amount of 101,000 euros, the awards are presented in partnership with a campaign that encourages entrepreneurs and creators to publicize their environmental projects: &#8220;If you have undertaken an economic activity that contributes to maintaining the ecological values of your territory; if you belong to an organization that is developing a project linked to the conservation of species, habitats or genetic resources; if you have developed an innovative technique to fight maritime and coastal pollution; if through a photograph, a documentary or short film, a report or a literary creation you have managed to capture the challenges and opportunities associated with sustainable development. You are a candidate for the Biodiversity Foundation Awards&#8221;.<\/p>\n<p>  Until 15 September, those interested can send their applications through the www.premiosfundacionbiodiversidad.es website, which will also serve as a platform for communication and environmental awareness. This page will show all the works and projects of the creators of the moment who participate in this contest. The jury includes prominent personalities from the environmental, art, communication and Spanish culture sectors.    <\/p>\n<p>  As novelties of this new edition, it should be noted that the awards have been extended and a first and a second prize will be awarded per category. In addition, two new categories have been introduced to also reward organizations that carry out nature conservation actions, and people or entities that develop techniques to fight against pollution of the marine environment.   <\/p>\n<p>  On the other hand, and in order to give greater dynamism to the Communication and Creation modality, specific themes have been established, in this way photographs focused on the theme of wetlands will be awarded; reports on climate change; documentaries on biodiversity and literary texts on women in rural and fishing areas.<\/p>\n","protected":false},"author":11,"featured_media":0,"template":"","meta":{"_acf_changed":false},"palabras_clave":[],"class_list":["post-97857261","actualidad_home","type-actualidad_home","status-publish","hentry"],"acf":[],"yoast_head":"<!-- This site is optimized with the Yoast SEO plugin v26.9 - https:\/\/yoast.com\/product\/yoast-seo-wordpress\/ -->\n<title>The deadline to participate in the second edition of the Biodiversity Foundation Awards is still open - Fundaci\u00f3n Biodiversidad<\/title>\n<meta name=\"robots\" content=\"index, follow, max-snippet:-1, max-image-preview:large, max-video-preview:-1\" \/>\n<link rel=\"canonical\" href=\"https:\/\/fundacion-biodiversidad.es\/en\/actualidad_home\/the-deadline-to-participate-in-the-second-edition-of-the-biodiversity-foundation-awards-is-still-open\/\" \/>\n<meta property=\"og:locale\" content=\"en_US\" \/>\n<meta property=\"og:type\" content=\"article\" \/>\n<meta property=\"og:title\" content=\"The deadline to participate in the second edition of the Biodiversity Foundation Awards is still open - Fundaci\u00f3n Biodiversidad\" \/>\n<meta property=\"og:description\" content=\"The Biodiversity Foundation, a public foundation of the Government of Spain, under the Ministry of the Environment and Rural and Marine Affairs, has announced the [&hellip;]\" \/>\n<meta property=\"og:url\" content=\"https:\/\/fundacion-biodiversidad.es\/en\/actualidad_home\/the-deadline-to-participate-in-the-second-edition-of-the-biodiversity-foundation-awards-is-still-open\/\" \/>\n<meta property=\"og:site_name\" content=\"Fundaci\u00f3n Biodiversidad\" \/>\n<meta property=\"og:image\" content=\"https:\/\/fundacion-biodiversidad.es\/wp-content\/uploads\/2023\/01\/2487661294_35330241_720x405.png\" \/>\n\t<meta property=\"og:image:width\" content=\"720\" \/>\n\t<meta property=\"og:image:height\" content=\"405\" \/>\n\t<meta property=\"og:image:type\" content=\"image\/png\" \/>\n<meta name=\"twitter:card\" content=\"summary_large_image\" \/>\n<meta name=\"twitter:label1\" content=\"Est. reading time\" \/>\n\t<meta name=\"twitter:data1\" content=\"2 minutes\" \/>\n<script type=\"application\/ld+json\" class=\"yoast-schema-graph\">{\"@context\":\"https:\/\/schema.org\",\"@graph\":[{\"@type\":\"WebPage\",\"@id\":\"https:\/\/fundacion-biodiversidad.es\/en\/actualidad_home\/the-deadline-to-participate-in-the-second-edition-of-the-biodiversity-foundation-awards-is-still-open\/\",\"url\":\"https:\/\/fundacion-biodiversidad.es\/en\/actualidad_home\/the-deadline-to-participate-in-the-second-edition-of-the-biodiversity-foundation-awards-is-still-open\/\",\"name\":\"The deadline to participate in the second edition of the Biodiversity Foundation Awards is still open - Fundaci\u00f3n Biodiversidad\",\"isPartOf\":{\"@id\":\"https:\/\/fundacion-biodiversidad.es\/en\/#website\"},\"datePublished\":\"2014-03-24T15:22:24+00:00\",\"breadcrumb\":{\"@id\":\"https:\/\/fundacion-biodiversidad.es\/en\/actualidad_home\/the-deadline-to-participate-in-the-second-edition-of-the-biodiversity-foundation-awards-is-still-open\/#breadcrumb\"},\"inLanguage\":\"en-US\",\"potentialAction\":[{\"@type\":\"ReadAction\",\"target\":[\"https:\/\/fundacion-biodiversidad.es\/en\/actualidad_home\/the-deadline-to-participate-in-the-second-edition-of-the-biodiversity-foundation-awards-is-still-open\/\"]}]},{\"@type\":\"BreadcrumbList\",\"@id\":\"https:\/\/fundacion-biodiversidad.es\/en\/actualidad_home\/the-deadline-to-participate-in-the-second-edition-of-the-biodiversity-foundation-awards-is-still-open\/#breadcrumb\",\"itemListElement\":[{\"@type\":\"ListItem\",\"position\":1,\"name\":\"Portada\",\"item\":\"https:\/\/fundacion-biodiversidad.es\/en\/inicio\/\"},{\"@type\":\"ListItem\",\"position\":2,\"name\":\"Noticias de actualidad\",\"item\":\"https:\/\/fundacion-biodiversidad.es\/en\/actualidad_home\/\"},{\"@type\":\"ListItem\",\"position\":3,\"name\":\"The deadline to participate in the second edition of the Biodiversity Foundation Awards is still open\"}]},{\"@type\":\"WebSite\",\"@id\":\"https:\/\/fundacion-biodiversidad.es\/en\/#website\",\"url\":\"https:\/\/fundacion-biodiversidad.es\/en\/\",\"name\":\"Fundaci\u00f3n Biodiversidad\",\"description\":\"Fundaci\u00f3n p\u00fablica adscrita al Ministerio para la Transici\u00f3n Ecol\u00f3gica\",\"potentialAction\":[{\"@type\":\"SearchAction\",\"target\":{\"@type\":\"EntryPoint\",\"urlTemplate\":\"https:\/\/fundacion-biodiversidad.es\/en\/?s={search_term_string}\"},\"query-input\":{\"@type\":\"PropertyValueSpecification\",\"valueRequired\":true,\"valueName\":\"search_term_string\"}}],\"inLanguage\":\"en-US\"}]}<\/script>\n<!-- \/ Yoast SEO plugin. -->","yoast_head_json":{"title":"The deadline to participate in the second edition of the Biodiversity Foundation Awards is still open - Fundaci\u00f3n Biodiversidad","robots":{"index":"index","follow":"follow","max-snippet":"max-snippet:-1","max-image-preview":"max-image-preview:large","max-video-preview":"max-video-preview:-1"},"canonical":"https:\/\/fundacion-biodiversidad.es\/en\/actualidad_home\/the-deadline-to-participate-in-the-second-edition-of-the-biodiversity-foundation-awards-is-still-open\/","og_locale":"en_US","og_type":"article","og_title":"The deadline to participate in the second edition of the Biodiversity Foundation Awards is still open - Fundaci\u00f3n Biodiversidad","og_description":"The Biodiversity Foundation, a public foundation of the Government of Spain, under the Ministry of the Environment and Rural and Marine Affairs, has announced the [&hellip;]","og_url":"https:\/\/fundacion-biodiversidad.es\/en\/actualidad_home\/the-deadline-to-participate-in-the-second-edition-of-the-biodiversity-foundation-awards-is-still-open\/","og_site_name":"Fundaci\u00f3n Biodiversidad","og_image":[{"width":720,"height":405,"url":"https:\/\/fundacion-biodiversidad.es\/wp-content\/uploads\/2023\/01\/2487661294_35330241_720x405.png","type":"image\/png"}],"twitter_card":"summary_large_image","twitter_misc":{"Est. reading time":"2 minutes"},"schema":{"@context":"https:\/\/schema.org","@graph":[{"@type":"WebPage","@id":"https:\/\/fundacion-biodiversidad.es\/en\/actualidad_home\/the-deadline-to-participate-in-the-second-edition-of-the-biodiversity-foundation-awards-is-still-open\/","url":"https:\/\/fundacion-biodiversidad.es\/en\/actualidad_home\/the-deadline-to-participate-in-the-second-edition-of-the-biodiversity-foundation-awards-is-still-open\/","name":"The deadline to participate in the second edition of the Biodiversity Foundation Awards is still open - Fundaci\u00f3n Biodiversidad","isPartOf":{"@id":"https:\/\/fundacion-biodiversidad.es\/en\/#website"},"datePublished":"2014-03-24T15:22:24+00:00","breadcrumb":{"@id":"https:\/\/fundacion-biodiversidad.es\/en\/actualidad_home\/the-deadline-to-participate-in-the-second-edition-of-the-biodiversity-foundation-awards-is-still-open\/#breadcrumb"},"inLanguage":"en-US","potentialAction":[{"@type":"ReadAction","target":["https:\/\/fundacion-biodiversidad.es\/en\/actualidad_home\/the-deadline-to-participate-in-the-second-edition-of-the-biodiversity-foundation-awards-is-still-open\/"]}]},{"@type":"BreadcrumbList","@id":"https:\/\/fundacion-biodiversidad.es\/en\/actualidad_home\/the-deadline-to-participate-in-the-second-edition-of-the-biodiversity-foundation-awards-is-still-open\/#breadcrumb","itemListElement":[{"@type":"ListItem","position":1,"name":"Portada","item":"https:\/\/fundacion-biodiversidad.es\/en\/inicio\/"},{"@type":"ListItem","position":2,"name":"Noticias de actualidad","item":"https:\/\/fundacion-biodiversidad.es\/en\/actualidad_home\/"},{"@type":"ListItem","position":3,"name":"The deadline to participate in the second edition of the Biodiversity Foundation Awards is still open"}]},{"@type":"WebSite","@id":"https:\/\/fundacion-biodiversidad.es\/en\/#website","url":"https:\/\/fundacion-biodiversidad.es\/en\/","name":"Fundaci\u00f3n Biodiversidad","description":"Fundaci\u00f3n p\u00fablica adscrita al Ministerio para la Transici\u00f3n Ecol\u00f3gica","potentialAction":[{"@type":"SearchAction","target":{"@type":"EntryPoint","urlTemplate":"https:\/\/fundacion-biodiversidad.es\/en\/?s={search_term_string}"},"query-input":{"@type":"PropertyValueSpecification","valueRequired":true,"valueName":"search_term_string"}}],"inLanguage":"en-US"}]}},"_links":{"self":[{"href":"https:\/\/fundacion-biodiversidad.es\/en\/wp-json\/wp\/v2\/actualidad_home\/97857261","targetHints":{"allow":["GET"]}}],"collection":[{"href":"https:\/\/fundacion-biodiversidad.es\/en\/wp-json\/wp\/v2\/actualidad_home"}],"about":[{"href":"https:\/\/fundacion-biodiversidad.es\/en\/wp-json\/wp\/v2\/types\/actualidad_home"}],"author":[{"embeddable":true,"href":"https:\/\/fundacion-biodiversidad.es\/en\/wp-json\/wp\/v2\/users\/11"}],"wp:attachment":[{"href":"https:\/\/fundacion-biodiversidad.es\/en\/wp-json\/wp\/v2\/media?parent=97857261"}],"wp:term":[{"taxonomy":"palabras_clave","embeddable":true,"href":"https:\/\/fundacion-biodiversidad.es\/en\/wp-json\/wp\/v2\/palabras_clave?post=97857261"}],"curies":[{"name":"wp","href":"https:\/\/api.w.org\/{rel}","templated":true}]}}