{"id":97857263,"date":"2014-03-24T16:22:24","date_gmt":"2014-03-24T15:22:24","guid":{"rendered":"https:\/\/fundacion-biodiversidad.es\/actualidad_home\/the-initiative-for-the-comprehensive-protection-of-the-flora-vegetation-and-habitats-of-enguidanos-is-shown\/"},"modified":"2014-03-24T16:22:24","modified_gmt":"2014-03-24T15:22:24","slug":"the-initiative-for-the-comprehensive-protection-of-the-flora-vegetation-and-habitats-of-enguidanos-is-shown","status":"publish","type":"actualidad_home","link":"https:\/\/fundacion-biodiversidad.es\/en\/actualidad_home\/the-initiative-for-the-comprehensive-protection-of-the-flora-vegetation-and-habitats-of-enguidanos-is-shown\/","title":{"rendered":"The initiative for the comprehensive protection of the flora, vegetation and habitats of Engu\u00eddanos is shown"},"content":{"rendered":"<p>The director of the Biodiversity Foundation, Ana Leiva, accompanied by the Sub-delegate of the Government of Spain in the province of Cuenca, Julio Magdalena, and the Mayor of the City Council of Engu\u00eddanos (Cuenca), Jos\u00e9 Vicente Ant\u00f3n, has presented the project &#8220;Comprehensive protection of the flora, vegetation and habitats of Engu\u00eddanos&#8221;.<\/p>\n<p><!--more--><\/p>\n<p>  The basic objective of this initiative is to design and develop a global and integrated strategy at the local level, which allows the conservation of the flora, vegetation and habitats of the municipality in a way that is compatible with its socio-economic development, through the protection of spaces, citizen participation, dissemination and research.<\/p>\n<p>The City Council of Engu\u00eddanos with the execution of the project &#8220;Integral protection of flora, vegetation and priority habitats in the municipality of Engu\u00eddanos (Cuenca)&#8221;, beneficiary in the 2009 Call for Grants of the Biodiversity Foundation, seeks the recognition of spaces that contain environmental values that can be declared a Protected Natural Area at the regional level. The municipality, in order to develop these conservation actions, has involved the population and socio-economic agents, disseminating knowledge about the biological diversity of the municipality and the projects that are being developed for its conservation. <\/p>\n<p>Coinciding with the celebration of the International Year of Biodiversity, the Biodiversity Foundation has launched the campaign &#8220;Talk about biodiversity&#8221;, which aims to get citizens to appropriate the term, integrate it into their language, understand its meaning and use it in their daily lives, making them participants in the conservation of the planet&#8217;s natural resources. This campaign establishes the connections between biodiversity, health, quality of life, economy and employment. <\/p>\n<p>  The City Council of Engu\u00eddanos has joined this campaign by developing, from April to the end of the year, actions with the theme of biodiversity as a common framework. Thus, under the title Enguinatur 2010, Talk about Biodiversity, it is holding conferences, training sessions, field trips, etc. <\/p>\n","protected":false},"author":11,"featured_media":0,"template":"","meta":{"_acf_changed":false},"palabras_clave":[],"class_list":["post-97857263","actualidad_home","type-actualidad_home","status-publish","hentry"],"acf":[],"yoast_head":"<!-- This site is optimized with the Yoast SEO plugin v26.9 - https:\/\/yoast.com\/product\/yoast-seo-wordpress\/ -->\n<title>The initiative for the comprehensive protection of the flora, vegetation and habitats of Engu\u00eddanos is shown - Fundaci\u00f3n Biodiversidad<\/title>\n<meta name=\"robots\" content=\"index, follow, max-snippet:-1, max-image-preview:large, max-video-preview:-1\" \/>\n<link rel=\"canonical\" href=\"https:\/\/fundacion-biodiversidad.es\/en\/actualidad_home\/the-initiative-for-the-comprehensive-protection-of-the-flora-vegetation-and-habitats-of-enguidanos-is-shown\/\" \/>\n<meta property=\"og:locale\" content=\"en_US\" \/>\n<meta property=\"og:type\" content=\"article\" \/>\n<meta property=\"og:title\" content=\"The initiative for the comprehensive protection of the flora, vegetation and habitats of Engu\u00eddanos is shown - Fundaci\u00f3n Biodiversidad\" \/>\n<meta property=\"og:description\" content=\"The director of the Biodiversity Foundation, Ana Leiva, accompanied by the Sub-delegate of the Government of Spain in the province of Cuenca, Julio Magdalena, and [&hellip;]\" \/>\n<meta property=\"og:url\" content=\"https:\/\/fundacion-biodiversidad.es\/en\/actualidad_home\/the-initiative-for-the-comprehensive-protection-of-the-flora-vegetation-and-habitats-of-enguidanos-is-shown\/\" \/>\n<meta property=\"og:site_name\" content=\"Fundaci\u00f3n Biodiversidad\" \/>\n<meta property=\"og:image\" content=\"https:\/\/fundacion-biodiversidad.es\/wp-content\/uploads\/2023\/01\/2487661294_35330241_720x405.png\" \/>\n\t<meta property=\"og:image:width\" content=\"720\" \/>\n\t<meta property=\"og:image:height\" content=\"405\" \/>\n\t<meta property=\"og:image:type\" content=\"image\/png\" \/>\n<meta name=\"twitter:card\" content=\"summary_large_image\" \/>\n<meta name=\"twitter:label1\" content=\"Est. reading time\" \/>\n\t<meta name=\"twitter:data1\" content=\"2 minutes\" \/>\n<script type=\"application\/ld+json\" class=\"yoast-schema-graph\">{\"@context\":\"https:\/\/schema.org\",\"@graph\":[{\"@type\":\"WebPage\",\"@id\":\"https:\/\/fundacion-biodiversidad.es\/en\/actualidad_home\/the-initiative-for-the-comprehensive-protection-of-the-flora-vegetation-and-habitats-of-enguidanos-is-shown\/\",\"url\":\"https:\/\/fundacion-biodiversidad.es\/en\/actualidad_home\/the-initiative-for-the-comprehensive-protection-of-the-flora-vegetation-and-habitats-of-enguidanos-is-shown\/\",\"name\":\"The initiative for the comprehensive protection of the flora, vegetation and habitats of Engu\u00eddanos is shown - Fundaci\u00f3n Biodiversidad\",\"isPartOf\":{\"@id\":\"https:\/\/fundacion-biodiversidad.es\/en\/#website\"},\"datePublished\":\"2014-03-24T15:22:24+00:00\",\"breadcrumb\":{\"@id\":\"https:\/\/fundacion-biodiversidad.es\/en\/actualidad_home\/the-initiative-for-the-comprehensive-protection-of-the-flora-vegetation-and-habitats-of-enguidanos-is-shown\/#breadcrumb\"},\"inLanguage\":\"en-US\",\"potentialAction\":[{\"@type\":\"ReadAction\",\"target\":[\"https:\/\/fundacion-biodiversidad.es\/en\/actualidad_home\/the-initiative-for-the-comprehensive-protection-of-the-flora-vegetation-and-habitats-of-enguidanos-is-shown\/\"]}]},{\"@type\":\"BreadcrumbList\",\"@id\":\"https:\/\/fundacion-biodiversidad.es\/en\/actualidad_home\/the-initiative-for-the-comprehensive-protection-of-the-flora-vegetation-and-habitats-of-enguidanos-is-shown\/#breadcrumb\",\"itemListElement\":[{\"@type\":\"ListItem\",\"position\":1,\"name\":\"Portada\",\"item\":\"https:\/\/fundacion-biodiversidad.es\/en\/inicio\/\"},{\"@type\":\"ListItem\",\"position\":2,\"name\":\"Noticias de actualidad\",\"item\":\"https:\/\/fundacion-biodiversidad.es\/en\/actualidad_home\/\"},{\"@type\":\"ListItem\",\"position\":3,\"name\":\"The initiative for the comprehensive protection of the flora, vegetation and habitats of Engu\u00eddanos is shown\"}]},{\"@type\":\"WebSite\",\"@id\":\"https:\/\/fundacion-biodiversidad.es\/en\/#website\",\"url\":\"https:\/\/fundacion-biodiversidad.es\/en\/\",\"name\":\"Fundaci\u00f3n Biodiversidad\",\"description\":\"Fundaci\u00f3n p\u00fablica adscrita al Ministerio para la Transici\u00f3n Ecol\u00f3gica\",\"potentialAction\":[{\"@type\":\"SearchAction\",\"target\":{\"@type\":\"EntryPoint\",\"urlTemplate\":\"https:\/\/fundacion-biodiversidad.es\/en\/?s={search_term_string}\"},\"query-input\":{\"@type\":\"PropertyValueSpecification\",\"valueRequired\":true,\"valueName\":\"search_term_string\"}}],\"inLanguage\":\"en-US\"}]}<\/script>\n<!-- \/ Yoast SEO plugin. -->","yoast_head_json":{"title":"The initiative for the comprehensive protection of the flora, vegetation and habitats of Engu\u00eddanos is shown - Fundaci\u00f3n Biodiversidad","robots":{"index":"index","follow":"follow","max-snippet":"max-snippet:-1","max-image-preview":"max-image-preview:large","max-video-preview":"max-video-preview:-1"},"canonical":"https:\/\/fundacion-biodiversidad.es\/en\/actualidad_home\/the-initiative-for-the-comprehensive-protection-of-the-flora-vegetation-and-habitats-of-enguidanos-is-shown\/","og_locale":"en_US","og_type":"article","og_title":"The initiative for the comprehensive protection of the flora, vegetation and habitats of Engu\u00eddanos is shown - Fundaci\u00f3n Biodiversidad","og_description":"The director of the Biodiversity Foundation, Ana Leiva, accompanied by the Sub-delegate of the Government of Spain in the province of Cuenca, Julio Magdalena, and [&hellip;]","og_url":"https:\/\/fundacion-biodiversidad.es\/en\/actualidad_home\/the-initiative-for-the-comprehensive-protection-of-the-flora-vegetation-and-habitats-of-enguidanos-is-shown\/","og_site_name":"Fundaci\u00f3n Biodiversidad","og_image":[{"width":720,"height":405,"url":"https:\/\/fundacion-biodiversidad.es\/wp-content\/uploads\/2023\/01\/2487661294_35330241_720x405.png","type":"image\/png"}],"twitter_card":"summary_large_image","twitter_misc":{"Est. reading time":"2 minutes"},"schema":{"@context":"https:\/\/schema.org","@graph":[{"@type":"WebPage","@id":"https:\/\/fundacion-biodiversidad.es\/en\/actualidad_home\/the-initiative-for-the-comprehensive-protection-of-the-flora-vegetation-and-habitats-of-enguidanos-is-shown\/","url":"https:\/\/fundacion-biodiversidad.es\/en\/actualidad_home\/the-initiative-for-the-comprehensive-protection-of-the-flora-vegetation-and-habitats-of-enguidanos-is-shown\/","name":"The initiative for the comprehensive protection of the flora, vegetation and habitats of Engu\u00eddanos is shown - Fundaci\u00f3n Biodiversidad","isPartOf":{"@id":"https:\/\/fundacion-biodiversidad.es\/en\/#website"},"datePublished":"2014-03-24T15:22:24+00:00","breadcrumb":{"@id":"https:\/\/fundacion-biodiversidad.es\/en\/actualidad_home\/the-initiative-for-the-comprehensive-protection-of-the-flora-vegetation-and-habitats-of-enguidanos-is-shown\/#breadcrumb"},"inLanguage":"en-US","potentialAction":[{"@type":"ReadAction","target":["https:\/\/fundacion-biodiversidad.es\/en\/actualidad_home\/the-initiative-for-the-comprehensive-protection-of-the-flora-vegetation-and-habitats-of-enguidanos-is-shown\/"]}]},{"@type":"BreadcrumbList","@id":"https:\/\/fundacion-biodiversidad.es\/en\/actualidad_home\/the-initiative-for-the-comprehensive-protection-of-the-flora-vegetation-and-habitats-of-enguidanos-is-shown\/#breadcrumb","itemListElement":[{"@type":"ListItem","position":1,"name":"Portada","item":"https:\/\/fundacion-biodiversidad.es\/en\/inicio\/"},{"@type":"ListItem","position":2,"name":"Noticias de actualidad","item":"https:\/\/fundacion-biodiversidad.es\/en\/actualidad_home\/"},{"@type":"ListItem","position":3,"name":"The initiative for the comprehensive protection of the flora, vegetation and habitats of Engu\u00eddanos is shown"}]},{"@type":"WebSite","@id":"https:\/\/fundacion-biodiversidad.es\/en\/#website","url":"https:\/\/fundacion-biodiversidad.es\/en\/","name":"Fundaci\u00f3n Biodiversidad","description":"Fundaci\u00f3n p\u00fablica adscrita al Ministerio para la Transici\u00f3n Ecol\u00f3gica","potentialAction":[{"@type":"SearchAction","target":{"@type":"EntryPoint","urlTemplate":"https:\/\/fundacion-biodiversidad.es\/en\/?s={search_term_string}"},"query-input":{"@type":"PropertyValueSpecification","valueRequired":true,"valueName":"search_term_string"}}],"inLanguage":"en-US"}]}},"_links":{"self":[{"href":"https:\/\/fundacion-biodiversidad.es\/en\/wp-json\/wp\/v2\/actualidad_home\/97857263","targetHints":{"allow":["GET"]}}],"collection":[{"href":"https:\/\/fundacion-biodiversidad.es\/en\/wp-json\/wp\/v2\/actualidad_home"}],"about":[{"href":"https:\/\/fundacion-biodiversidad.es\/en\/wp-json\/wp\/v2\/types\/actualidad_home"}],"author":[{"embeddable":true,"href":"https:\/\/fundacion-biodiversidad.es\/en\/wp-json\/wp\/v2\/users\/11"}],"wp:attachment":[{"href":"https:\/\/fundacion-biodiversidad.es\/en\/wp-json\/wp\/v2\/media?parent=97857263"}],"wp:term":[{"taxonomy":"palabras_clave","embeddable":true,"href":"https:\/\/fundacion-biodiversidad.es\/en\/wp-json\/wp\/v2\/palabras_clave?post=97857263"}],"curies":[{"name":"wp","href":"https:\/\/api.w.org\/{rel}","templated":true}]}}