{"id":97857385,"date":"2014-03-24T16:22:50","date_gmt":"2014-03-24T15:22:50","guid":{"rendered":"https:\/\/fundacion-biodiversidad.es\/actualidad_home\/national-geographic-channel-has-launched-a-campaign-to-celebrate-world-earth-day\/"},"modified":"2014-03-24T16:22:50","modified_gmt":"2014-03-24T15:22:50","slug":"national-geographic-channel-has-launched-a-campaign-to-celebrate-world-earth-day","status":"publish","type":"actualidad_home","link":"https:\/\/fundacion-biodiversidad.es\/en\/actualidad_home\/national-geographic-channel-has-launched-a-campaign-to-celebrate-world-earth-day\/","title":{"rendered":"National Geographic Channel has launched a campaign to celebrate World Earth Day"},"content":{"rendered":"<p>The National Geographic Channel magazine has presented a set of initiatives at the Ministry of the Environment, including the first visit to Spain by the primatologist and conservationist Mireya Mayor and the collaboration with the musical group Macaco for the production of the video clip of her song &#8220;Mama Tierra&#8221;.  <\/p>\n<p><!--more--><\/p>\n<p>In the video of Macaco&#8217;s song &#8216;Mama Tierra&#8217;, for which the National Geographic Channel has provided images, a good number of artists from the world of music, film and television have also participated, such as Julieta Venegas, Concha Garc\u00eda Campoy, Jon Sistiaga, Estopa, Fito, Eva H, Luis Tosar and Bebe, who have wanted to join this initiative.  <\/p>\n<p>  World Earth Day was established to promote a common awareness of the environmental problems that our planet suffers. The first celebration took place in 1970 at the initiative of the US senator, Taylor Nelson. Since then, a large number of activities have been carried out every April 22 around the world. This year&#8217;s campaign slogan is: &#8220;A call to action against climate change&#8221;     <br \/>\n&nbsp;<\/p>\n","protected":false},"author":11,"featured_media":0,"template":"","meta":{"_acf_changed":false},"palabras_clave":[],"class_list":["post-97857385","actualidad_home","type-actualidad_home","status-publish","hentry"],"acf":[],"yoast_head":"<!-- This site is optimized with the Yoast SEO plugin v26.9 - https:\/\/yoast.com\/product\/yoast-seo-wordpress\/ -->\n<title>National Geographic Channel has launched a campaign to celebrate World Earth Day - Fundaci\u00f3n Biodiversidad<\/title>\n<meta name=\"robots\" content=\"index, follow, max-snippet:-1, max-image-preview:large, max-video-preview:-1\" \/>\n<link rel=\"canonical\" href=\"https:\/\/fundacion-biodiversidad.es\/en\/actualidad_home\/national-geographic-channel-has-launched-a-campaign-to-celebrate-world-earth-day\/\" \/>\n<meta property=\"og:locale\" content=\"en_US\" \/>\n<meta property=\"og:type\" content=\"article\" \/>\n<meta property=\"og:title\" content=\"National Geographic Channel has launched a campaign to celebrate World Earth Day - Fundaci\u00f3n Biodiversidad\" \/>\n<meta property=\"og:description\" content=\"The National Geographic Channel magazine has presented a set of initiatives at the Ministry of the Environment, including the first visit to Spain by the [&hellip;]\" \/>\n<meta property=\"og:url\" content=\"https:\/\/fundacion-biodiversidad.es\/en\/actualidad_home\/national-geographic-channel-has-launched-a-campaign-to-celebrate-world-earth-day\/\" \/>\n<meta property=\"og:site_name\" content=\"Fundaci\u00f3n Biodiversidad\" \/>\n<meta property=\"og:image\" content=\"https:\/\/fundacion-biodiversidad.es\/wp-content\/uploads\/2023\/01\/2487661294_35330241_720x405.png\" \/>\n\t<meta property=\"og:image:width\" content=\"720\" \/>\n\t<meta property=\"og:image:height\" content=\"405\" \/>\n\t<meta property=\"og:image:type\" content=\"image\/png\" \/>\n<meta name=\"twitter:card\" content=\"summary_large_image\" \/>\n<meta name=\"twitter:label1\" content=\"Est. reading time\" \/>\n\t<meta name=\"twitter:data1\" content=\"1 minute\" \/>\n<script type=\"application\/ld+json\" class=\"yoast-schema-graph\">{\"@context\":\"https:\/\/schema.org\",\"@graph\":[{\"@type\":\"WebPage\",\"@id\":\"https:\/\/fundacion-biodiversidad.es\/en\/actualidad_home\/national-geographic-channel-has-launched-a-campaign-to-celebrate-world-earth-day\/\",\"url\":\"https:\/\/fundacion-biodiversidad.es\/en\/actualidad_home\/national-geographic-channel-has-launched-a-campaign-to-celebrate-world-earth-day\/\",\"name\":\"National Geographic Channel has launched a campaign to celebrate World Earth Day - Fundaci\u00f3n Biodiversidad\",\"isPartOf\":{\"@id\":\"https:\/\/fundacion-biodiversidad.es\/en\/#website\"},\"datePublished\":\"2014-03-24T15:22:50+00:00\",\"breadcrumb\":{\"@id\":\"https:\/\/fundacion-biodiversidad.es\/en\/actualidad_home\/national-geographic-channel-has-launched-a-campaign-to-celebrate-world-earth-day\/#breadcrumb\"},\"inLanguage\":\"en-US\",\"potentialAction\":[{\"@type\":\"ReadAction\",\"target\":[\"https:\/\/fundacion-biodiversidad.es\/en\/actualidad_home\/national-geographic-channel-has-launched-a-campaign-to-celebrate-world-earth-day\/\"]}]},{\"@type\":\"BreadcrumbList\",\"@id\":\"https:\/\/fundacion-biodiversidad.es\/en\/actualidad_home\/national-geographic-channel-has-launched-a-campaign-to-celebrate-world-earth-day\/#breadcrumb\",\"itemListElement\":[{\"@type\":\"ListItem\",\"position\":1,\"name\":\"Portada\",\"item\":\"https:\/\/fundacion-biodiversidad.es\/en\/inicio\/\"},{\"@type\":\"ListItem\",\"position\":2,\"name\":\"Noticias de actualidad\",\"item\":\"https:\/\/fundacion-biodiversidad.es\/en\/actualidad_home\/\"},{\"@type\":\"ListItem\",\"position\":3,\"name\":\"National Geographic Channel has launched a campaign to celebrate World Earth Day\"}]},{\"@type\":\"WebSite\",\"@id\":\"https:\/\/fundacion-biodiversidad.es\/en\/#website\",\"url\":\"https:\/\/fundacion-biodiversidad.es\/en\/\",\"name\":\"Fundaci\u00f3n Biodiversidad\",\"description\":\"Fundaci\u00f3n p\u00fablica adscrita al Ministerio para la Transici\u00f3n Ecol\u00f3gica\",\"potentialAction\":[{\"@type\":\"SearchAction\",\"target\":{\"@type\":\"EntryPoint\",\"urlTemplate\":\"https:\/\/fundacion-biodiversidad.es\/en\/?s={search_term_string}\"},\"query-input\":{\"@type\":\"PropertyValueSpecification\",\"valueRequired\":true,\"valueName\":\"search_term_string\"}}],\"inLanguage\":\"en-US\"}]}<\/script>\n<!-- \/ Yoast SEO plugin. -->","yoast_head_json":{"title":"National Geographic Channel has launched a campaign to celebrate World Earth Day - Fundaci\u00f3n Biodiversidad","robots":{"index":"index","follow":"follow","max-snippet":"max-snippet:-1","max-image-preview":"max-image-preview:large","max-video-preview":"max-video-preview:-1"},"canonical":"https:\/\/fundacion-biodiversidad.es\/en\/actualidad_home\/national-geographic-channel-has-launched-a-campaign-to-celebrate-world-earth-day\/","og_locale":"en_US","og_type":"article","og_title":"National Geographic Channel has launched a campaign to celebrate World Earth Day - Fundaci\u00f3n Biodiversidad","og_description":"The National Geographic Channel magazine has presented a set of initiatives at the Ministry of the Environment, including the first visit to Spain by the [&hellip;]","og_url":"https:\/\/fundacion-biodiversidad.es\/en\/actualidad_home\/national-geographic-channel-has-launched-a-campaign-to-celebrate-world-earth-day\/","og_site_name":"Fundaci\u00f3n Biodiversidad","og_image":[{"width":720,"height":405,"url":"https:\/\/fundacion-biodiversidad.es\/wp-content\/uploads\/2023\/01\/2487661294_35330241_720x405.png","type":"image\/png"}],"twitter_card":"summary_large_image","twitter_misc":{"Est. reading time":"1 minute"},"schema":{"@context":"https:\/\/schema.org","@graph":[{"@type":"WebPage","@id":"https:\/\/fundacion-biodiversidad.es\/en\/actualidad_home\/national-geographic-channel-has-launched-a-campaign-to-celebrate-world-earth-day\/","url":"https:\/\/fundacion-biodiversidad.es\/en\/actualidad_home\/national-geographic-channel-has-launched-a-campaign-to-celebrate-world-earth-day\/","name":"National Geographic Channel has launched a campaign to celebrate World Earth Day - Fundaci\u00f3n Biodiversidad","isPartOf":{"@id":"https:\/\/fundacion-biodiversidad.es\/en\/#website"},"datePublished":"2014-03-24T15:22:50+00:00","breadcrumb":{"@id":"https:\/\/fundacion-biodiversidad.es\/en\/actualidad_home\/national-geographic-channel-has-launched-a-campaign-to-celebrate-world-earth-day\/#breadcrumb"},"inLanguage":"en-US","potentialAction":[{"@type":"ReadAction","target":["https:\/\/fundacion-biodiversidad.es\/en\/actualidad_home\/national-geographic-channel-has-launched-a-campaign-to-celebrate-world-earth-day\/"]}]},{"@type":"BreadcrumbList","@id":"https:\/\/fundacion-biodiversidad.es\/en\/actualidad_home\/national-geographic-channel-has-launched-a-campaign-to-celebrate-world-earth-day\/#breadcrumb","itemListElement":[{"@type":"ListItem","position":1,"name":"Portada","item":"https:\/\/fundacion-biodiversidad.es\/en\/inicio\/"},{"@type":"ListItem","position":2,"name":"Noticias de actualidad","item":"https:\/\/fundacion-biodiversidad.es\/en\/actualidad_home\/"},{"@type":"ListItem","position":3,"name":"National Geographic Channel has launched a campaign to celebrate World Earth Day"}]},{"@type":"WebSite","@id":"https:\/\/fundacion-biodiversidad.es\/en\/#website","url":"https:\/\/fundacion-biodiversidad.es\/en\/","name":"Fundaci\u00f3n Biodiversidad","description":"Fundaci\u00f3n p\u00fablica adscrita al Ministerio para la Transici\u00f3n Ecol\u00f3gica","potentialAction":[{"@type":"SearchAction","target":{"@type":"EntryPoint","urlTemplate":"https:\/\/fundacion-biodiversidad.es\/en\/?s={search_term_string}"},"query-input":{"@type":"PropertyValueSpecification","valueRequired":true,"valueName":"search_term_string"}}],"inLanguage":"en-US"}]}},"_links":{"self":[{"href":"https:\/\/fundacion-biodiversidad.es\/en\/wp-json\/wp\/v2\/actualidad_home\/97857385","targetHints":{"allow":["GET"]}}],"collection":[{"href":"https:\/\/fundacion-biodiversidad.es\/en\/wp-json\/wp\/v2\/actualidad_home"}],"about":[{"href":"https:\/\/fundacion-biodiversidad.es\/en\/wp-json\/wp\/v2\/types\/actualidad_home"}],"author":[{"embeddable":true,"href":"https:\/\/fundacion-biodiversidad.es\/en\/wp-json\/wp\/v2\/users\/11"}],"wp:attachment":[{"href":"https:\/\/fundacion-biodiversidad.es\/en\/wp-json\/wp\/v2\/media?parent=97857385"}],"wp:term":[{"taxonomy":"palabras_clave","embeddable":true,"href":"https:\/\/fundacion-biodiversidad.es\/en\/wp-json\/wp\/v2\/palabras_clave?post=97857385"}],"curies":[{"name":"wp","href":"https:\/\/api.w.org\/{rel}","templated":true}]}}