{"id":97857386,"date":"2014-03-24T16:22:50","date_gmt":"2014-03-24T15:22:50","guid":{"rendered":"https:\/\/fundacion-biodiversidad.es\/actualidad_home\/cristina-narbona-presides-over-the-signing-of-the-agreement-between-the-biodiversity-foundation-and-the-magazine-los-lunnis\/"},"modified":"2014-03-24T16:22:50","modified_gmt":"2014-03-24T15:22:50","slug":"cristina-narbona-presides-over-the-signing-of-the-agreement-between-the-biodiversity-foundation-and-the-magazine-los-lunnis","status":"publish","type":"actualidad_home","link":"https:\/\/fundacion-biodiversidad.es\/en\/actualidad_home\/cristina-narbona-presides-over-the-signing-of-the-agreement-between-the-biodiversity-foundation-and-the-magazine-los-lunnis\/","title":{"rendered":"Cristina Narbona presides over the signing of the agreement between the Biodiversity Foundation and the magazine &#8220;Los Lunnis&#8221;"},"content":{"rendered":"<p>The Minister of the Environment, Cristina Narbona, presided over the signing of the agreement between the Biodiversity Foundation and H. Bauer Ediciones S.L., publisher of the magazine &#8220;Los Lunnis&#8221;. The purpose of this agreement is to disseminate environmental content in the pages of this publication aimed at children. <\/p>\n<p><!--more--><\/p>\n<p>During this event, which took place at the Royal Botanical Garden of Madrid, Cristina Narbona was accompanied by the director of the Biodiversity Foundation, Mar\u00eda Artola, the CEO of H. Bauer Ediciones S.L., Heidi von Lilienfeld, and the director of the magazine &#8220;Los Lunnis&#8221;, Marisol Pi\u00f1ero.  <\/p>\n<p>  Likewise, after the official signing, the capercaillie &#8220;Paquito&#8221;, a character from the BioD\u00edver children&#8217;s section of the Biodiversity Foundation website, and Lupita, a character from Los Lunnis, have signed the agreement under the watchful eye of 110 children.  <\/p>\n<p>  With the celebration of this event, we also wanted to commemorate World Forest Day, which is celebrated tomorrow, March 21. For this reason, the children attending have dressed up as trees, and the activities and games developed during this morning have run under the slogan &#8220;We are all trees&#8221;.   <\/p>\n<p>  The little ones have been photographed with the characters of BioD\u00edver, the lynx &#8220;May\u00fa&#8221;, the capercaillie &#8220;Paquito&#8221; and the brown bear &#8220;Robin&#8221;, and with the characters of Los Lunnis &#8220;Lupita&#8221; and &#8220;Lucho&#8221;. On the other hand, the magazine &#8220;Los Lunnis&#8221; has provided them with the necessary material to cut out and color pages of this publication.   <\/p>\n<p>  The children also participated in the &#8220;Countdown&#8221; game. It is an activity similar to the well-known &#8220;game of the goose&#8221; in which children have fun on a huge board on which endangered species are represented. Through it they have to save endangered animals and plants, avoid the dangers that lie in wait for them and reach the year 2010 with all the species saved. Along with the lynx, the capercaillie and the brown bear, other secondary characters have been included, representing endangered species such as the ferreret, the Iberian wolf, the imperial eagle and the loggerhead turtle. This hobby allows the little ones to learn about the problems of our most endangered fauna and flora in our country.      <\/p>\n<p>  Precisely, the April issue of the magazine &#8220;Los Lunnis&#8221; includes in its central pages the game of the &#8220;Countdown&#8221;. With the signing of this agreement, this publication declares itself &#8220;friend of nature&#8221;.   <br \/>\n&nbsp;<\/p>\n","protected":false},"author":11,"featured_media":0,"template":"","meta":{"_acf_changed":false},"palabras_clave":[],"class_list":["post-97857386","actualidad_home","type-actualidad_home","status-publish","hentry"],"acf":[],"yoast_head":"<!-- This site is optimized with the Yoast SEO plugin v26.9 - https:\/\/yoast.com\/product\/yoast-seo-wordpress\/ -->\n<title>Cristina Narbona presides over the signing of the agreement between the Biodiversity Foundation and the magazine &quot;Los Lunnis&quot; - Fundaci\u00f3n Biodiversidad<\/title>\n<meta name=\"robots\" content=\"index, follow, max-snippet:-1, max-image-preview:large, max-video-preview:-1\" \/>\n<link rel=\"canonical\" href=\"https:\/\/fundacion-biodiversidad.es\/en\/actualidad_home\/cristina-narbona-presides-over-the-signing-of-the-agreement-between-the-biodiversity-foundation-and-the-magazine-los-lunnis\/\" \/>\n<meta property=\"og:locale\" content=\"en_US\" \/>\n<meta property=\"og:type\" content=\"article\" \/>\n<meta property=\"og:title\" content=\"Cristina Narbona presides over the signing of the agreement between the Biodiversity Foundation and the magazine &quot;Los Lunnis&quot; - Fundaci\u00f3n Biodiversidad\" \/>\n<meta property=\"og:description\" content=\"The Minister of the Environment, Cristina Narbona, presided over the signing of the agreement between the Biodiversity Foundation and H. Bauer Ediciones S.L., publisher of [&hellip;]\" \/>\n<meta property=\"og:url\" content=\"https:\/\/fundacion-biodiversidad.es\/en\/actualidad_home\/cristina-narbona-presides-over-the-signing-of-the-agreement-between-the-biodiversity-foundation-and-the-magazine-los-lunnis\/\" \/>\n<meta property=\"og:site_name\" content=\"Fundaci\u00f3n Biodiversidad\" \/>\n<meta property=\"og:image\" content=\"https:\/\/fundacion-biodiversidad.es\/wp-content\/uploads\/2023\/01\/2487661294_35330241_720x405.png\" \/>\n\t<meta property=\"og:image:width\" content=\"720\" \/>\n\t<meta property=\"og:image:height\" content=\"405\" \/>\n\t<meta property=\"og:image:type\" content=\"image\/png\" \/>\n<meta name=\"twitter:card\" content=\"summary_large_image\" \/>\n<meta name=\"twitter:label1\" content=\"Est. reading time\" \/>\n\t<meta name=\"twitter:data1\" content=\"2 minutes\" \/>\n<script type=\"application\/ld+json\" class=\"yoast-schema-graph\">{\"@context\":\"https:\/\/schema.org\",\"@graph\":[{\"@type\":\"WebPage\",\"@id\":\"https:\/\/fundacion-biodiversidad.es\/en\/actualidad_home\/cristina-narbona-presides-over-the-signing-of-the-agreement-between-the-biodiversity-foundation-and-the-magazine-los-lunnis\/\",\"url\":\"https:\/\/fundacion-biodiversidad.es\/en\/actualidad_home\/cristina-narbona-presides-over-the-signing-of-the-agreement-between-the-biodiversity-foundation-and-the-magazine-los-lunnis\/\",\"name\":\"Cristina Narbona presides over the signing of the agreement between the Biodiversity Foundation and the magazine \\\"Los Lunnis\\\" - Fundaci\u00f3n Biodiversidad\",\"isPartOf\":{\"@id\":\"https:\/\/fundacion-biodiversidad.es\/en\/#website\"},\"datePublished\":\"2014-03-24T15:22:50+00:00\",\"breadcrumb\":{\"@id\":\"https:\/\/fundacion-biodiversidad.es\/en\/actualidad_home\/cristina-narbona-presides-over-the-signing-of-the-agreement-between-the-biodiversity-foundation-and-the-magazine-los-lunnis\/#breadcrumb\"},\"inLanguage\":\"en-US\",\"potentialAction\":[{\"@type\":\"ReadAction\",\"target\":[\"https:\/\/fundacion-biodiversidad.es\/en\/actualidad_home\/cristina-narbona-presides-over-the-signing-of-the-agreement-between-the-biodiversity-foundation-and-the-magazine-los-lunnis\/\"]}]},{\"@type\":\"BreadcrumbList\",\"@id\":\"https:\/\/fundacion-biodiversidad.es\/en\/actualidad_home\/cristina-narbona-presides-over-the-signing-of-the-agreement-between-the-biodiversity-foundation-and-the-magazine-los-lunnis\/#breadcrumb\",\"itemListElement\":[{\"@type\":\"ListItem\",\"position\":1,\"name\":\"Portada\",\"item\":\"https:\/\/fundacion-biodiversidad.es\/en\/inicio\/\"},{\"@type\":\"ListItem\",\"position\":2,\"name\":\"Noticias de actualidad\",\"item\":\"https:\/\/fundacion-biodiversidad.es\/en\/actualidad_home\/\"},{\"@type\":\"ListItem\",\"position\":3,\"name\":\"Cristina Narbona presides over the signing of the agreement between the Biodiversity Foundation and the magazine &#8220;Los Lunnis&#8221;\"}]},{\"@type\":\"WebSite\",\"@id\":\"https:\/\/fundacion-biodiversidad.es\/en\/#website\",\"url\":\"https:\/\/fundacion-biodiversidad.es\/en\/\",\"name\":\"Fundaci\u00f3n Biodiversidad\",\"description\":\"Fundaci\u00f3n p\u00fablica adscrita al Ministerio para la Transici\u00f3n Ecol\u00f3gica\",\"potentialAction\":[{\"@type\":\"SearchAction\",\"target\":{\"@type\":\"EntryPoint\",\"urlTemplate\":\"https:\/\/fundacion-biodiversidad.es\/en\/?s={search_term_string}\"},\"query-input\":{\"@type\":\"PropertyValueSpecification\",\"valueRequired\":true,\"valueName\":\"search_term_string\"}}],\"inLanguage\":\"en-US\"}]}<\/script>\n<!-- \/ Yoast SEO plugin. -->","yoast_head_json":{"title":"Cristina Narbona presides over the signing of the agreement between the Biodiversity Foundation and the magazine \"Los Lunnis\" - Fundaci\u00f3n Biodiversidad","robots":{"index":"index","follow":"follow","max-snippet":"max-snippet:-1","max-image-preview":"max-image-preview:large","max-video-preview":"max-video-preview:-1"},"canonical":"https:\/\/fundacion-biodiversidad.es\/en\/actualidad_home\/cristina-narbona-presides-over-the-signing-of-the-agreement-between-the-biodiversity-foundation-and-the-magazine-los-lunnis\/","og_locale":"en_US","og_type":"article","og_title":"Cristina Narbona presides over the signing of the agreement between the Biodiversity Foundation and the magazine \"Los Lunnis\" - Fundaci\u00f3n Biodiversidad","og_description":"The Minister of the Environment, Cristina Narbona, presided over the signing of the agreement between the Biodiversity Foundation and H. Bauer Ediciones S.L., publisher of [&hellip;]","og_url":"https:\/\/fundacion-biodiversidad.es\/en\/actualidad_home\/cristina-narbona-presides-over-the-signing-of-the-agreement-between-the-biodiversity-foundation-and-the-magazine-los-lunnis\/","og_site_name":"Fundaci\u00f3n Biodiversidad","og_image":[{"width":720,"height":405,"url":"https:\/\/fundacion-biodiversidad.es\/wp-content\/uploads\/2023\/01\/2487661294_35330241_720x405.png","type":"image\/png"}],"twitter_card":"summary_large_image","twitter_misc":{"Est. reading time":"2 minutes"},"schema":{"@context":"https:\/\/schema.org","@graph":[{"@type":"WebPage","@id":"https:\/\/fundacion-biodiversidad.es\/en\/actualidad_home\/cristina-narbona-presides-over-the-signing-of-the-agreement-between-the-biodiversity-foundation-and-the-magazine-los-lunnis\/","url":"https:\/\/fundacion-biodiversidad.es\/en\/actualidad_home\/cristina-narbona-presides-over-the-signing-of-the-agreement-between-the-biodiversity-foundation-and-the-magazine-los-lunnis\/","name":"Cristina Narbona presides over the signing of the agreement between the Biodiversity Foundation and the magazine \"Los Lunnis\" - Fundaci\u00f3n Biodiversidad","isPartOf":{"@id":"https:\/\/fundacion-biodiversidad.es\/en\/#website"},"datePublished":"2014-03-24T15:22:50+00:00","breadcrumb":{"@id":"https:\/\/fundacion-biodiversidad.es\/en\/actualidad_home\/cristina-narbona-presides-over-the-signing-of-the-agreement-between-the-biodiversity-foundation-and-the-magazine-los-lunnis\/#breadcrumb"},"inLanguage":"en-US","potentialAction":[{"@type":"ReadAction","target":["https:\/\/fundacion-biodiversidad.es\/en\/actualidad_home\/cristina-narbona-presides-over-the-signing-of-the-agreement-between-the-biodiversity-foundation-and-the-magazine-los-lunnis\/"]}]},{"@type":"BreadcrumbList","@id":"https:\/\/fundacion-biodiversidad.es\/en\/actualidad_home\/cristina-narbona-presides-over-the-signing-of-the-agreement-between-the-biodiversity-foundation-and-the-magazine-los-lunnis\/#breadcrumb","itemListElement":[{"@type":"ListItem","position":1,"name":"Portada","item":"https:\/\/fundacion-biodiversidad.es\/en\/inicio\/"},{"@type":"ListItem","position":2,"name":"Noticias de actualidad","item":"https:\/\/fundacion-biodiversidad.es\/en\/actualidad_home\/"},{"@type":"ListItem","position":3,"name":"Cristina Narbona presides over the signing of the agreement between the Biodiversity Foundation and the magazine &#8220;Los Lunnis&#8221;"}]},{"@type":"WebSite","@id":"https:\/\/fundacion-biodiversidad.es\/en\/#website","url":"https:\/\/fundacion-biodiversidad.es\/en\/","name":"Fundaci\u00f3n Biodiversidad","description":"Fundaci\u00f3n p\u00fablica adscrita al Ministerio para la Transici\u00f3n Ecol\u00f3gica","potentialAction":[{"@type":"SearchAction","target":{"@type":"EntryPoint","urlTemplate":"https:\/\/fundacion-biodiversidad.es\/en\/?s={search_term_string}"},"query-input":{"@type":"PropertyValueSpecification","valueRequired":true,"valueName":"search_term_string"}}],"inLanguage":"en-US"}]}},"_links":{"self":[{"href":"https:\/\/fundacion-biodiversidad.es\/en\/wp-json\/wp\/v2\/actualidad_home\/97857386","targetHints":{"allow":["GET"]}}],"collection":[{"href":"https:\/\/fundacion-biodiversidad.es\/en\/wp-json\/wp\/v2\/actualidad_home"}],"about":[{"href":"https:\/\/fundacion-biodiversidad.es\/en\/wp-json\/wp\/v2\/types\/actualidad_home"}],"author":[{"embeddable":true,"href":"https:\/\/fundacion-biodiversidad.es\/en\/wp-json\/wp\/v2\/users\/11"}],"wp:attachment":[{"href":"https:\/\/fundacion-biodiversidad.es\/en\/wp-json\/wp\/v2\/media?parent=97857386"}],"wp:term":[{"taxonomy":"palabras_clave","embeddable":true,"href":"https:\/\/fundacion-biodiversidad.es\/en\/wp-json\/wp\/v2\/palabras_clave?post=97857386"}],"curies":[{"name":"wp","href":"https:\/\/api.w.org\/{rel}","templated":true}]}}