{"id":97857387,"date":"2014-03-24T16:22:50","date_gmt":"2014-03-24T15:22:50","guid":{"rendered":"https:\/\/fundacion-biodiversidad.es\/actualidad_home\/cristina-narbona-will-preside-over-the-signing-ceremony-of-the-document-6-key-lines-of-action-to-integrate-sustainability-in-spanish-foundations\/"},"modified":"2014-03-24T16:22:50","modified_gmt":"2014-03-24T15:22:50","slug":"cristina-narbona-will-preside-over-the-signing-ceremony-of-the-document-6-key-lines-of-action-to-integrate-sustainability-in-spanish-foundations","status":"publish","type":"actualidad_home","link":"https:\/\/fundacion-biodiversidad.es\/en\/actualidad_home\/cristina-narbona-will-preside-over-the-signing-ceremony-of-the-document-6-key-lines-of-action-to-integrate-sustainability-in-spanish-foundations\/","title":{"rendered":"Cristina Narbona will preside over the signing ceremony of the document &#8220;6 key lines of action to integrate sustainability in Spanish foundations&#8221;"},"content":{"rendered":"<p>One of the main objectives of the Sectoral Group of Environmental and Sustainability Foundations of the Spanish Association of Foundations is to promote awareness of sustainability in the foundation sector. To this end, it has prepared the document &#8220;6 key lines of action to integrate sustainability in Spanish foundations&#8221;.   <\/p>\n<p><!--more--><\/p>\n<p>This project has had the support of the Minister of the Environment, Cristina Narbona, since its inception, who will preside over the signing ceremony of this document by all the associated foundations on May 3 at 12 noon at the headquarters of the Spanish Railways Foundation.<\/p>\n","protected":false},"author":11,"featured_media":0,"template":"","meta":{"_acf_changed":false},"palabras_clave":[],"class_list":["post-97857387","actualidad_home","type-actualidad_home","status-publish","hentry"],"acf":[],"yoast_head":"<!-- This site is optimized with the Yoast SEO plugin v26.9 - https:\/\/yoast.com\/product\/yoast-seo-wordpress\/ -->\n<title>Cristina Narbona will preside over the signing ceremony of the document &quot;6 key lines of action to integrate sustainability in Spanish foundations&quot; - Fundaci\u00f3n Biodiversidad<\/title>\n<meta name=\"robots\" content=\"index, follow, max-snippet:-1, max-image-preview:large, max-video-preview:-1\" \/>\n<link rel=\"canonical\" href=\"https:\/\/fundacion-biodiversidad.es\/en\/actualidad_home\/cristina-narbona-will-preside-over-the-signing-ceremony-of-the-document-6-key-lines-of-action-to-integrate-sustainability-in-spanish-foundations\/\" \/>\n<meta property=\"og:locale\" content=\"en_US\" \/>\n<meta property=\"og:type\" content=\"article\" \/>\n<meta property=\"og:title\" content=\"Cristina Narbona will preside over the signing ceremony of the document &quot;6 key lines of action to integrate sustainability in Spanish foundations&quot; - Fundaci\u00f3n Biodiversidad\" \/>\n<meta property=\"og:description\" content=\"One of the main objectives of the Sectoral Group of Environmental and Sustainability Foundations of the Spanish Association of Foundations is to promote awareness of [&hellip;]\" \/>\n<meta property=\"og:url\" content=\"https:\/\/fundacion-biodiversidad.es\/en\/actualidad_home\/cristina-narbona-will-preside-over-the-signing-ceremony-of-the-document-6-key-lines-of-action-to-integrate-sustainability-in-spanish-foundations\/\" \/>\n<meta property=\"og:site_name\" content=\"Fundaci\u00f3n Biodiversidad\" \/>\n<meta property=\"og:image\" content=\"https:\/\/fundacion-biodiversidad.es\/wp-content\/uploads\/2023\/01\/2487661294_35330241_720x405.png\" \/>\n\t<meta property=\"og:image:width\" content=\"720\" \/>\n\t<meta property=\"og:image:height\" content=\"405\" \/>\n\t<meta property=\"og:image:type\" content=\"image\/png\" \/>\n<meta name=\"twitter:card\" content=\"summary_large_image\" \/>\n<script type=\"application\/ld+json\" class=\"yoast-schema-graph\">{\"@context\":\"https:\/\/schema.org\",\"@graph\":[{\"@type\":\"WebPage\",\"@id\":\"https:\/\/fundacion-biodiversidad.es\/en\/actualidad_home\/cristina-narbona-will-preside-over-the-signing-ceremony-of-the-document-6-key-lines-of-action-to-integrate-sustainability-in-spanish-foundations\/\",\"url\":\"https:\/\/fundacion-biodiversidad.es\/en\/actualidad_home\/cristina-narbona-will-preside-over-the-signing-ceremony-of-the-document-6-key-lines-of-action-to-integrate-sustainability-in-spanish-foundations\/\",\"name\":\"Cristina Narbona will preside over the signing ceremony of the document \\\"6 key lines of action to integrate sustainability in Spanish foundations\\\" - Fundaci\u00f3n Biodiversidad\",\"isPartOf\":{\"@id\":\"https:\/\/fundacion-biodiversidad.es\/en\/#website\"},\"datePublished\":\"2014-03-24T15:22:50+00:00\",\"breadcrumb\":{\"@id\":\"https:\/\/fundacion-biodiversidad.es\/en\/actualidad_home\/cristina-narbona-will-preside-over-the-signing-ceremony-of-the-document-6-key-lines-of-action-to-integrate-sustainability-in-spanish-foundations\/#breadcrumb\"},\"inLanguage\":\"en-US\",\"potentialAction\":[{\"@type\":\"ReadAction\",\"target\":[\"https:\/\/fundacion-biodiversidad.es\/en\/actualidad_home\/cristina-narbona-will-preside-over-the-signing-ceremony-of-the-document-6-key-lines-of-action-to-integrate-sustainability-in-spanish-foundations\/\"]}]},{\"@type\":\"BreadcrumbList\",\"@id\":\"https:\/\/fundacion-biodiversidad.es\/en\/actualidad_home\/cristina-narbona-will-preside-over-the-signing-ceremony-of-the-document-6-key-lines-of-action-to-integrate-sustainability-in-spanish-foundations\/#breadcrumb\",\"itemListElement\":[{\"@type\":\"ListItem\",\"position\":1,\"name\":\"Portada\",\"item\":\"https:\/\/fundacion-biodiversidad.es\/en\/inicio\/\"},{\"@type\":\"ListItem\",\"position\":2,\"name\":\"Noticias de actualidad\",\"item\":\"https:\/\/fundacion-biodiversidad.es\/en\/actualidad_home\/\"},{\"@type\":\"ListItem\",\"position\":3,\"name\":\"Cristina Narbona will preside over the signing ceremony of the document &#8220;6 key lines of action to integrate sustainability in Spanish foundations&#8221;\"}]},{\"@type\":\"WebSite\",\"@id\":\"https:\/\/fundacion-biodiversidad.es\/en\/#website\",\"url\":\"https:\/\/fundacion-biodiversidad.es\/en\/\",\"name\":\"Fundaci\u00f3n Biodiversidad\",\"description\":\"Fundaci\u00f3n p\u00fablica adscrita al Ministerio para la Transici\u00f3n Ecol\u00f3gica\",\"potentialAction\":[{\"@type\":\"SearchAction\",\"target\":{\"@type\":\"EntryPoint\",\"urlTemplate\":\"https:\/\/fundacion-biodiversidad.es\/en\/?s={search_term_string}\"},\"query-input\":{\"@type\":\"PropertyValueSpecification\",\"valueRequired\":true,\"valueName\":\"search_term_string\"}}],\"inLanguage\":\"en-US\"}]}<\/script>\n<!-- \/ Yoast SEO plugin. -->","yoast_head_json":{"title":"Cristina Narbona will preside over the signing ceremony of the document \"6 key lines of action to integrate sustainability in Spanish foundations\" - Fundaci\u00f3n Biodiversidad","robots":{"index":"index","follow":"follow","max-snippet":"max-snippet:-1","max-image-preview":"max-image-preview:large","max-video-preview":"max-video-preview:-1"},"canonical":"https:\/\/fundacion-biodiversidad.es\/en\/actualidad_home\/cristina-narbona-will-preside-over-the-signing-ceremony-of-the-document-6-key-lines-of-action-to-integrate-sustainability-in-spanish-foundations\/","og_locale":"en_US","og_type":"article","og_title":"Cristina Narbona will preside over the signing ceremony of the document \"6 key lines of action to integrate sustainability in Spanish foundations\" - Fundaci\u00f3n Biodiversidad","og_description":"One of the main objectives of the Sectoral Group of Environmental and Sustainability Foundations of the Spanish Association of Foundations is to promote awareness of [&hellip;]","og_url":"https:\/\/fundacion-biodiversidad.es\/en\/actualidad_home\/cristina-narbona-will-preside-over-the-signing-ceremony-of-the-document-6-key-lines-of-action-to-integrate-sustainability-in-spanish-foundations\/","og_site_name":"Fundaci\u00f3n Biodiversidad","og_image":[{"width":720,"height":405,"url":"https:\/\/fundacion-biodiversidad.es\/wp-content\/uploads\/2023\/01\/2487661294_35330241_720x405.png","type":"image\/png"}],"twitter_card":"summary_large_image","schema":{"@context":"https:\/\/schema.org","@graph":[{"@type":"WebPage","@id":"https:\/\/fundacion-biodiversidad.es\/en\/actualidad_home\/cristina-narbona-will-preside-over-the-signing-ceremony-of-the-document-6-key-lines-of-action-to-integrate-sustainability-in-spanish-foundations\/","url":"https:\/\/fundacion-biodiversidad.es\/en\/actualidad_home\/cristina-narbona-will-preside-over-the-signing-ceremony-of-the-document-6-key-lines-of-action-to-integrate-sustainability-in-spanish-foundations\/","name":"Cristina Narbona will preside over the signing ceremony of the document \"6 key lines of action to integrate sustainability in Spanish foundations\" - Fundaci\u00f3n Biodiversidad","isPartOf":{"@id":"https:\/\/fundacion-biodiversidad.es\/en\/#website"},"datePublished":"2014-03-24T15:22:50+00:00","breadcrumb":{"@id":"https:\/\/fundacion-biodiversidad.es\/en\/actualidad_home\/cristina-narbona-will-preside-over-the-signing-ceremony-of-the-document-6-key-lines-of-action-to-integrate-sustainability-in-spanish-foundations\/#breadcrumb"},"inLanguage":"en-US","potentialAction":[{"@type":"ReadAction","target":["https:\/\/fundacion-biodiversidad.es\/en\/actualidad_home\/cristina-narbona-will-preside-over-the-signing-ceremony-of-the-document-6-key-lines-of-action-to-integrate-sustainability-in-spanish-foundations\/"]}]},{"@type":"BreadcrumbList","@id":"https:\/\/fundacion-biodiversidad.es\/en\/actualidad_home\/cristina-narbona-will-preside-over-the-signing-ceremony-of-the-document-6-key-lines-of-action-to-integrate-sustainability-in-spanish-foundations\/#breadcrumb","itemListElement":[{"@type":"ListItem","position":1,"name":"Portada","item":"https:\/\/fundacion-biodiversidad.es\/en\/inicio\/"},{"@type":"ListItem","position":2,"name":"Noticias de actualidad","item":"https:\/\/fundacion-biodiversidad.es\/en\/actualidad_home\/"},{"@type":"ListItem","position":3,"name":"Cristina Narbona will preside over the signing ceremony of the document &#8220;6 key lines of action to integrate sustainability in Spanish foundations&#8221;"}]},{"@type":"WebSite","@id":"https:\/\/fundacion-biodiversidad.es\/en\/#website","url":"https:\/\/fundacion-biodiversidad.es\/en\/","name":"Fundaci\u00f3n Biodiversidad","description":"Fundaci\u00f3n p\u00fablica adscrita al Ministerio para la Transici\u00f3n Ecol\u00f3gica","potentialAction":[{"@type":"SearchAction","target":{"@type":"EntryPoint","urlTemplate":"https:\/\/fundacion-biodiversidad.es\/en\/?s={search_term_string}"},"query-input":{"@type":"PropertyValueSpecification","valueRequired":true,"valueName":"search_term_string"}}],"inLanguage":"en-US"}]}},"_links":{"self":[{"href":"https:\/\/fundacion-biodiversidad.es\/en\/wp-json\/wp\/v2\/actualidad_home\/97857387","targetHints":{"allow":["GET"]}}],"collection":[{"href":"https:\/\/fundacion-biodiversidad.es\/en\/wp-json\/wp\/v2\/actualidad_home"}],"about":[{"href":"https:\/\/fundacion-biodiversidad.es\/en\/wp-json\/wp\/v2\/types\/actualidad_home"}],"author":[{"embeddable":true,"href":"https:\/\/fundacion-biodiversidad.es\/en\/wp-json\/wp\/v2\/users\/11"}],"wp:attachment":[{"href":"https:\/\/fundacion-biodiversidad.es\/en\/wp-json\/wp\/v2\/media?parent=97857387"}],"wp:term":[{"taxonomy":"palabras_clave","embeddable":true,"href":"https:\/\/fundacion-biodiversidad.es\/en\/wp-json\/wp\/v2\/palabras_clave?post=97857387"}],"curies":[{"name":"wp","href":"https:\/\/api.w.org\/{rel}","templated":true}]}}