{"id":97857388,"date":"2014-03-24T16:22:50","date_gmt":"2014-03-24T15:22:50","guid":{"rendered":"https:\/\/fundacion-biodiversidad.es\/actualidad_home\/the-director-of-the-biodiversity-foundation-inaugurates-the-exhibition-the-writing-of-animals\/"},"modified":"2014-03-24T16:22:50","modified_gmt":"2014-03-24T15:22:50","slug":"the-director-of-the-biodiversity-foundation-inaugurates-the-exhibition-the-writing-of-animals","status":"publish","type":"actualidad_home","link":"https:\/\/fundacion-biodiversidad.es\/en\/actualidad_home\/the-director-of-the-biodiversity-foundation-inaugurates-the-exhibition-the-writing-of-animals\/","title":{"rendered":"The director of the Biodiversity Foundation inaugurates the exhibition &#8220;The writing of animals&#8221;"},"content":{"rendered":"<p>The director of the Biodiversity Foundation of the Ministry of the Environment, Mar\u00eda Artola, accompanied by the mayor of San Sebasti\u00e1n, Od\u00f3n Elorza, inaugurated today in San Sebastian the exhibition &#8220;The writing of animals&#8221;. This event was also attended by the curator of the exhibition, Joaqu\u00edn Ara\u00fajo.   <\/p>\n<p><!--more--><\/p>\n<p>The Cristina Enea Environmental Resource Centre in San Sebastian is hosting this exhibition from today that shows the diversity of the ecosystems of the Iberian Peninsula, as well as the biocenoses of these ecosystems, helping to interpret the footprints and signs that animals leave in their wake.  <\/p>\n<p>  The writing of animals&#8221; is divided into three areas. The first of them &#8220;We are not alone&#8221; explains the work carried out by the Biodiversity Foundation in the field of conservation, study and sustainable use of biodiversity, as well as in international development cooperation. It also introduces the visitor to the world of paleowriting through a stratigraphic chronology, fossils and photographs.    <\/p>\n<p>  The second shows the different types of ecosystems of the Iberian Peninsula by analysing the fauna, flora and protected natural spaces of the same. In addition, a documentary on animal behavior and the customs of the Iberian fauna is exhibited. The third area exposes the current situation of the most endangered species on the peninsula.    <\/p>\n<p>  The Biodiversity Foundation promotes this exhibition whose objective is to show the diversity of ecosystems and species of the Iberian Peninsula, to help interpret the tracks and signs that animals leave in their wake, to arouse the curiosity of the school public towards natural systems and thus help to achieve an adequate valuation of our natural heritage.  and to know those species that are in danger of extinction.  <\/p>\n<p>  After having been at the National Museum of Natural Sciences in Madrid since 14 February, this exhibition can be visited from today at the Cristina Enea Environmental Resource Centre in San Sebasti\u00e1n.  <br \/>\n&nbsp;<\/p>\n","protected":false},"author":11,"featured_media":0,"template":"","meta":{"_acf_changed":false},"palabras_clave":[],"class_list":["post-97857388","actualidad_home","type-actualidad_home","status-publish","hentry"],"acf":[],"yoast_head":"<!-- This site is optimized with the Yoast SEO plugin v26.9 - https:\/\/yoast.com\/product\/yoast-seo-wordpress\/ -->\n<title>The director of the Biodiversity Foundation inaugurates the exhibition &quot;The writing of animals&quot; - Fundaci\u00f3n Biodiversidad<\/title>\n<meta name=\"robots\" content=\"index, follow, max-snippet:-1, max-image-preview:large, max-video-preview:-1\" \/>\n<link rel=\"canonical\" href=\"https:\/\/fundacion-biodiversidad.es\/en\/actualidad_home\/the-director-of-the-biodiversity-foundation-inaugurates-the-exhibition-the-writing-of-animals\/\" \/>\n<meta property=\"og:locale\" content=\"en_US\" \/>\n<meta property=\"og:type\" content=\"article\" \/>\n<meta property=\"og:title\" content=\"The director of the Biodiversity Foundation inaugurates the exhibition &quot;The writing of animals&quot; - Fundaci\u00f3n Biodiversidad\" \/>\n<meta property=\"og:description\" content=\"The director of the Biodiversity Foundation of the Ministry of the Environment, Mar\u00eda Artola, accompanied by the mayor of San Sebasti\u00e1n, Od\u00f3n Elorza, inaugurated today [&hellip;]\" \/>\n<meta property=\"og:url\" content=\"https:\/\/fundacion-biodiversidad.es\/en\/actualidad_home\/the-director-of-the-biodiversity-foundation-inaugurates-the-exhibition-the-writing-of-animals\/\" \/>\n<meta property=\"og:site_name\" content=\"Fundaci\u00f3n Biodiversidad\" \/>\n<meta property=\"og:image\" content=\"https:\/\/fundacion-biodiversidad.es\/wp-content\/uploads\/2023\/01\/2487661294_35330241_720x405.png\" \/>\n\t<meta property=\"og:image:width\" content=\"720\" \/>\n\t<meta property=\"og:image:height\" content=\"405\" \/>\n\t<meta property=\"og:image:type\" content=\"image\/png\" \/>\n<meta name=\"twitter:card\" content=\"summary_large_image\" \/>\n<meta name=\"twitter:label1\" content=\"Est. reading time\" \/>\n\t<meta name=\"twitter:data1\" content=\"2 minutes\" \/>\n<script type=\"application\/ld+json\" class=\"yoast-schema-graph\">{\"@context\":\"https:\/\/schema.org\",\"@graph\":[{\"@type\":\"WebPage\",\"@id\":\"https:\/\/fundacion-biodiversidad.es\/en\/actualidad_home\/the-director-of-the-biodiversity-foundation-inaugurates-the-exhibition-the-writing-of-animals\/\",\"url\":\"https:\/\/fundacion-biodiversidad.es\/en\/actualidad_home\/the-director-of-the-biodiversity-foundation-inaugurates-the-exhibition-the-writing-of-animals\/\",\"name\":\"The director of the Biodiversity Foundation inaugurates the exhibition \\\"The writing of animals\\\" - Fundaci\u00f3n Biodiversidad\",\"isPartOf\":{\"@id\":\"https:\/\/fundacion-biodiversidad.es\/en\/#website\"},\"datePublished\":\"2014-03-24T15:22:50+00:00\",\"breadcrumb\":{\"@id\":\"https:\/\/fundacion-biodiversidad.es\/en\/actualidad_home\/the-director-of-the-biodiversity-foundation-inaugurates-the-exhibition-the-writing-of-animals\/#breadcrumb\"},\"inLanguage\":\"en-US\",\"potentialAction\":[{\"@type\":\"ReadAction\",\"target\":[\"https:\/\/fundacion-biodiversidad.es\/en\/actualidad_home\/the-director-of-the-biodiversity-foundation-inaugurates-the-exhibition-the-writing-of-animals\/\"]}]},{\"@type\":\"BreadcrumbList\",\"@id\":\"https:\/\/fundacion-biodiversidad.es\/en\/actualidad_home\/the-director-of-the-biodiversity-foundation-inaugurates-the-exhibition-the-writing-of-animals\/#breadcrumb\",\"itemListElement\":[{\"@type\":\"ListItem\",\"position\":1,\"name\":\"Portada\",\"item\":\"https:\/\/fundacion-biodiversidad.es\/en\/inicio\/\"},{\"@type\":\"ListItem\",\"position\":2,\"name\":\"Noticias de actualidad\",\"item\":\"https:\/\/fundacion-biodiversidad.es\/en\/actualidad_home\/\"},{\"@type\":\"ListItem\",\"position\":3,\"name\":\"The director of the Biodiversity Foundation inaugurates the exhibition &#8220;The writing of animals&#8221;\"}]},{\"@type\":\"WebSite\",\"@id\":\"https:\/\/fundacion-biodiversidad.es\/en\/#website\",\"url\":\"https:\/\/fundacion-biodiversidad.es\/en\/\",\"name\":\"Fundaci\u00f3n Biodiversidad\",\"description\":\"Fundaci\u00f3n p\u00fablica adscrita al Ministerio para la Transici\u00f3n Ecol\u00f3gica\",\"potentialAction\":[{\"@type\":\"SearchAction\",\"target\":{\"@type\":\"EntryPoint\",\"urlTemplate\":\"https:\/\/fundacion-biodiversidad.es\/en\/?s={search_term_string}\"},\"query-input\":{\"@type\":\"PropertyValueSpecification\",\"valueRequired\":true,\"valueName\":\"search_term_string\"}}],\"inLanguage\":\"en-US\"}]}<\/script>\n<!-- \/ Yoast SEO plugin. -->","yoast_head_json":{"title":"The director of the Biodiversity Foundation inaugurates the exhibition \"The writing of animals\" - Fundaci\u00f3n Biodiversidad","robots":{"index":"index","follow":"follow","max-snippet":"max-snippet:-1","max-image-preview":"max-image-preview:large","max-video-preview":"max-video-preview:-1"},"canonical":"https:\/\/fundacion-biodiversidad.es\/en\/actualidad_home\/the-director-of-the-biodiversity-foundation-inaugurates-the-exhibition-the-writing-of-animals\/","og_locale":"en_US","og_type":"article","og_title":"The director of the Biodiversity Foundation inaugurates the exhibition \"The writing of animals\" - Fundaci\u00f3n Biodiversidad","og_description":"The director of the Biodiversity Foundation of the Ministry of the Environment, Mar\u00eda Artola, accompanied by the mayor of San Sebasti\u00e1n, Od\u00f3n Elorza, inaugurated today [&hellip;]","og_url":"https:\/\/fundacion-biodiversidad.es\/en\/actualidad_home\/the-director-of-the-biodiversity-foundation-inaugurates-the-exhibition-the-writing-of-animals\/","og_site_name":"Fundaci\u00f3n Biodiversidad","og_image":[{"width":720,"height":405,"url":"https:\/\/fundacion-biodiversidad.es\/wp-content\/uploads\/2023\/01\/2487661294_35330241_720x405.png","type":"image\/png"}],"twitter_card":"summary_large_image","twitter_misc":{"Est. reading time":"2 minutes"},"schema":{"@context":"https:\/\/schema.org","@graph":[{"@type":"WebPage","@id":"https:\/\/fundacion-biodiversidad.es\/en\/actualidad_home\/the-director-of-the-biodiversity-foundation-inaugurates-the-exhibition-the-writing-of-animals\/","url":"https:\/\/fundacion-biodiversidad.es\/en\/actualidad_home\/the-director-of-the-biodiversity-foundation-inaugurates-the-exhibition-the-writing-of-animals\/","name":"The director of the Biodiversity Foundation inaugurates the exhibition \"The writing of animals\" - Fundaci\u00f3n Biodiversidad","isPartOf":{"@id":"https:\/\/fundacion-biodiversidad.es\/en\/#website"},"datePublished":"2014-03-24T15:22:50+00:00","breadcrumb":{"@id":"https:\/\/fundacion-biodiversidad.es\/en\/actualidad_home\/the-director-of-the-biodiversity-foundation-inaugurates-the-exhibition-the-writing-of-animals\/#breadcrumb"},"inLanguage":"en-US","potentialAction":[{"@type":"ReadAction","target":["https:\/\/fundacion-biodiversidad.es\/en\/actualidad_home\/the-director-of-the-biodiversity-foundation-inaugurates-the-exhibition-the-writing-of-animals\/"]}]},{"@type":"BreadcrumbList","@id":"https:\/\/fundacion-biodiversidad.es\/en\/actualidad_home\/the-director-of-the-biodiversity-foundation-inaugurates-the-exhibition-the-writing-of-animals\/#breadcrumb","itemListElement":[{"@type":"ListItem","position":1,"name":"Portada","item":"https:\/\/fundacion-biodiversidad.es\/en\/inicio\/"},{"@type":"ListItem","position":2,"name":"Noticias de actualidad","item":"https:\/\/fundacion-biodiversidad.es\/en\/actualidad_home\/"},{"@type":"ListItem","position":3,"name":"The director of the Biodiversity Foundation inaugurates the exhibition &#8220;The writing of animals&#8221;"}]},{"@type":"WebSite","@id":"https:\/\/fundacion-biodiversidad.es\/en\/#website","url":"https:\/\/fundacion-biodiversidad.es\/en\/","name":"Fundaci\u00f3n Biodiversidad","description":"Fundaci\u00f3n p\u00fablica adscrita al Ministerio para la Transici\u00f3n Ecol\u00f3gica","potentialAction":[{"@type":"SearchAction","target":{"@type":"EntryPoint","urlTemplate":"https:\/\/fundacion-biodiversidad.es\/en\/?s={search_term_string}"},"query-input":{"@type":"PropertyValueSpecification","valueRequired":true,"valueName":"search_term_string"}}],"inLanguage":"en-US"}]}},"_links":{"self":[{"href":"https:\/\/fundacion-biodiversidad.es\/en\/wp-json\/wp\/v2\/actualidad_home\/97857388","targetHints":{"allow":["GET"]}}],"collection":[{"href":"https:\/\/fundacion-biodiversidad.es\/en\/wp-json\/wp\/v2\/actualidad_home"}],"about":[{"href":"https:\/\/fundacion-biodiversidad.es\/en\/wp-json\/wp\/v2\/types\/actualidad_home"}],"author":[{"embeddable":true,"href":"https:\/\/fundacion-biodiversidad.es\/en\/wp-json\/wp\/v2\/users\/11"}],"wp:attachment":[{"href":"https:\/\/fundacion-biodiversidad.es\/en\/wp-json\/wp\/v2\/media?parent=97857388"}],"wp:term":[{"taxonomy":"palabras_clave","embeddable":true,"href":"https:\/\/fundacion-biodiversidad.es\/en\/wp-json\/wp\/v2\/palabras_clave?post=97857388"}],"curies":[{"name":"wp","href":"https:\/\/api.w.org\/{rel}","templated":true}]}}