{"id":97857389,"date":"2014-03-24T16:22:50","date_gmt":"2014-03-24T15:22:50","guid":{"rendered":"https:\/\/fundacion-biodiversidad.es\/actualidad_home\/the-director-of-the-biodiversity-foundation-presents-the-ideas-competition-to-restore-the-former-possessions-of-archduke-lluis-salvador\/"},"modified":"2014-03-24T16:22:50","modified_gmt":"2014-03-24T15:22:50","slug":"the-director-of-the-biodiversity-foundation-presents-the-ideas-competition-to-restore-the-former-possessions-of-archduke-lluis-salvador","status":"publish","type":"actualidad_home","link":"https:\/\/fundacion-biodiversidad.es\/en\/actualidad_home\/the-director-of-the-biodiversity-foundation-presents-the-ideas-competition-to-restore-the-former-possessions-of-archduke-lluis-salvador\/","title":{"rendered":"The director of the Biodiversity Foundation presents the ideas competition to restore the former possessions of Archduke Llu\u00eds Salvador"},"content":{"rendered":"<p>The aim of this initiative, which this institution is developing in collaboration with the Island Council of Mallorca, is to define the best way to highlight the environmental, social, cultural and recreational aspects of the former possessions of Archduke Lu\u00eds Salvador.  <\/p>\n<p><!--more--><\/p>\n<p>The director of the Biodiversity Foundation of the Ministry of the Environment, Mar\u00eda Artola, presented today in Palma de Mallorca the ideas competition for the enhancement of the historic site of the possessions of Archduke Llu\u00eds Salvador, which this institution convenes in collaboration with the Island Council of Mallorca. Mar\u00eda Artola was accompanied by the Executive Minister of the Environment and Nature of the Island Council of Mallorca, Miguel \u00c1ngel Borr\u00e1s, and the president of the Associaci\u00f3 Amics de s&#8217;Arxiduc, Catalina Montserrat.   <\/p>\n<p>  The Biodiversity Foundation and the Island Council of Mallorca intend, through this ideas competition, to define the best way to value the environmental, social, cultural and recreational aspects of the former possessions of Archduke Llu\u00eds Salvador, located in the municipalities of Valldemossa and Dei\u00e0, in the north of Mallorca. This area is of great interest from a historical, environmental and cultural point of view.   <\/p>\n<p>  The rules of the competition can be consulted on the websites of the www.fundacion-biodiversidad.es Biodiversity Foundation and the Island Council of Mallorca www.conselldemallorca.net.  <br \/>\n&nbsp;<\/p>\n","protected":false},"author":11,"featured_media":35377,"template":"","meta":{"_acf_changed":false},"palabras_clave":[],"class_list":["post-97857389","actualidad_home","type-actualidad_home","status-publish","has-post-thumbnail","hentry"],"acf":[],"yoast_head":"<!-- This site is optimized with the Yoast SEO plugin v26.9 - https:\/\/yoast.com\/product\/yoast-seo-wordpress\/ -->\n<title>The director of the Biodiversity Foundation presents the ideas competition to restore the former possessions of Archduke Llu\u00eds Salvador - Fundaci\u00f3n Biodiversidad<\/title>\n<meta name=\"robots\" content=\"index, follow, max-snippet:-1, max-image-preview:large, max-video-preview:-1\" \/>\n<link rel=\"canonical\" href=\"https:\/\/fundacion-biodiversidad.es\/en\/actualidad_home\/the-director-of-the-biodiversity-foundation-presents-the-ideas-competition-to-restore-the-former-possessions-of-archduke-lluis-salvador\/\" \/>\n<meta property=\"og:locale\" content=\"en_US\" \/>\n<meta property=\"og:type\" content=\"article\" \/>\n<meta property=\"og:title\" content=\"The director of the Biodiversity Foundation presents the ideas competition to restore the former possessions of Archduke Llu\u00eds Salvador - Fundaci\u00f3n Biodiversidad\" \/>\n<meta property=\"og:description\" content=\"The aim of this initiative, which this institution is developing in collaboration with the Island Council of Mallorca, is to define the best way to [&hellip;]\" \/>\n<meta property=\"og:url\" content=\"https:\/\/fundacion-biodiversidad.es\/en\/actualidad_home\/the-director-of-the-biodiversity-foundation-presents-the-ideas-competition-to-restore-the-former-possessions-of-archduke-lluis-salvador\/\" \/>\n<meta property=\"og:site_name\" content=\"Fundaci\u00f3n Biodiversidad\" \/>\n<meta property=\"og:image\" content=\"https:\/\/fundacion-biodiversidad.es\/wp-content\/uploads\/2023\/01\/2487661294_35330241_720x405.png\" \/>\n\t<meta property=\"og:image:width\" content=\"720\" \/>\n\t<meta property=\"og:image:height\" content=\"405\" \/>\n\t<meta property=\"og:image:type\" content=\"image\/png\" \/>\n<meta name=\"twitter:card\" content=\"summary_large_image\" \/>\n<meta name=\"twitter:label1\" content=\"Est. reading time\" \/>\n\t<meta name=\"twitter:data1\" content=\"1 minute\" \/>\n<script type=\"application\/ld+json\" class=\"yoast-schema-graph\">{\"@context\":\"https:\/\/schema.org\",\"@graph\":[{\"@type\":\"WebPage\",\"@id\":\"https:\/\/fundacion-biodiversidad.es\/en\/actualidad_home\/the-director-of-the-biodiversity-foundation-presents-the-ideas-competition-to-restore-the-former-possessions-of-archduke-lluis-salvador\/\",\"url\":\"https:\/\/fundacion-biodiversidad.es\/en\/actualidad_home\/the-director-of-the-biodiversity-foundation-presents-the-ideas-competition-to-restore-the-former-possessions-of-archduke-lluis-salvador\/\",\"name\":\"The director of the Biodiversity Foundation presents the ideas competition to restore the former possessions of Archduke Llu\u00eds Salvador - Fundaci\u00f3n Biodiversidad\",\"isPartOf\":{\"@id\":\"https:\/\/fundacion-biodiversidad.es\/en\/#website\"},\"primaryImageOfPage\":{\"@id\":\"https:\/\/fundacion-biodiversidad.es\/en\/actualidad_home\/the-director-of-the-biodiversity-foundation-presents-the-ideas-competition-to-restore-the-former-possessions-of-archduke-lluis-salvador\/#primaryimage\"},\"image\":{\"@id\":\"https:\/\/fundacion-biodiversidad.es\/en\/actualidad_home\/the-director-of-the-biodiversity-foundation-presents-the-ideas-competition-to-restore-the-former-possessions-of-archduke-lluis-salvador\/#primaryimage\"},\"thumbnailUrl\":\"https:\/\/fundacion-biodiversidad.es\/wp-content\/uploads\/2014\/05\/act_20070410_01_0.jpg\",\"datePublished\":\"2014-03-24T15:22:50+00:00\",\"breadcrumb\":{\"@id\":\"https:\/\/fundacion-biodiversidad.es\/en\/actualidad_home\/the-director-of-the-biodiversity-foundation-presents-the-ideas-competition-to-restore-the-former-possessions-of-archduke-lluis-salvador\/#breadcrumb\"},\"inLanguage\":\"en-US\",\"potentialAction\":[{\"@type\":\"ReadAction\",\"target\":[\"https:\/\/fundacion-biodiversidad.es\/en\/actualidad_home\/the-director-of-the-biodiversity-foundation-presents-the-ideas-competition-to-restore-the-former-possessions-of-archduke-lluis-salvador\/\"]}]},{\"@type\":\"ImageObject\",\"inLanguage\":\"en-US\",\"@id\":\"https:\/\/fundacion-biodiversidad.es\/en\/actualidad_home\/the-director-of-the-biodiversity-foundation-presents-the-ideas-competition-to-restore-the-former-possessions-of-archduke-lluis-salvador\/#primaryimage\",\"url\":\"https:\/\/fundacion-biodiversidad.es\/wp-content\/uploads\/2014\/05\/act_20070410_01_0.jpg\",\"contentUrl\":\"https:\/\/fundacion-biodiversidad.es\/wp-content\/uploads\/2014\/05\/act_20070410_01_0.jpg\",\"width\":220,\"height\":238},{\"@type\":\"BreadcrumbList\",\"@id\":\"https:\/\/fundacion-biodiversidad.es\/en\/actualidad_home\/the-director-of-the-biodiversity-foundation-presents-the-ideas-competition-to-restore-the-former-possessions-of-archduke-lluis-salvador\/#breadcrumb\",\"itemListElement\":[{\"@type\":\"ListItem\",\"position\":1,\"name\":\"Portada\",\"item\":\"https:\/\/fundacion-biodiversidad.es\/en\/inicio\/\"},{\"@type\":\"ListItem\",\"position\":2,\"name\":\"Noticias de actualidad\",\"item\":\"https:\/\/fundacion-biodiversidad.es\/en\/actualidad_home\/\"},{\"@type\":\"ListItem\",\"position\":3,\"name\":\"The director of the Biodiversity Foundation presents the ideas competition to restore the former possessions of Archduke Llu\u00eds Salvador\"}]},{\"@type\":\"WebSite\",\"@id\":\"https:\/\/fundacion-biodiversidad.es\/en\/#website\",\"url\":\"https:\/\/fundacion-biodiversidad.es\/en\/\",\"name\":\"Fundaci\u00f3n Biodiversidad\",\"description\":\"Fundaci\u00f3n p\u00fablica adscrita al Ministerio para la Transici\u00f3n Ecol\u00f3gica\",\"potentialAction\":[{\"@type\":\"SearchAction\",\"target\":{\"@type\":\"EntryPoint\",\"urlTemplate\":\"https:\/\/fundacion-biodiversidad.es\/en\/?s={search_term_string}\"},\"query-input\":{\"@type\":\"PropertyValueSpecification\",\"valueRequired\":true,\"valueName\":\"search_term_string\"}}],\"inLanguage\":\"en-US\"}]}<\/script>\n<!-- \/ Yoast SEO plugin. -->","yoast_head_json":{"title":"The director of the Biodiversity Foundation presents the ideas competition to restore the former possessions of Archduke Llu\u00eds Salvador - Fundaci\u00f3n Biodiversidad","robots":{"index":"index","follow":"follow","max-snippet":"max-snippet:-1","max-image-preview":"max-image-preview:large","max-video-preview":"max-video-preview:-1"},"canonical":"https:\/\/fundacion-biodiversidad.es\/en\/actualidad_home\/the-director-of-the-biodiversity-foundation-presents-the-ideas-competition-to-restore-the-former-possessions-of-archduke-lluis-salvador\/","og_locale":"en_US","og_type":"article","og_title":"The director of the Biodiversity Foundation presents the ideas competition to restore the former possessions of Archduke Llu\u00eds Salvador - Fundaci\u00f3n Biodiversidad","og_description":"The aim of this initiative, which this institution is developing in collaboration with the Island Council of Mallorca, is to define the best way to [&hellip;]","og_url":"https:\/\/fundacion-biodiversidad.es\/en\/actualidad_home\/the-director-of-the-biodiversity-foundation-presents-the-ideas-competition-to-restore-the-former-possessions-of-archduke-lluis-salvador\/","og_site_name":"Fundaci\u00f3n Biodiversidad","og_image":[{"width":720,"height":405,"url":"https:\/\/fundacion-biodiversidad.es\/wp-content\/uploads\/2023\/01\/2487661294_35330241_720x405.png","type":"image\/png"}],"twitter_card":"summary_large_image","twitter_misc":{"Est. reading time":"1 minute"},"schema":{"@context":"https:\/\/schema.org","@graph":[{"@type":"WebPage","@id":"https:\/\/fundacion-biodiversidad.es\/en\/actualidad_home\/the-director-of-the-biodiversity-foundation-presents-the-ideas-competition-to-restore-the-former-possessions-of-archduke-lluis-salvador\/","url":"https:\/\/fundacion-biodiversidad.es\/en\/actualidad_home\/the-director-of-the-biodiversity-foundation-presents-the-ideas-competition-to-restore-the-former-possessions-of-archduke-lluis-salvador\/","name":"The director of the Biodiversity Foundation presents the ideas competition to restore the former possessions of Archduke Llu\u00eds Salvador - Fundaci\u00f3n Biodiversidad","isPartOf":{"@id":"https:\/\/fundacion-biodiversidad.es\/en\/#website"},"primaryImageOfPage":{"@id":"https:\/\/fundacion-biodiversidad.es\/en\/actualidad_home\/the-director-of-the-biodiversity-foundation-presents-the-ideas-competition-to-restore-the-former-possessions-of-archduke-lluis-salvador\/#primaryimage"},"image":{"@id":"https:\/\/fundacion-biodiversidad.es\/en\/actualidad_home\/the-director-of-the-biodiversity-foundation-presents-the-ideas-competition-to-restore-the-former-possessions-of-archduke-lluis-salvador\/#primaryimage"},"thumbnailUrl":"https:\/\/fundacion-biodiversidad.es\/wp-content\/uploads\/2014\/05\/act_20070410_01_0.jpg","datePublished":"2014-03-24T15:22:50+00:00","breadcrumb":{"@id":"https:\/\/fundacion-biodiversidad.es\/en\/actualidad_home\/the-director-of-the-biodiversity-foundation-presents-the-ideas-competition-to-restore-the-former-possessions-of-archduke-lluis-salvador\/#breadcrumb"},"inLanguage":"en-US","potentialAction":[{"@type":"ReadAction","target":["https:\/\/fundacion-biodiversidad.es\/en\/actualidad_home\/the-director-of-the-biodiversity-foundation-presents-the-ideas-competition-to-restore-the-former-possessions-of-archduke-lluis-salvador\/"]}]},{"@type":"ImageObject","inLanguage":"en-US","@id":"https:\/\/fundacion-biodiversidad.es\/en\/actualidad_home\/the-director-of-the-biodiversity-foundation-presents-the-ideas-competition-to-restore-the-former-possessions-of-archduke-lluis-salvador\/#primaryimage","url":"https:\/\/fundacion-biodiversidad.es\/wp-content\/uploads\/2014\/05\/act_20070410_01_0.jpg","contentUrl":"https:\/\/fundacion-biodiversidad.es\/wp-content\/uploads\/2014\/05\/act_20070410_01_0.jpg","width":220,"height":238},{"@type":"BreadcrumbList","@id":"https:\/\/fundacion-biodiversidad.es\/en\/actualidad_home\/the-director-of-the-biodiversity-foundation-presents-the-ideas-competition-to-restore-the-former-possessions-of-archduke-lluis-salvador\/#breadcrumb","itemListElement":[{"@type":"ListItem","position":1,"name":"Portada","item":"https:\/\/fundacion-biodiversidad.es\/en\/inicio\/"},{"@type":"ListItem","position":2,"name":"Noticias de actualidad","item":"https:\/\/fundacion-biodiversidad.es\/en\/actualidad_home\/"},{"@type":"ListItem","position":3,"name":"The director of the Biodiversity Foundation presents the ideas competition to restore the former possessions of Archduke Llu\u00eds Salvador"}]},{"@type":"WebSite","@id":"https:\/\/fundacion-biodiversidad.es\/en\/#website","url":"https:\/\/fundacion-biodiversidad.es\/en\/","name":"Fundaci\u00f3n Biodiversidad","description":"Fundaci\u00f3n p\u00fablica adscrita al Ministerio para la Transici\u00f3n Ecol\u00f3gica","potentialAction":[{"@type":"SearchAction","target":{"@type":"EntryPoint","urlTemplate":"https:\/\/fundacion-biodiversidad.es\/en\/?s={search_term_string}"},"query-input":{"@type":"PropertyValueSpecification","valueRequired":true,"valueName":"search_term_string"}}],"inLanguage":"en-US"}]}},"_links":{"self":[{"href":"https:\/\/fundacion-biodiversidad.es\/en\/wp-json\/wp\/v2\/actualidad_home\/97857389","targetHints":{"allow":["GET"]}}],"collection":[{"href":"https:\/\/fundacion-biodiversidad.es\/en\/wp-json\/wp\/v2\/actualidad_home"}],"about":[{"href":"https:\/\/fundacion-biodiversidad.es\/en\/wp-json\/wp\/v2\/types\/actualidad_home"}],"author":[{"embeddable":true,"href":"https:\/\/fundacion-biodiversidad.es\/en\/wp-json\/wp\/v2\/users\/11"}],"wp:featuredmedia":[{"embeddable":true,"href":"https:\/\/fundacion-biodiversidad.es\/en\/wp-json\/wp\/v2\/media\/35377"}],"wp:attachment":[{"href":"https:\/\/fundacion-biodiversidad.es\/en\/wp-json\/wp\/v2\/media?parent=97857389"}],"wp:term":[{"taxonomy":"palabras_clave","embeddable":true,"href":"https:\/\/fundacion-biodiversidad.es\/en\/wp-json\/wp\/v2\/palabras_clave?post=97857389"}],"curies":[{"name":"wp","href":"https:\/\/api.w.org\/{rel}","templated":true}]}}