{"id":97857390,"date":"2014-03-24T16:22:50","date_gmt":"2014-03-24T15:22:50","guid":{"rendered":"https:\/\/fundacion-biodiversidad.es\/actualidad_home\/antonio-serrano-presents-the-project-for-the-creation-of-the-information-and-documentation-centre-for-livestock-trails-in-caceres\/"},"modified":"2014-03-24T16:22:50","modified_gmt":"2014-03-24T15:22:50","slug":"antonio-serrano-presents-the-project-for-the-creation-of-the-information-and-documentation-centre-for-livestock-trails-in-caceres","status":"publish","type":"actualidad_home","link":"https:\/\/fundacion-biodiversidad.es\/en\/actualidad_home\/antonio-serrano-presents-the-project-for-the-creation-of-the-information-and-documentation-centre-for-livestock-trails-in-caceres\/","title":{"rendered":"Antonio Serrano presents the project for the creation of the Information and Documentation Centre for Livestock Trails in C\u00e1ceres"},"content":{"rendered":"<p>The Secretary General for Territory and Biodiversity and President of the Board of Trustees of the Biodiversity Foundation, Antonio Serrano, presented yesterday in C\u00e1ceres the project to create the Information and Documentation Center for Livestock Trails that will be located in Malpartida de C\u00e1ceres.  <\/p>\n<p><!--more--><\/p>\n<p>During the presentation ceremony, Antonio Serrano was accompanied by the director of the Biodiversity Foundation, Mar\u00eda Artola, the Minister of Rural Development of the Junta de Extremadura, Francisco Javier L\u00f3pez, and the mayor of Malpartida de C\u00e1ceres, Antonio Jim\u00e9nez.  <\/p>\n<p>  The Livestock Trails Information and Documentation Centre is the first to be created in our country and aims to become a national scientific and informative benchmark. The headquarters will be located in the Casa-Palacio de los Mayorazgo in Malpartida de C\u00e1ceres, Extremadura, where the rehabilitation works will begin shortly.   <\/p>\n<p>  Through this initiative, the Biodiversity Foundation of the Ministry of the Environment, the Ministry of Rural Development of the Junta de Extremadura and the city council of Malpartida de C\u00e1ceres, promoters of this center, intend to disseminate the heritage, natural and development values of the National Network of Livestock Trails, thus allowing the extension of its uses,  so beneficial to the environment.  <\/p>\n<p>  The centre will house a documentary collection that will bring together all the historical, cartographic and bibliographic information of interest on the cattle trails, in order to facilitate their study and research. In addition, it will host educational activities, through the assembly of an interactive exhibition on cattle trails, which will have touch computer screens, maps of real ravines with associated photographs, simulations of transhumant routes, or resting places with different settings.   <\/p>\n<p>  Likewise, the values of the cattle trails in general and especially those of the Extremadura network will be disseminated, through educational and awareness-raising activities, scientific meetings, conferences and work days. A website of the centre will also be created, in order to make available to all those interested the information contained in the documentary and bibliographic collection, as well as the reviews generated by the centre. Likewise, the page will have basic information of interest about livestock routes such as their origin, importance, routes, uses, or their potentialities.  <\/p>\n<p>&nbsp;<\/p>\n","protected":false},"author":11,"featured_media":0,"template":"","meta":{"_acf_changed":false},"palabras_clave":[],"class_list":["post-97857390","actualidad_home","type-actualidad_home","status-publish","hentry"],"acf":[],"yoast_head":"<!-- This site is optimized with the Yoast SEO plugin v26.9 - https:\/\/yoast.com\/product\/yoast-seo-wordpress\/ -->\n<title>Antonio Serrano presents the project for the creation of the Information and Documentation Centre for Livestock Trails in C\u00e1ceres - Fundaci\u00f3n Biodiversidad<\/title>\n<meta name=\"robots\" content=\"index, follow, max-snippet:-1, max-image-preview:large, max-video-preview:-1\" \/>\n<link rel=\"canonical\" href=\"https:\/\/fundacion-biodiversidad.es\/en\/actualidad_home\/antonio-serrano-presents-the-project-for-the-creation-of-the-information-and-documentation-centre-for-livestock-trails-in-caceres\/\" \/>\n<meta property=\"og:locale\" content=\"en_US\" \/>\n<meta property=\"og:type\" content=\"article\" \/>\n<meta property=\"og:title\" content=\"Antonio Serrano presents the project for the creation of the Information and Documentation Centre for Livestock Trails in C\u00e1ceres - Fundaci\u00f3n Biodiversidad\" \/>\n<meta property=\"og:description\" content=\"The Secretary General for Territory and Biodiversity and President of the Board of Trustees of the Biodiversity Foundation, Antonio Serrano, presented yesterday in C\u00e1ceres the [&hellip;]\" \/>\n<meta property=\"og:url\" content=\"https:\/\/fundacion-biodiversidad.es\/en\/actualidad_home\/antonio-serrano-presents-the-project-for-the-creation-of-the-information-and-documentation-centre-for-livestock-trails-in-caceres\/\" \/>\n<meta property=\"og:site_name\" content=\"Fundaci\u00f3n Biodiversidad\" \/>\n<meta property=\"og:image\" content=\"https:\/\/fundacion-biodiversidad.es\/wp-content\/uploads\/2023\/01\/2487661294_35330241_720x405.png\" \/>\n\t<meta property=\"og:image:width\" content=\"720\" \/>\n\t<meta property=\"og:image:height\" content=\"405\" \/>\n\t<meta property=\"og:image:type\" content=\"image\/png\" \/>\n<meta name=\"twitter:card\" content=\"summary_large_image\" \/>\n<meta name=\"twitter:label1\" content=\"Est. reading time\" \/>\n\t<meta name=\"twitter:data1\" content=\"2 minutes\" \/>\n<script type=\"application\/ld+json\" class=\"yoast-schema-graph\">{\"@context\":\"https:\/\/schema.org\",\"@graph\":[{\"@type\":\"WebPage\",\"@id\":\"https:\/\/fundacion-biodiversidad.es\/en\/actualidad_home\/antonio-serrano-presents-the-project-for-the-creation-of-the-information-and-documentation-centre-for-livestock-trails-in-caceres\/\",\"url\":\"https:\/\/fundacion-biodiversidad.es\/en\/actualidad_home\/antonio-serrano-presents-the-project-for-the-creation-of-the-information-and-documentation-centre-for-livestock-trails-in-caceres\/\",\"name\":\"Antonio Serrano presents the project for the creation of the Information and Documentation Centre for Livestock Trails in C\u00e1ceres - Fundaci\u00f3n Biodiversidad\",\"isPartOf\":{\"@id\":\"https:\/\/fundacion-biodiversidad.es\/en\/#website\"},\"datePublished\":\"2014-03-24T15:22:50+00:00\",\"breadcrumb\":{\"@id\":\"https:\/\/fundacion-biodiversidad.es\/en\/actualidad_home\/antonio-serrano-presents-the-project-for-the-creation-of-the-information-and-documentation-centre-for-livestock-trails-in-caceres\/#breadcrumb\"},\"inLanguage\":\"en-US\",\"potentialAction\":[{\"@type\":\"ReadAction\",\"target\":[\"https:\/\/fundacion-biodiversidad.es\/en\/actualidad_home\/antonio-serrano-presents-the-project-for-the-creation-of-the-information-and-documentation-centre-for-livestock-trails-in-caceres\/\"]}]},{\"@type\":\"BreadcrumbList\",\"@id\":\"https:\/\/fundacion-biodiversidad.es\/en\/actualidad_home\/antonio-serrano-presents-the-project-for-the-creation-of-the-information-and-documentation-centre-for-livestock-trails-in-caceres\/#breadcrumb\",\"itemListElement\":[{\"@type\":\"ListItem\",\"position\":1,\"name\":\"Portada\",\"item\":\"https:\/\/fundacion-biodiversidad.es\/en\/inicio\/\"},{\"@type\":\"ListItem\",\"position\":2,\"name\":\"Noticias de actualidad\",\"item\":\"https:\/\/fundacion-biodiversidad.es\/en\/actualidad_home\/\"},{\"@type\":\"ListItem\",\"position\":3,\"name\":\"Antonio Serrano presents the project for the creation of the Information and Documentation Centre for Livestock Trails in C\u00e1ceres\"}]},{\"@type\":\"WebSite\",\"@id\":\"https:\/\/fundacion-biodiversidad.es\/en\/#website\",\"url\":\"https:\/\/fundacion-biodiversidad.es\/en\/\",\"name\":\"Fundaci\u00f3n Biodiversidad\",\"description\":\"Fundaci\u00f3n p\u00fablica adscrita al Ministerio para la Transici\u00f3n Ecol\u00f3gica\",\"potentialAction\":[{\"@type\":\"SearchAction\",\"target\":{\"@type\":\"EntryPoint\",\"urlTemplate\":\"https:\/\/fundacion-biodiversidad.es\/en\/?s={search_term_string}\"},\"query-input\":{\"@type\":\"PropertyValueSpecification\",\"valueRequired\":true,\"valueName\":\"search_term_string\"}}],\"inLanguage\":\"en-US\"}]}<\/script>\n<!-- \/ Yoast SEO plugin. -->","yoast_head_json":{"title":"Antonio Serrano presents the project for the creation of the Information and Documentation Centre for Livestock Trails in C\u00e1ceres - Fundaci\u00f3n Biodiversidad","robots":{"index":"index","follow":"follow","max-snippet":"max-snippet:-1","max-image-preview":"max-image-preview:large","max-video-preview":"max-video-preview:-1"},"canonical":"https:\/\/fundacion-biodiversidad.es\/en\/actualidad_home\/antonio-serrano-presents-the-project-for-the-creation-of-the-information-and-documentation-centre-for-livestock-trails-in-caceres\/","og_locale":"en_US","og_type":"article","og_title":"Antonio Serrano presents the project for the creation of the Information and Documentation Centre for Livestock Trails in C\u00e1ceres - Fundaci\u00f3n Biodiversidad","og_description":"The Secretary General for Territory and Biodiversity and President of the Board of Trustees of the Biodiversity Foundation, Antonio Serrano, presented yesterday in C\u00e1ceres the [&hellip;]","og_url":"https:\/\/fundacion-biodiversidad.es\/en\/actualidad_home\/antonio-serrano-presents-the-project-for-the-creation-of-the-information-and-documentation-centre-for-livestock-trails-in-caceres\/","og_site_name":"Fundaci\u00f3n Biodiversidad","og_image":[{"width":720,"height":405,"url":"https:\/\/fundacion-biodiversidad.es\/wp-content\/uploads\/2023\/01\/2487661294_35330241_720x405.png","type":"image\/png"}],"twitter_card":"summary_large_image","twitter_misc":{"Est. reading time":"2 minutes"},"schema":{"@context":"https:\/\/schema.org","@graph":[{"@type":"WebPage","@id":"https:\/\/fundacion-biodiversidad.es\/en\/actualidad_home\/antonio-serrano-presents-the-project-for-the-creation-of-the-information-and-documentation-centre-for-livestock-trails-in-caceres\/","url":"https:\/\/fundacion-biodiversidad.es\/en\/actualidad_home\/antonio-serrano-presents-the-project-for-the-creation-of-the-information-and-documentation-centre-for-livestock-trails-in-caceres\/","name":"Antonio Serrano presents the project for the creation of the Information and Documentation Centre for Livestock Trails in C\u00e1ceres - Fundaci\u00f3n Biodiversidad","isPartOf":{"@id":"https:\/\/fundacion-biodiversidad.es\/en\/#website"},"datePublished":"2014-03-24T15:22:50+00:00","breadcrumb":{"@id":"https:\/\/fundacion-biodiversidad.es\/en\/actualidad_home\/antonio-serrano-presents-the-project-for-the-creation-of-the-information-and-documentation-centre-for-livestock-trails-in-caceres\/#breadcrumb"},"inLanguage":"en-US","potentialAction":[{"@type":"ReadAction","target":["https:\/\/fundacion-biodiversidad.es\/en\/actualidad_home\/antonio-serrano-presents-the-project-for-the-creation-of-the-information-and-documentation-centre-for-livestock-trails-in-caceres\/"]}]},{"@type":"BreadcrumbList","@id":"https:\/\/fundacion-biodiversidad.es\/en\/actualidad_home\/antonio-serrano-presents-the-project-for-the-creation-of-the-information-and-documentation-centre-for-livestock-trails-in-caceres\/#breadcrumb","itemListElement":[{"@type":"ListItem","position":1,"name":"Portada","item":"https:\/\/fundacion-biodiversidad.es\/en\/inicio\/"},{"@type":"ListItem","position":2,"name":"Noticias de actualidad","item":"https:\/\/fundacion-biodiversidad.es\/en\/actualidad_home\/"},{"@type":"ListItem","position":3,"name":"Antonio Serrano presents the project for the creation of the Information and Documentation Centre for Livestock Trails in C\u00e1ceres"}]},{"@type":"WebSite","@id":"https:\/\/fundacion-biodiversidad.es\/en\/#website","url":"https:\/\/fundacion-biodiversidad.es\/en\/","name":"Fundaci\u00f3n Biodiversidad","description":"Fundaci\u00f3n p\u00fablica adscrita al Ministerio para la Transici\u00f3n Ecol\u00f3gica","potentialAction":[{"@type":"SearchAction","target":{"@type":"EntryPoint","urlTemplate":"https:\/\/fundacion-biodiversidad.es\/en\/?s={search_term_string}"},"query-input":{"@type":"PropertyValueSpecification","valueRequired":true,"valueName":"search_term_string"}}],"inLanguage":"en-US"}]}},"_links":{"self":[{"href":"https:\/\/fundacion-biodiversidad.es\/en\/wp-json\/wp\/v2\/actualidad_home\/97857390","targetHints":{"allow":["GET"]}}],"collection":[{"href":"https:\/\/fundacion-biodiversidad.es\/en\/wp-json\/wp\/v2\/actualidad_home"}],"about":[{"href":"https:\/\/fundacion-biodiversidad.es\/en\/wp-json\/wp\/v2\/types\/actualidad_home"}],"author":[{"embeddable":true,"href":"https:\/\/fundacion-biodiversidad.es\/en\/wp-json\/wp\/v2\/users\/11"}],"wp:attachment":[{"href":"https:\/\/fundacion-biodiversidad.es\/en\/wp-json\/wp\/v2\/media?parent=97857390"}],"wp:term":[{"taxonomy":"palabras_clave","embeddable":true,"href":"https:\/\/fundacion-biodiversidad.es\/en\/wp-json\/wp\/v2\/palabras_clave?post=97857390"}],"curies":[{"name":"wp","href":"https:\/\/api.w.org\/{rel}","templated":true}]}}