{"id":97857401,"date":"2014-03-24T16:22:50","date_gmt":"2014-03-24T15:22:50","guid":{"rendered":"https:\/\/fundacion-biodiversidad.es\/actualidad_home\/the-biodiversity-foundation-and-the-aeci-will-carry-out-nature-conservation-and-sustainable-development-activities-in-mauritania\/"},"modified":"2014-03-24T16:22:50","modified_gmt":"2014-03-24T15:22:50","slug":"the-biodiversity-foundation-and-the-aeci-will-carry-out-nature-conservation-and-sustainable-development-activities-in-mauritania","status":"publish","type":"actualidad_home","link":"https:\/\/fundacion-biodiversidad.es\/en\/actualidad_home\/the-biodiversity-foundation-and-the-aeci-will-carry-out-nature-conservation-and-sustainable-development-activities-in-mauritania\/","title":{"rendered":"The Biodiversity Foundation and the AECI will carry out nature conservation and sustainable development activities in Mauritania"},"content":{"rendered":"<p>The Biodiversity Foundation of the Ministry of the Environment and the Spanish Agency for International Cooperation, AECI, have signed a collaboration agreement today in Madrid to support the implementation of nature conservation and sustainable development activities in Mauritania.  <\/p>\n<p><!--more--><\/p>\n<p>The purpose of this agreement is to carry out, within the framework of the Azahar programme, activities aimed at improving the living conditions of the population, through the restoration and conservation of the functioning of the ecosystems of the Djawling National Park, the central nucleus of the Transboundary Biosphere Reserve of the Senegal Delta.  to provide resources for the benefit of the population and biodiversity.  <\/p>\n<p>  Thus, this project will contribute to the restoration of ecosystems and all the biodiversity associated with them, given the increase in pressure on ecosystems and deficiencies in hydraulic management. In addition, this initiative will make it possible to solve the difficulties in the supply of drinking water, diseases linked to water stagnation, low schooling, lack of medical assistance or the absence of electricity. It will also improve the standard of living of the populations and reduce the poverty rate, since there are no financial mechanisms to support income-generating activities.    <\/p>\n<p>  The agreement signed today between the Biodiversity Foundation and the AECI is part of the Azahar Programme, an initiative of the Spanish Agency for International Cooperation that consists of a coordination effort between all public and private actors in Spanish development cooperation, in the Mediterranean area, in the field of sustainable development,  protection of the environment and conservation of natural resources.  <\/p>\n<p>  The Biodiversity Foundation joined the Orange Blossom Programme in 2006 and a first collaboration agreement was signed. The actions contemplated at that time, which are still being carried out today, included the supply of drinking water through photovoltaic solar energy to the population living around the Senegal Delta Transboundary Biosphere Reserve, which are about 15,000 people, as well as the preparation of a naturalist guide on this protected area.   <br \/>\n&nbsp;<\/p>\n","protected":false},"author":11,"featured_media":35376,"template":"","meta":{"_acf_changed":false},"palabras_clave":[],"class_list":["post-97857401","actualidad_home","type-actualidad_home","status-publish","has-post-thumbnail","hentry"],"acf":[],"yoast_head":"<!-- This site is optimized with the Yoast SEO plugin v26.9 - https:\/\/yoast.com\/product\/yoast-seo-wordpress\/ -->\n<title>The Biodiversity Foundation and the AECI will carry out nature conservation and sustainable development activities in Mauritania - Fundaci\u00f3n Biodiversidad<\/title>\n<meta name=\"robots\" content=\"index, follow, max-snippet:-1, max-image-preview:large, max-video-preview:-1\" \/>\n<link rel=\"canonical\" href=\"https:\/\/fundacion-biodiversidad.es\/en\/actualidad_home\/the-biodiversity-foundation-and-the-aeci-will-carry-out-nature-conservation-and-sustainable-development-activities-in-mauritania\/\" \/>\n<meta property=\"og:locale\" content=\"en_US\" \/>\n<meta property=\"og:type\" content=\"article\" \/>\n<meta property=\"og:title\" content=\"The Biodiversity Foundation and the AECI will carry out nature conservation and sustainable development activities in Mauritania - Fundaci\u00f3n Biodiversidad\" \/>\n<meta property=\"og:description\" content=\"The Biodiversity Foundation of the Ministry of the Environment and the Spanish Agency for International Cooperation, AECI, have signed a collaboration agreement today in Madrid [&hellip;]\" \/>\n<meta property=\"og:url\" content=\"https:\/\/fundacion-biodiversidad.es\/en\/actualidad_home\/the-biodiversity-foundation-and-the-aeci-will-carry-out-nature-conservation-and-sustainable-development-activities-in-mauritania\/\" \/>\n<meta property=\"og:site_name\" content=\"Fundaci\u00f3n Biodiversidad\" \/>\n<meta property=\"og:image\" content=\"https:\/\/fundacion-biodiversidad.es\/wp-content\/uploads\/2023\/01\/2487661294_35330241_720x405.png\" \/>\n\t<meta property=\"og:image:width\" content=\"720\" \/>\n\t<meta property=\"og:image:height\" content=\"405\" \/>\n\t<meta property=\"og:image:type\" content=\"image\/png\" \/>\n<meta name=\"twitter:card\" content=\"summary_large_image\" \/>\n<meta name=\"twitter:label1\" content=\"Est. reading time\" \/>\n\t<meta name=\"twitter:data1\" content=\"2 minutes\" \/>\n<script type=\"application\/ld+json\" class=\"yoast-schema-graph\">{\"@context\":\"https:\/\/schema.org\",\"@graph\":[{\"@type\":\"WebPage\",\"@id\":\"https:\/\/fundacion-biodiversidad.es\/en\/actualidad_home\/the-biodiversity-foundation-and-the-aeci-will-carry-out-nature-conservation-and-sustainable-development-activities-in-mauritania\/\",\"url\":\"https:\/\/fundacion-biodiversidad.es\/en\/actualidad_home\/the-biodiversity-foundation-and-the-aeci-will-carry-out-nature-conservation-and-sustainable-development-activities-in-mauritania\/\",\"name\":\"The Biodiversity Foundation and the AECI will carry out nature conservation and sustainable development activities in Mauritania - Fundaci\u00f3n Biodiversidad\",\"isPartOf\":{\"@id\":\"https:\/\/fundacion-biodiversidad.es\/en\/#website\"},\"primaryImageOfPage\":{\"@id\":\"https:\/\/fundacion-biodiversidad.es\/en\/actualidad_home\/the-biodiversity-foundation-and-the-aeci-will-carry-out-nature-conservation-and-sustainable-development-activities-in-mauritania\/#primaryimage\"},\"image\":{\"@id\":\"https:\/\/fundacion-biodiversidad.es\/en\/actualidad_home\/the-biodiversity-foundation-and-the-aeci-will-carry-out-nature-conservation-and-sustainable-development-activities-in-mauritania\/#primaryimage\"},\"thumbnailUrl\":\"https:\/\/fundacion-biodiversidad.es\/wp-content\/uploads\/2014\/05\/act_20070613_01_0.jpg\",\"datePublished\":\"2014-03-24T15:22:50+00:00\",\"breadcrumb\":{\"@id\":\"https:\/\/fundacion-biodiversidad.es\/en\/actualidad_home\/the-biodiversity-foundation-and-the-aeci-will-carry-out-nature-conservation-and-sustainable-development-activities-in-mauritania\/#breadcrumb\"},\"inLanguage\":\"en-US\",\"potentialAction\":[{\"@type\":\"ReadAction\",\"target\":[\"https:\/\/fundacion-biodiversidad.es\/en\/actualidad_home\/the-biodiversity-foundation-and-the-aeci-will-carry-out-nature-conservation-and-sustainable-development-activities-in-mauritania\/\"]}]},{\"@type\":\"ImageObject\",\"inLanguage\":\"en-US\",\"@id\":\"https:\/\/fundacion-biodiversidad.es\/en\/actualidad_home\/the-biodiversity-foundation-and-the-aeci-will-carry-out-nature-conservation-and-sustainable-development-activities-in-mauritania\/#primaryimage\",\"url\":\"https:\/\/fundacion-biodiversidad.es\/wp-content\/uploads\/2014\/05\/act_20070613_01_0.jpg\",\"contentUrl\":\"https:\/\/fundacion-biodiversidad.es\/wp-content\/uploads\/2014\/05\/act_20070613_01_0.jpg\",\"width\":220,\"height\":179},{\"@type\":\"BreadcrumbList\",\"@id\":\"https:\/\/fundacion-biodiversidad.es\/en\/actualidad_home\/the-biodiversity-foundation-and-the-aeci-will-carry-out-nature-conservation-and-sustainable-development-activities-in-mauritania\/#breadcrumb\",\"itemListElement\":[{\"@type\":\"ListItem\",\"position\":1,\"name\":\"Portada\",\"item\":\"https:\/\/fundacion-biodiversidad.es\/en\/inicio\/\"},{\"@type\":\"ListItem\",\"position\":2,\"name\":\"Noticias de actualidad\",\"item\":\"https:\/\/fundacion-biodiversidad.es\/en\/actualidad_home\/\"},{\"@type\":\"ListItem\",\"position\":3,\"name\":\"The Biodiversity Foundation and the AECI will carry out nature conservation and sustainable development activities in Mauritania\"}]},{\"@type\":\"WebSite\",\"@id\":\"https:\/\/fundacion-biodiversidad.es\/en\/#website\",\"url\":\"https:\/\/fundacion-biodiversidad.es\/en\/\",\"name\":\"Fundaci\u00f3n Biodiversidad\",\"description\":\"Fundaci\u00f3n p\u00fablica adscrita al Ministerio para la Transici\u00f3n Ecol\u00f3gica\",\"potentialAction\":[{\"@type\":\"SearchAction\",\"target\":{\"@type\":\"EntryPoint\",\"urlTemplate\":\"https:\/\/fundacion-biodiversidad.es\/en\/?s={search_term_string}\"},\"query-input\":{\"@type\":\"PropertyValueSpecification\",\"valueRequired\":true,\"valueName\":\"search_term_string\"}}],\"inLanguage\":\"en-US\"}]}<\/script>\n<!-- \/ Yoast SEO plugin. -->","yoast_head_json":{"title":"The Biodiversity Foundation and the AECI will carry out nature conservation and sustainable development activities in Mauritania - Fundaci\u00f3n Biodiversidad","robots":{"index":"index","follow":"follow","max-snippet":"max-snippet:-1","max-image-preview":"max-image-preview:large","max-video-preview":"max-video-preview:-1"},"canonical":"https:\/\/fundacion-biodiversidad.es\/en\/actualidad_home\/the-biodiversity-foundation-and-the-aeci-will-carry-out-nature-conservation-and-sustainable-development-activities-in-mauritania\/","og_locale":"en_US","og_type":"article","og_title":"The Biodiversity Foundation and the AECI will carry out nature conservation and sustainable development activities in Mauritania - Fundaci\u00f3n Biodiversidad","og_description":"The Biodiversity Foundation of the Ministry of the Environment and the Spanish Agency for International Cooperation, AECI, have signed a collaboration agreement today in Madrid [&hellip;]","og_url":"https:\/\/fundacion-biodiversidad.es\/en\/actualidad_home\/the-biodiversity-foundation-and-the-aeci-will-carry-out-nature-conservation-and-sustainable-development-activities-in-mauritania\/","og_site_name":"Fundaci\u00f3n Biodiversidad","og_image":[{"width":720,"height":405,"url":"https:\/\/fundacion-biodiversidad.es\/wp-content\/uploads\/2023\/01\/2487661294_35330241_720x405.png","type":"image\/png"}],"twitter_card":"summary_large_image","twitter_misc":{"Est. reading time":"2 minutes"},"schema":{"@context":"https:\/\/schema.org","@graph":[{"@type":"WebPage","@id":"https:\/\/fundacion-biodiversidad.es\/en\/actualidad_home\/the-biodiversity-foundation-and-the-aeci-will-carry-out-nature-conservation-and-sustainable-development-activities-in-mauritania\/","url":"https:\/\/fundacion-biodiversidad.es\/en\/actualidad_home\/the-biodiversity-foundation-and-the-aeci-will-carry-out-nature-conservation-and-sustainable-development-activities-in-mauritania\/","name":"The Biodiversity Foundation and the AECI will carry out nature conservation and sustainable development activities in Mauritania - Fundaci\u00f3n Biodiversidad","isPartOf":{"@id":"https:\/\/fundacion-biodiversidad.es\/en\/#website"},"primaryImageOfPage":{"@id":"https:\/\/fundacion-biodiversidad.es\/en\/actualidad_home\/the-biodiversity-foundation-and-the-aeci-will-carry-out-nature-conservation-and-sustainable-development-activities-in-mauritania\/#primaryimage"},"image":{"@id":"https:\/\/fundacion-biodiversidad.es\/en\/actualidad_home\/the-biodiversity-foundation-and-the-aeci-will-carry-out-nature-conservation-and-sustainable-development-activities-in-mauritania\/#primaryimage"},"thumbnailUrl":"https:\/\/fundacion-biodiversidad.es\/wp-content\/uploads\/2014\/05\/act_20070613_01_0.jpg","datePublished":"2014-03-24T15:22:50+00:00","breadcrumb":{"@id":"https:\/\/fundacion-biodiversidad.es\/en\/actualidad_home\/the-biodiversity-foundation-and-the-aeci-will-carry-out-nature-conservation-and-sustainable-development-activities-in-mauritania\/#breadcrumb"},"inLanguage":"en-US","potentialAction":[{"@type":"ReadAction","target":["https:\/\/fundacion-biodiversidad.es\/en\/actualidad_home\/the-biodiversity-foundation-and-the-aeci-will-carry-out-nature-conservation-and-sustainable-development-activities-in-mauritania\/"]}]},{"@type":"ImageObject","inLanguage":"en-US","@id":"https:\/\/fundacion-biodiversidad.es\/en\/actualidad_home\/the-biodiversity-foundation-and-the-aeci-will-carry-out-nature-conservation-and-sustainable-development-activities-in-mauritania\/#primaryimage","url":"https:\/\/fundacion-biodiversidad.es\/wp-content\/uploads\/2014\/05\/act_20070613_01_0.jpg","contentUrl":"https:\/\/fundacion-biodiversidad.es\/wp-content\/uploads\/2014\/05\/act_20070613_01_0.jpg","width":220,"height":179},{"@type":"BreadcrumbList","@id":"https:\/\/fundacion-biodiversidad.es\/en\/actualidad_home\/the-biodiversity-foundation-and-the-aeci-will-carry-out-nature-conservation-and-sustainable-development-activities-in-mauritania\/#breadcrumb","itemListElement":[{"@type":"ListItem","position":1,"name":"Portada","item":"https:\/\/fundacion-biodiversidad.es\/en\/inicio\/"},{"@type":"ListItem","position":2,"name":"Noticias de actualidad","item":"https:\/\/fundacion-biodiversidad.es\/en\/actualidad_home\/"},{"@type":"ListItem","position":3,"name":"The Biodiversity Foundation and the AECI will carry out nature conservation and sustainable development activities in Mauritania"}]},{"@type":"WebSite","@id":"https:\/\/fundacion-biodiversidad.es\/en\/#website","url":"https:\/\/fundacion-biodiversidad.es\/en\/","name":"Fundaci\u00f3n Biodiversidad","description":"Fundaci\u00f3n p\u00fablica adscrita al Ministerio para la Transici\u00f3n Ecol\u00f3gica","potentialAction":[{"@type":"SearchAction","target":{"@type":"EntryPoint","urlTemplate":"https:\/\/fundacion-biodiversidad.es\/en\/?s={search_term_string}"},"query-input":{"@type":"PropertyValueSpecification","valueRequired":true,"valueName":"search_term_string"}}],"inLanguage":"en-US"}]}},"_links":{"self":[{"href":"https:\/\/fundacion-biodiversidad.es\/en\/wp-json\/wp\/v2\/actualidad_home\/97857401","targetHints":{"allow":["GET"]}}],"collection":[{"href":"https:\/\/fundacion-biodiversidad.es\/en\/wp-json\/wp\/v2\/actualidad_home"}],"about":[{"href":"https:\/\/fundacion-biodiversidad.es\/en\/wp-json\/wp\/v2\/types\/actualidad_home"}],"author":[{"embeddable":true,"href":"https:\/\/fundacion-biodiversidad.es\/en\/wp-json\/wp\/v2\/users\/11"}],"wp:featuredmedia":[{"embeddable":true,"href":"https:\/\/fundacion-biodiversidad.es\/en\/wp-json\/wp\/v2\/media\/35376"}],"wp:attachment":[{"href":"https:\/\/fundacion-biodiversidad.es\/en\/wp-json\/wp\/v2\/media?parent=97857401"}],"wp:term":[{"taxonomy":"palabras_clave","embeddable":true,"href":"https:\/\/fundacion-biodiversidad.es\/en\/wp-json\/wp\/v2\/palabras_clave?post=97857401"}],"curies":[{"name":"wp","href":"https:\/\/api.w.org\/{rel}","templated":true}]}}