{"id":97857406,"date":"2014-03-24T16:22:50","date_gmt":"2014-03-24T15:22:50","guid":{"rendered":"https:\/\/fundacion-biodiversidad.es\/actualidad_home\/cristina-narbona-presents-finca-raixa-as-an-environmental-centre\/"},"modified":"2014-03-24T16:22:50","modified_gmt":"2014-03-24T15:22:50","slug":"cristina-narbona-presents-finca-raixa-as-an-environmental-centre","status":"publish","type":"actualidad_home","link":"https:\/\/fundacion-biodiversidad.es\/en\/actualidad_home\/cristina-narbona-presents-finca-raixa-as-an-environmental-centre\/","title":{"rendered":"Cristina Narbona presents Finca Raixa as an environmental centre"},"content":{"rendered":"<p>The Minister of the Environment, Cristina Narbona, together with the president of the Consell de Mallorca, Francina Armengol, presided over the presentation of Finca Raixa as an environmental centre this afternoon. During the event, which took place in the courtyard of the main building of the estate, they were accompanied by the president of the Balearic Government, Francesc Antich, and the mayor of Bunyola, Jaume Isern.   <\/p>\n<p><!--more--><\/p>\n<p>The building of this emblematic Mallorcan estate, owned by the Biodiversity Foundation of the Ministry of the Environment and the Consell de Mallorca, has been rehabilitated to become an environmental and cultural centre, which will host training and awareness-raising activities such as conferences, courses, seminars or meetings of scientific committees. Likewise, institutions such as the University of the Balearic Islands or the Men\u00e9ndez Pelayo International University will organize activities in Raixa, and it will be the headquarters of international environmental organizations with which negotiations are underway.   <\/p>\n<p>  On the other hand, once the rehabilitation of the gardens has been completed, Raixa will open its doors to the public through visits with access to the windmill, the old chapel, the gardens or the staircases, so that citizens can get to know and enjoy the estate.  <\/p>\n<p>  The Biodiversity Foundation has invested about 9 million euros in the rehabilitation of the Raixa estate, in addition to what it cost to acquire it in 2002. The restoration actions undertaken in the main building have been aimed at a comprehensive rehabilitation of the same, necessary due to the passage of time without continuous maintenance. On the one hand, special care has been taken to try to preserve the uniqueness of this rural building and, on the other, the equipment and facilities that will demand the new planned uses have been incorporated.    <\/p>\n<p>  Among the works carried out is the recovery of fa\u00e7ades and wooden beam slabs, the restoration of balustrades, arcades, vaults and temples, the paving of the central courtyard, the integration of the new roofs, flooring and carpentry, the recovery of chimneys, ponds, etc., for which traditional methods have been used and, in many cases,  Craft.  <\/p>\n<p>  As for the equipment required by the new uses of the estate, it is worth noting the integration effort made to ensure that the contrast between styles does not stand out. Among these actions are the new car park and the access road to the main building, paved in the traditional way, and the location of the air conditioning centre and the power line, semi-hidden among the vegetation of the garden. Integrated into the interior of the building are the necessary facilities for public use, such as voice and data networks, air conditioning systems, fire protection, lifts, etc.    <\/p>\n<p>  On the other hand, the rehabilitation of the other existing rooms on the estate, as well as the historic gardens of Raixa, is planned in the short term, for which it will be necessary to recover ornamental elements, the conditioning of lighting and gardening work.  <br \/>\n&nbsp;<\/p>\n","protected":false},"author":11,"featured_media":0,"template":"","meta":{"_acf_changed":false},"palabras_clave":[],"class_list":["post-97857406","actualidad_home","type-actualidad_home","status-publish","hentry"],"acf":[],"yoast_head":"<!-- This site is optimized with the Yoast SEO plugin v26.9 - https:\/\/yoast.com\/product\/yoast-seo-wordpress\/ -->\n<title>Cristina Narbona presents Finca Raixa as an environmental centre - Fundaci\u00f3n Biodiversidad<\/title>\n<meta name=\"robots\" content=\"index, follow, max-snippet:-1, max-image-preview:large, max-video-preview:-1\" \/>\n<link rel=\"canonical\" href=\"https:\/\/fundacion-biodiversidad.es\/en\/actualidad_home\/cristina-narbona-presents-finca-raixa-as-an-environmental-centre\/\" \/>\n<meta property=\"og:locale\" content=\"en_US\" \/>\n<meta property=\"og:type\" content=\"article\" \/>\n<meta property=\"og:title\" content=\"Cristina Narbona presents Finca Raixa as an environmental centre - Fundaci\u00f3n Biodiversidad\" \/>\n<meta property=\"og:description\" content=\"The Minister of the Environment, Cristina Narbona, together with the president of the Consell de Mallorca, Francina Armengol, presided over the presentation of Finca Raixa [&hellip;]\" \/>\n<meta property=\"og:url\" content=\"https:\/\/fundacion-biodiversidad.es\/en\/actualidad_home\/cristina-narbona-presents-finca-raixa-as-an-environmental-centre\/\" \/>\n<meta property=\"og:site_name\" content=\"Fundaci\u00f3n Biodiversidad\" \/>\n<meta property=\"og:image\" content=\"https:\/\/fundacion-biodiversidad.es\/wp-content\/uploads\/2023\/01\/2487661294_35330241_720x405.png\" \/>\n\t<meta property=\"og:image:width\" content=\"720\" \/>\n\t<meta property=\"og:image:height\" content=\"405\" \/>\n\t<meta property=\"og:image:type\" content=\"image\/png\" \/>\n<meta name=\"twitter:card\" content=\"summary_large_image\" \/>\n<meta name=\"twitter:label1\" content=\"Est. reading time\" \/>\n\t<meta name=\"twitter:data1\" content=\"2 minutes\" \/>\n<script type=\"application\/ld+json\" class=\"yoast-schema-graph\">{\"@context\":\"https:\/\/schema.org\",\"@graph\":[{\"@type\":\"WebPage\",\"@id\":\"https:\/\/fundacion-biodiversidad.es\/en\/actualidad_home\/cristina-narbona-presents-finca-raixa-as-an-environmental-centre\/\",\"url\":\"https:\/\/fundacion-biodiversidad.es\/en\/actualidad_home\/cristina-narbona-presents-finca-raixa-as-an-environmental-centre\/\",\"name\":\"Cristina Narbona presents Finca Raixa as an environmental centre - Fundaci\u00f3n Biodiversidad\",\"isPartOf\":{\"@id\":\"https:\/\/fundacion-biodiversidad.es\/en\/#website\"},\"datePublished\":\"2014-03-24T15:22:50+00:00\",\"breadcrumb\":{\"@id\":\"https:\/\/fundacion-biodiversidad.es\/en\/actualidad_home\/cristina-narbona-presents-finca-raixa-as-an-environmental-centre\/#breadcrumb\"},\"inLanguage\":\"en-US\",\"potentialAction\":[{\"@type\":\"ReadAction\",\"target\":[\"https:\/\/fundacion-biodiversidad.es\/en\/actualidad_home\/cristina-narbona-presents-finca-raixa-as-an-environmental-centre\/\"]}]},{\"@type\":\"BreadcrumbList\",\"@id\":\"https:\/\/fundacion-biodiversidad.es\/en\/actualidad_home\/cristina-narbona-presents-finca-raixa-as-an-environmental-centre\/#breadcrumb\",\"itemListElement\":[{\"@type\":\"ListItem\",\"position\":1,\"name\":\"Portada\",\"item\":\"https:\/\/fundacion-biodiversidad.es\/en\/inicio\/\"},{\"@type\":\"ListItem\",\"position\":2,\"name\":\"Noticias de actualidad\",\"item\":\"https:\/\/fundacion-biodiversidad.es\/en\/actualidad_home\/\"},{\"@type\":\"ListItem\",\"position\":3,\"name\":\"Cristina Narbona presents Finca Raixa as an environmental centre\"}]},{\"@type\":\"WebSite\",\"@id\":\"https:\/\/fundacion-biodiversidad.es\/en\/#website\",\"url\":\"https:\/\/fundacion-biodiversidad.es\/en\/\",\"name\":\"Fundaci\u00f3n Biodiversidad\",\"description\":\"Fundaci\u00f3n p\u00fablica adscrita al Ministerio para la Transici\u00f3n Ecol\u00f3gica\",\"potentialAction\":[{\"@type\":\"SearchAction\",\"target\":{\"@type\":\"EntryPoint\",\"urlTemplate\":\"https:\/\/fundacion-biodiversidad.es\/en\/?s={search_term_string}\"},\"query-input\":{\"@type\":\"PropertyValueSpecification\",\"valueRequired\":true,\"valueName\":\"search_term_string\"}}],\"inLanguage\":\"en-US\"}]}<\/script>\n<!-- \/ Yoast SEO plugin. -->","yoast_head_json":{"title":"Cristina Narbona presents Finca Raixa as an environmental centre - Fundaci\u00f3n Biodiversidad","robots":{"index":"index","follow":"follow","max-snippet":"max-snippet:-1","max-image-preview":"max-image-preview:large","max-video-preview":"max-video-preview:-1"},"canonical":"https:\/\/fundacion-biodiversidad.es\/en\/actualidad_home\/cristina-narbona-presents-finca-raixa-as-an-environmental-centre\/","og_locale":"en_US","og_type":"article","og_title":"Cristina Narbona presents Finca Raixa as an environmental centre - Fundaci\u00f3n Biodiversidad","og_description":"The Minister of the Environment, Cristina Narbona, together with the president of the Consell de Mallorca, Francina Armengol, presided over the presentation of Finca Raixa [&hellip;]","og_url":"https:\/\/fundacion-biodiversidad.es\/en\/actualidad_home\/cristina-narbona-presents-finca-raixa-as-an-environmental-centre\/","og_site_name":"Fundaci\u00f3n Biodiversidad","og_image":[{"width":720,"height":405,"url":"https:\/\/fundacion-biodiversidad.es\/wp-content\/uploads\/2023\/01\/2487661294_35330241_720x405.png","type":"image\/png"}],"twitter_card":"summary_large_image","twitter_misc":{"Est. reading time":"2 minutes"},"schema":{"@context":"https:\/\/schema.org","@graph":[{"@type":"WebPage","@id":"https:\/\/fundacion-biodiversidad.es\/en\/actualidad_home\/cristina-narbona-presents-finca-raixa-as-an-environmental-centre\/","url":"https:\/\/fundacion-biodiversidad.es\/en\/actualidad_home\/cristina-narbona-presents-finca-raixa-as-an-environmental-centre\/","name":"Cristina Narbona presents Finca Raixa as an environmental centre - Fundaci\u00f3n Biodiversidad","isPartOf":{"@id":"https:\/\/fundacion-biodiversidad.es\/en\/#website"},"datePublished":"2014-03-24T15:22:50+00:00","breadcrumb":{"@id":"https:\/\/fundacion-biodiversidad.es\/en\/actualidad_home\/cristina-narbona-presents-finca-raixa-as-an-environmental-centre\/#breadcrumb"},"inLanguage":"en-US","potentialAction":[{"@type":"ReadAction","target":["https:\/\/fundacion-biodiversidad.es\/en\/actualidad_home\/cristina-narbona-presents-finca-raixa-as-an-environmental-centre\/"]}]},{"@type":"BreadcrumbList","@id":"https:\/\/fundacion-biodiversidad.es\/en\/actualidad_home\/cristina-narbona-presents-finca-raixa-as-an-environmental-centre\/#breadcrumb","itemListElement":[{"@type":"ListItem","position":1,"name":"Portada","item":"https:\/\/fundacion-biodiversidad.es\/en\/inicio\/"},{"@type":"ListItem","position":2,"name":"Noticias de actualidad","item":"https:\/\/fundacion-biodiversidad.es\/en\/actualidad_home\/"},{"@type":"ListItem","position":3,"name":"Cristina Narbona presents Finca Raixa as an environmental centre"}]},{"@type":"WebSite","@id":"https:\/\/fundacion-biodiversidad.es\/en\/#website","url":"https:\/\/fundacion-biodiversidad.es\/en\/","name":"Fundaci\u00f3n Biodiversidad","description":"Fundaci\u00f3n p\u00fablica adscrita al Ministerio para la Transici\u00f3n Ecol\u00f3gica","potentialAction":[{"@type":"SearchAction","target":{"@type":"EntryPoint","urlTemplate":"https:\/\/fundacion-biodiversidad.es\/en\/?s={search_term_string}"},"query-input":{"@type":"PropertyValueSpecification","valueRequired":true,"valueName":"search_term_string"}}],"inLanguage":"en-US"}]}},"_links":{"self":[{"href":"https:\/\/fundacion-biodiversidad.es\/en\/wp-json\/wp\/v2\/actualidad_home\/97857406","targetHints":{"allow":["GET"]}}],"collection":[{"href":"https:\/\/fundacion-biodiversidad.es\/en\/wp-json\/wp\/v2\/actualidad_home"}],"about":[{"href":"https:\/\/fundacion-biodiversidad.es\/en\/wp-json\/wp\/v2\/types\/actualidad_home"}],"author":[{"embeddable":true,"href":"https:\/\/fundacion-biodiversidad.es\/en\/wp-json\/wp\/v2\/users\/11"}],"wp:attachment":[{"href":"https:\/\/fundacion-biodiversidad.es\/en\/wp-json\/wp\/v2\/media?parent=97857406"}],"wp:term":[{"taxonomy":"palabras_clave","embeddable":true,"href":"https:\/\/fundacion-biodiversidad.es\/en\/wp-json\/wp\/v2\/palabras_clave?post=97857406"}],"curies":[{"name":"wp","href":"https:\/\/api.w.org\/{rel}","templated":true}]}}